{"id":721,"date":"2017-02-02T21:33:48","date_gmt":"2017-02-02T23:33:48","guid":{"rendered":"https:\/\/tvnovelas.com.br\/page2\/arquivo\/?p=721"},"modified":"2017-02-02T21:42:27","modified_gmt":"2017-02-02T23:42:27","slug":"o-profeta","status":"publish","type":"post","link":"https:\/\/tvnovelas.com.br\/page2\/arquivo\/o-profeta\/","title":{"rendered":"O Profeta"},"content":{"rendered":"<p><img decoding=\"async\" src=\"http:\/\/www.caetenews.com.br\/page\/media\/62\/novela_oprofeta_logo.jpg\" \/><br \/>\n<strong>O bem e o mal da clarivid\u00eancia<\/strong><br \/>\n<img decoding=\"async\" src=\"http:\/\/www.caetenews.com.br\/page\/media\/62\/oprofeta01.jpg\" \/><\/p>\n<p>Ambientada nos anos 50, a hist\u00f3ria se passa na Barra Funda, bairro de origem industrial de S\u00e3o Paulo, e parte da trama se desenrola em uma f\u00e1brica de cristal artesanal, um elemento simb\u00f3lico que representa a clarivid\u00eancia, a capacidade de ver al\u00e9m da realidade. Com um dom especial, Marcos (Thiago Fragoso) previa acontecimentos desde menino, fato que o incomodava j\u00e1 que nem sempre conseguia entender o significado dessas mensagens.<br \/>\nAt\u00e9 que um dia ele entende o aviso que lhe foi dado mais de uma vez: Marcos pressente a morte do irm\u00e3o mais novo, mas n\u00e3o consegue salv\u00e1-lo. Desesperado, come\u00e7a a questionar o seu dom. Afinal, de que adianta prever o futuro, se n\u00e3o \u00e9 capaz de salvar nem a vida do pr\u00f3prio irm\u00e3o?<br \/>\nAtormentado pela culpa, ele se muda para S\u00e3o Paulo, onde passa a viver com a irm\u00e3 Ester (Vera Zimmermann). Ao chegar \u00e0 cidade grande, perdido e sem dinheiro, Marcos acaba esbarrando em S\u00f4nia (Paola Oliveira). Os olhares se cruzam e o profeta tem a mais bela vis\u00e3o de sua vida \u2013 a dele e S\u00f4nia, juntos, para sempre! E confessa, para uma S\u00f4nia at\u00f4nita: ela \u00e9 a mulher de sua vida. Assustada, a mo\u00e7a se desvencilha do rapaz inoportuno que acaba de conhecer, fica perturbada com a revela\u00e7\u00e3o e vai embora, sem deixar pistas.<br \/>\nAssim que consegue se estabelecer na cidade, Marcos vai \u00e0 f\u00e1brica de cristais de Cl\u00f3vis (Dalton Vigh) para tentar um trabalho. Ao chegar \u00e0 empresa, no entanto, a surpresa: S\u00f4nia trabalha na f\u00e1brica e \u00e9 nada menos do que a namorada de seu primo Camilo (Malvino Salvador). Feliz e ao mesmo tempo confuso, Marcos n\u00e3o sabe o que pensar: finalmente ele reencontrou a mulher de sua vida, mas, por ironia do destino, ela \u00e9 comprometida n\u00e3o apenas com um parente seu, mas tamb\u00e9m com uma das pessoas que mais tem lhe dado apoio. O que fazer?<br \/>\nO amor que sente por S\u00f4nia, por\u00e9m, \u00e9 mais forte e Marcos implora por um encontro. S\u00f4nia, tamb\u00e9m muito perturbada, n\u00e3o resiste e aceita. Ela, que sempre foi vista como uma mo\u00e7a respons\u00e1vel, muda com a for\u00e7a do amor. Diz n\u00e3o a uma proposta de casamento de Camilo e passa a namorar Marcos, um rapaz sem emprego, mas totalmente apaixonado por ela.<br \/>\nDescontrolado, Camilo decide se vingar de forma inteligente e encontra a parceira ideal para isso. Descartada por Cl\u00f3vis, Ruth (Carol Castro) se une a Camilo para acabar com o namoro de Marcos e S\u00f4nia. Interesseira, ela v\u00ea em Marcos um homem que pode fazer fortuna se explorar o dom que possui.<br \/>\nAl\u00e9m dos obst\u00e1culos criados por Camilo e Ruth, o amor de Marcos e S\u00f4nia tamb\u00e9m ser\u00e1 colocado \u00e0 prova pela fama que o dom do profeta proporciona. Marcos come\u00e7a a usar regularmente seu dom em benef\u00edcio pr\u00f3prio, se deixando levar pela vaidade e pela ambi\u00e7\u00e3o, deturpando seus princ\u00edpios morais e o afastando cada vez mais do amor de sua vida. O jovem, ent\u00e3o, entra em conflito e se questiona sobre qual o melhor caminho a seguir: o de utilizar seu dom para obter vantagens materiais ou apenas para ajudar o pr\u00f3ximo?<br \/>\nA novela foi exibida pela Globo entre 16 de outubro de 2006 e 11 de maio de 2007, com um total de 178 cap\u00edtulos.<\/p>\n<p><b>Veja tamb\u00e9m:<\/b><br \/>\n<a href=\"https:\/\/tvnovelas.com.br\/page2\/arquivo\/o-profeta-quem-e-quem\/\">O Profeta &#8211; Quem \u00e9 quem<\/a><\/p>\n","protected":false},"excerpt":{"rendered":"<p>O bem e o mal da clarivid\u00eancia Ambientada nos anos 50, a hist\u00f3ria se passa na Barra Funda, bairro de&#8230;<\/p>\n","protected":false},"author":1,"featured_media":0,"comment_status":"closed","ping_status":"open","sticky":false,"template":"","format":"standard","meta":{"_monsterinsights_skip_tracking":false,"_monsterinsights_sitenote_active":false,"_monsterinsights_sitenote_note":"","_monsterinsights_sitenote_category":0,"_jetpack_memberships_contains_paid_content":false,"footnotes":"","jetpack_publicize_message":"","jetpack_publicize_feature_enabled":true,"jetpack_social_post_already_shared":false,"jetpack_social_options":{"image_generator_settings":{"template":"highway","default_image_id":0,"font":"","enabled":false},"version":2}},"categories":[1,2],"tags":[11,8],"class_list":["post-721","post","type-post","status-publish","format-standard","hentry","category-blog","category-globo","tag-globo","tag-sinopse","wpcat-1-id","wpcat-2-id"],"aioseo_notices":[],"jetpack_publicize_connections":[],"jetpack_featured_media_url":"","jetpack_shortlink":"https:\/\/wp.me\/pfspD2-bD","jetpack-related-posts":[{"id":1005,"url":"https:\/\/tvnovelas.com.br\/page2\/arquivo\/meu-bem-meu-mal\/","url_meta":{"origin":721,"position":0},"title":"Meu Bem, Meu Mal","author":"Paulo Ant\u00f4nio","date":"05\/02\/2017","format":false,"excerpt":"Segredos, vingan\u00e7as, intrigas e trai\u00e7\u00f5es costuram as rela\u00e7\u00f5es de amor e \u00f3dio em 'Meu Bem, Meu Mal' -sucesso de Cassiano Gabus Mendes. Ambientada em S\u00e3o Paulo, a hist\u00f3ria tem como tema central o embate de poder entre familiares pelo comando da Venturini Designers. Produzido em 1990, pela Globo, o folhetim\u2026","rel":"","context":"Em &quot;Blog&quot;","block_context":{"text":"Blog","link":"https:\/\/tvnovelas.com.br\/page2\/arquivo\/category\/blog\/"},"img":{"alt_text":"","src":"","width":0,"height":0},"classes":[]},{"id":912,"url":"https:\/\/tvnovelas.com.br\/page2\/arquivo\/alto-astral\/","url_meta":{"origin":721,"position":1},"title":"Alto Astral: Dois irm\u00e3os, uma mulher e uma heran\u00e7a","author":"Paulo Ant\u00f4nio","date":"05\/02\/2017","format":false,"excerpt":"Alto Astral pretende contar uma dessas hist\u00f3rias de amor que desafiam a raz\u00e3o e nos fazem perguntar se n\u00e3o existe mesmo o tal destino. A trama se passa em uma cidade fict\u00edcia no interior de S\u00e3o Paulo e tem um hospital como um dos cen\u00e1rios principais. O protagonista \u00e9 Ca\u00edque\u2026","rel":"","context":"Em &quot;Blog&quot;","block_context":{"text":"Blog","link":"https:\/\/tvnovelas.com.br\/page2\/arquivo\/category\/blog\/"},"img":{"alt_text":"","src":"","width":0,"height":0},"classes":[]},{"id":1181,"url":"https:\/\/tvnovelas.com.br\/page2\/arquivo\/novo-mundo-como-tudo-comecou\/","url_meta":{"origin":721,"position":2},"title":"Novo Mundo: Como tudo come\u00e7ou&#8230;","author":"Paulo Ant\u00f4nio","date":"23\/02\/2017","format":false,"excerpt":"Novo Mundo, novela das seis da Globo em exibi\u00e7\u00e3o a partir de mar\u00e7o, retrata a constru\u00e7\u00e3o do novo pa\u00eds que acabou formando o Brasil de hoje. Ali, o p\u00fablico poder\u00e1 ver como foi constru\u00eddo o famoso jeitinho brasileiro, no que resultaram as influ\u00eancias europeias, africanas e ind\u00edgenas, a mistura de\u2026","rel":"","context":"Em &quot;Blog&quot;","block_context":{"text":"Blog","link":"https:\/\/tvnovelas.com.br\/page2\/arquivo\/category\/blog\/"},"img":{"alt_text":"","src":"https:\/\/i0.wp.com\/tvnovelas.com.br\/page2\/arquivo\/wp-content\/uploads\/2017\/02\/novomundo01.jpg?resize=350%2C200&ssl=1","width":350,"height":200},"classes":[]},{"id":717,"url":"https:\/\/tvnovelas.com.br\/page2\/arquivo\/o-profeta-quem-e-quem\/","url_meta":{"origin":721,"position":3},"title":"O Profeta: Quem \u00e9 quem","author":"Paulo Ant\u00f4nio","date":"02\/02\/2017","format":false,"excerpt":"Todos os personagens Thiago Fragoso (Marcos) Rapaz bonito e carism\u00e1tico que desde cedo manifesta o dom da clarivid\u00eancia. Criado em um calmo s\u00edtio por seus pais, Ana (Vera Holtz) e Jac\u00f3 (St\u00eanio Garcia), vai morar em S\u00e3o Paulo na casa de sua irm\u00e3 Ester (Vera Zimmermann), ap\u00f3s a morte do\u2026","rel":"","context":"Em &quot;Blog&quot;","block_context":{"text":"Blog","link":"https:\/\/tvnovelas.com.br\/page2\/arquivo\/category\/blog\/"},"img":{"alt_text":"","src":"","width":0,"height":0},"classes":[]},{"id":631,"url":"https:\/\/tvnovelas.com.br\/page2\/arquivo\/amor-eterno-amor\/","url_meta":{"origin":721,"position":4},"title":"Amor Eterno Amor","author":"Paulo Ant\u00f4nio","date":"02\/02\/2017","format":false,"excerpt":"Em busca do amor perdido (Foto: Alex Carvalho\/TV Globo) Amor Eterno Amor, de Elizabeth Jhin com dire\u00e7\u00e3o de n\u00facleo de Rog\u00e9rio Gomes, \u00e9 um folhetim que mostra a hist\u00f3ria de uma jornada em busca de respostas e de um grande amor do passado. O amor que a empres\u00e1ria Verbena Borges\u2026","rel":"","context":"Em &quot;Blog&quot;","block_context":{"text":"Blog","link":"https:\/\/tvnovelas.com.br\/page2\/arquivo\/category\/blog\/"},"img":{"alt_text":"","src":"","width":0,"height":0},"classes":[]},{"id":966,"url":"https:\/\/tvnovelas.com.br\/page2\/arquivo\/malhacao-2015\/","url_meta":{"origin":721,"position":5},"title":"Malha\u00e7\u00e3o 2015: &#8216;Seu Lugar no Mundo&#8217;","author":"Paulo Ant\u00f4nio","date":"05\/02\/2017","format":false,"excerpt":"Vitor Novello e Marina Moschen, protagonistas A nova temporada de Malha\u00e7\u00e3o, com in\u00edcio em agosto de 2015, chamada de Seu Lugar no Mundo, vai tratar de um assunto pol\u00eamico - o ensino p\u00fablico brasileiro. A trama, escrita por Emanuel Jacobina, vai focar nos dramas e na rivalidade que existem entre\u2026","rel":"","context":"Em &quot;Blog&quot;","block_context":{"text":"Blog","link":"https:\/\/tvnovelas.com.br\/page2\/arquivo\/category\/blog\/"},"img":{"alt_text":"","src":"https:\/\/i0.wp.com\/tvnovelas.com.br\/page2\/arquivo\/wp-content\/uploads\/sites\/3\/2017\/02\/malhacao201501-300x230.jpg?resize=350%2C200&ssl=1","width":350,"height":200},"classes":[]}],"jetpack_sharing_enabled":true,"_links":{"self":[{"href":"https:\/\/tvnovelas.com.br\/page2\/arquivo\/wp-json\/wp\/v2\/posts\/721","targetHints":{"allow":["GET"]}}],"collection":[{"href":"https:\/\/tvnovelas.com.br\/page2\/arquivo\/wp-json\/wp\/v2\/posts"}],"about":[{"href":"https:\/\/tvnovelas.com.br\/page2\/arquivo\/wp-json\/wp\/v2\/types\/post"}],"author":[{"embeddable":true,"href":"https:\/\/tvnovelas.com.br\/page2\/arquivo\/wp-json\/wp\/v2\/users\/1"}],"replies":[{"embeddable":true,"href":"https:\/\/tvnovelas.com.br\/page2\/arquivo\/wp-json\/wp\/v2\/comments?post=721"}],"version-history":[{"count":4,"href":"https:\/\/tvnovelas.com.br\/page2\/arquivo\/wp-json\/wp\/v2\/posts\/721\/revisions"}],"predecessor-version":[{"id":725,"href":"https:\/\/tvnovelas.com.br\/page2\/arquivo\/wp-json\/wp\/v2\/posts\/721\/revisions\/725"}],"wp:attachment":[{"href":"https:\/\/tvnovelas.com.br\/page2\/arquivo\/wp-json\/wp\/v2\/media?parent=721"}],"wp:term":[{"taxonomy":"category","embeddable":true,"href":"https:\/\/tvnovelas.com.br\/page2\/arquivo\/wp-json\/wp\/v2\/categories?post=721"},{"taxonomy":"post_tag","embeddable":true,"href":"https:\/\/tvnovelas.com.br\/page2\/arquivo\/wp-json\/wp\/v2\/tags?post=721"}],"curies":[{"name":"wp","href":"https:\/\/api.w.org\/{rel}","templated":true}]}}