{"id":3707,"date":"2026-07-13T11:14:34","date_gmt":"2026-07-13T14:14:34","guid":{"rendered":"https:\/\/tvnovelas.com.br\/page2\/arquivo\/?p=3707"},"modified":"2026-07-13T11:14:34","modified_gmt":"2026-07-13T14:14:34","slug":"iludida-a-vida-que-parecia-cor-de-rosa","status":"publish","type":"post","link":"https:\/\/tvnovelas.com.br\/page2\/arquivo\/iludida-a-vida-que-parecia-cor-de-rosa\/","title":{"rendered":"Iludida: A vida que parecia cor-de-rosa"},"content":{"rendered":"<figure id=\"attachment_3708\" aria-describedby=\"caption-attachment-3708\" style=\"width: 590px\" class=\"wp-caption alignnone\"><img loading=\"lazy\" decoding=\"async\" class=\"wp-image-3708 size-medium\" title=\"(Foto: Reprodu\u00e7\u00e3o\/Iludida)\" src=\"https:\/\/tvnovelas.com.br\/page2\/arquivo\/wp-content\/uploads\/2026\/07\/13515-600x338.jpg\" alt=\"Foto em Iludida: A vida que parecia cor-de-rosa\" width=\"600\" height=\"338\" srcset=\"https:\/\/tvnovelas.com.br\/page2\/arquivo\/wp-content\/uploads\/2026\/07\/13515-600x338.jpg 600w, https:\/\/tvnovelas.com.br\/page2\/arquivo\/wp-content\/uploads\/2026\/07\/13515.jpg 728w\" sizes=\"auto, (max-width: 600px) 100vw, 600px\" \/><figcaption id=\"caption-attachment-3708\" class=\"wp-caption-text\">Iludida: A vida que parecia cor-de-rosa<\/figcaption><\/figure>\n<p>Iludida (Sadakatsiz, t\u00edtulo original) \u00e9 uma produ\u00e7\u00e3o turca da Medyap\u0131m e Mednova e exibida pelo Kanal D entre 7 de outubro de 2020 e 25 de maio de 2022. Dirigida por Neslihan Ye\u015filyurt e Benal Tairi, \u00e9 protagonizada por Cansu Dere, Caner Cindoruk e Melis Sezen. No g\u00eanero, trata-se de um drama e suspense. Iludida \u00e9 um remake da s\u00e9rie brit\u00e2nica Doctor Foster, de de Mike Bartlett, produzida e exibida pela BBC em 2015.<\/p>\n<p>A produ\u00e7\u00e3o gira em torno do drama de Asya, uma m\u00e9dica respeitada, que v\u00ea sua vida mudar completamente ap\u00f3s descobrir a trai\u00e7\u00e3o do marido, Volkan.<\/p>\n<p>Com apenas 37 anos, Asya \u00e9 vice-diretora e m\u00e9dica em um hospital da cidade de Tekirda\u011f. Al\u00e9m de ter uma carreira profissional de sucesso, leva uma vida tranquila com o seu marido Volkan e seu filho Ali. Ela parece ter tudo: uma trabalho perfeito, uma casa linda e uma fam\u00edlia feliz. Asya se sente a mulher mais sortuda do mundo, o que mais ela poderia pedir?<\/p>\n<p>Tudo na sua vida parecia ser cor-de-rosa, at\u00e9 que ela descobre um fio de cabelo loiro no cachecol do seu marido, o que a transforma em uma pessoa obsessiva e incapaz de confiar nas pessoas ao seu redor. Por\u00e9m, ela n\u00e3o se engana em desconfiar deles: aos poucos, Asya descobre uma rede de mentiras que a leva a perceber que a sua vida n\u00e3o era t\u00e3o perfeita como ela pensava.<\/p>\n<p>Iludida sucede Cora\u00e7\u00e3o de M\u00e3e na Record a partir de agosto de 2026<\/p>\n","protected":false},"excerpt":{"rendered":"<p>Iludida (Sadakatsiz, t\u00edtulo original) \u00e9 uma produ\u00e7\u00e3o turca da Medyap\u0131m e Mednova e exibida pelo Kanal D entre 7 de outubro de 2020 e 25 de maio de 2022. Dirigida por Neslihan Ye\u015filyurt e Benal Tairi, \u00e9 protagonizada por Cansu Dere, Caner Cindoruk e Melis Sezen. No g\u00eanero, trata-se de um drama e suspense. Iludida &#8230; <a title=\"Iludida: A vida que parecia cor-de-rosa\" class=\"read-more\" href=\"https:\/\/tvnovelas.com.br\/page2\/arquivo\/iludida-a-vida-que-parecia-cor-de-rosa\/\" aria-label=\"More on Iludida: A vida que parecia cor-de-rosa\">Ler mais<\/a><\/p>\n","protected":false},"author":1,"featured_media":3708,"comment_status":"closed","ping_status":"closed","sticky":false,"template":"","format":"standard","meta":{"_monsterinsights_skip_tracking":false,"_jetpack_newsletter_access":"","_jetpack_dont_email_post_to_subs":false,"_jetpack_newsletter_tier_id":0,"_jetpack_memberships_contains_paywalled_content":false,"_jetpack_feature_clip_id":0,"_jetpack_memberships_contains_paid_content":false,"footnotes":"","jetpack_post_was_ever_published":false},"categories":[412],"tags":[413,305,10,414,8],"class_list":["post-3707","post","type-post","status-publish","format-standard","has-post-thumbnail","hentry","category-iludida","tag-iludida","tag-novelas-turcas","tag-record","tag-sadakatsiz","tag-sinopse"],"aioseo_notices":[],"aioseo_head":"\n\t\t<!-- All in One SEO 5.0.1.1 - aioseo.com -->\n\t<meta name=\"description\" content=\"Arquivo de novelas da Globo, SBT, Record, Band, com sinopses e principais personagens. Iludida. Not\u00edcias e Resumos de novelas\" \/>\n\t<meta name=\"robots\" content=\"max-image-preview:large\" \/>\n\t<meta name=\"author\" content=\"Paulo Ant\u00f4nio\"\/>\n\t<link rel=\"canonical\" href=\"https:\/\/tvnovelas.com.br\/page2\/arquivo\/iludida-a-vida-que-parecia-cor-de-rosa\/\" \/>\n\t<meta name=\"generator\" content=\"All in One SEO (AIOSEO) 5.0.1.1\" \/>\n\t\t<meta property=\"og:locale\" content=\"pt_BR\" \/>\n\t\t<meta property=\"og:site_name\" content=\"Arquivo de Novelas | Tramas e personagens\" \/>\n\t\t<meta property=\"og:type\" content=\"article\" \/>\n\t\t<meta property=\"og:title\" content=\"Iludida: A vida que parecia cor-de-rosa | Arquivo de Novelas\" \/>\n\t\t<meta property=\"og:description\" content=\"Arquivo de novelas da Globo, SBT, Record, Band, com sinopses e principais personagens. Iludida. Not\u00edcias e Resumos de novelas\" \/>\n\t\t<meta property=\"og:url\" content=\"https:\/\/tvnovelas.com.br\/page2\/arquivo\/iludida-a-vida-que-parecia-cor-de-rosa\/\" \/>\n\t\t<meta property=\"article:published_time\" content=\"2026-07-13T14:14:34+00:00\" \/>\n\t\t<meta property=\"article:modified_time\" content=\"2026-07-13T14:14:34+00:00\" \/>\n\t\t<meta property=\"article:publisher\" content=\"https:\/\/www.facebook.com\/tevenovelas\" \/>\n\t\t<meta name=\"twitter:card\" content=\"summary_large_image\" \/>\n\t\t<meta name=\"twitter:site\" content=\"@tvnovelas\" \/>\n\t\t<meta name=\"twitter:title\" content=\"Iludida: A vida que parecia cor-de-rosa | Arquivo de Novelas\" \/>\n\t\t<meta name=\"twitter:description\" content=\"Arquivo de novelas da Globo, SBT, Record, Band, com sinopses e principais personagens. Iludida. Not\u00edcias e Resumos de novelas\" \/>\n\t\t<meta name=\"twitter:creator\" content=\"@tvnovelas\" \/>\n\t\t<script type=\"application\/ld+json\" class=\"aioseo-schema\">\n\t\t\t{\"@context\":\"https:\\\/\\\/schema.org\",\"@graph\":[{\"@type\":\"Article\",\"@id\":\"https:\\\/\\\/tvnovelas.com.br\\\/page2\\\/arquivo\\\/iludida-a-vida-que-parecia-cor-de-rosa\\\/#article\",\"name\":\"Iludida: A vida que parecia cor-de-rosa | Arquivo de Novelas\",\"headline\":\"Iludida: A vida que parecia cor-de-rosa\",\"author\":{\"@id\":\"https:\\\/\\\/tvnovelas.com.br\\\/page2\\\/arquivo\\\/author\\\/pauloantoniocaetenews-com-br\\\/#author\"},\"publisher\":{\"@id\":\"https:\\\/\\\/tvnovelas.com.br\\\/page2\\\/arquivo\\\/#organization\"},\"image\":{\"@type\":\"ImageObject\",\"url\":\"https:\\\/\\\/tvnovelas.com.br\\\/page2\\\/arquivo\\\/wp-content\\\/uploads\\\/2026\\\/07\\\/13515.jpg\",\"width\":728,\"height\":410,\"caption\":\"Iludida: A vida que parecia cor-de-rosa\"},\"datePublished\":\"2026-07-13T11:14:34-03:00\",\"dateModified\":\"2026-07-13T11:14:34-03:00\",\"inLanguage\":\"pt-BR\",\"mainEntityOfPage\":{\"@id\":\"https:\\\/\\\/tvnovelas.com.br\\\/page2\\\/arquivo\\\/iludida-a-vida-que-parecia-cor-de-rosa\\\/#webpage\"},\"isPartOf\":{\"@id\":\"https:\\\/\\\/tvnovelas.com.br\\\/page2\\\/arquivo\\\/iludida-a-vida-que-parecia-cor-de-rosa\\\/#webpage\"},\"articleSection\":\"Iludida, Iludida, Novelas Turcas, Record, Sadakatsiz, sinopse\"},{\"@type\":\"BreadcrumbList\",\"@id\":\"https:\\\/\\\/tvnovelas.com.br\\\/page2\\\/arquivo\\\/iludida-a-vida-que-parecia-cor-de-rosa\\\/#breadcrumblist\",\"itemListElement\":[{\"@type\":\"ListItem\",\"@id\":\"https:\\\/\\\/tvnovelas.com.br\\\/page2\\\/arquivo#listItem\",\"position\":1,\"name\":\"Home\",\"item\":\"https:\\\/\\\/tvnovelas.com.br\\\/page2\\\/arquivo\",\"nextItem\":{\"@type\":\"ListItem\",\"@id\":\"https:\\\/\\\/tvnovelas.com.br\\\/page2\\\/arquivo\\\/category\\\/iludida\\\/#listItem\",\"name\":\"Iludida\"}},{\"@type\":\"ListItem\",\"@id\":\"https:\\\/\\\/tvnovelas.com.br\\\/page2\\\/arquivo\\\/category\\\/iludida\\\/#listItem\",\"position\":2,\"name\":\"Iludida\",\"item\":\"https:\\\/\\\/tvnovelas.com.br\\\/page2\\\/arquivo\\\/category\\\/iludida\\\/\",\"nextItem\":{\"@type\":\"ListItem\",\"@id\":\"https:\\\/\\\/tvnovelas.com.br\\\/page2\\\/arquivo\\\/iludida-a-vida-que-parecia-cor-de-rosa\\\/#listItem\",\"name\":\"Iludida: A vida que parecia cor-de-rosa\"},\"previousItem\":{\"@type\":\"ListItem\",\"@id\":\"https:\\\/\\\/tvnovelas.com.br\\\/page2\\\/arquivo#listItem\",\"name\":\"Home\"}},{\"@type\":\"ListItem\",\"@id\":\"https:\\\/\\\/tvnovelas.com.br\\\/page2\\\/arquivo\\\/iludida-a-vida-que-parecia-cor-de-rosa\\\/#listItem\",\"position\":3,\"name\":\"Iludida: A vida que parecia cor-de-rosa\",\"previousItem\":{\"@type\":\"ListItem\",\"@id\":\"https:\\\/\\\/tvnovelas.com.br\\\/page2\\\/arquivo\\\/category\\\/iludida\\\/#listItem\",\"name\":\"Iludida\"}}]},{\"@type\":\"Organization\",\"@id\":\"https:\\\/\\\/tvnovelas.com.br\\\/page2\\\/arquivo\\\/#organization\",\"name\":\"TV Novelas\",\"description\":\"Tramas e personagens\",\"url\":\"https:\\\/\\\/tvnovelas.com.br\\\/page2\\\/arquivo\\\/\",\"logo\":{\"@type\":\"ImageObject\",\"url\":\"https:\\\/\\\/tvnovelas.com.br\\\/page2\\\/arquivo\\\/wp-content\\\/uploads\\\/2020\\\/11\\\/logo192.jpg\",\"@id\":\"https:\\\/\\\/tvnovelas.com.br\\\/page2\\\/arquivo\\\/iludida-a-vida-que-parecia-cor-de-rosa\\\/#organizationLogo\",\"width\":192,\"height\":192},\"image\":{\"@id\":\"https:\\\/\\\/tvnovelas.com.br\\\/page2\\\/arquivo\\\/iludida-a-vida-que-parecia-cor-de-rosa\\\/#organizationLogo\"},\"sameAs\":[\"https:\\\/\\\/www.facebook.com\\\/tevenovelas\",\"https:\\\/\\\/twitter.com\\\/tvnovelas\",\"https:\\\/\\\/www.instagram.com\\\/tvnovelas3\\\/\"]},{\"@type\":\"Person\",\"@id\":\"https:\\\/\\\/tvnovelas.com.br\\\/page2\\\/arquivo\\\/author\\\/pauloantoniocaetenews-com-br\\\/#author\",\"url\":\"https:\\\/\\\/tvnovelas.com.br\\\/page2\\\/arquivo\\\/author\\\/pauloantoniocaetenews-com-br\\\/\",\"name\":\"Paulo Ant\\u00f4nio\",\"image\":{\"@type\":\"ImageObject\",\"@id\":\"https:\\\/\\\/tvnovelas.com.br\\\/page2\\\/arquivo\\\/iludida-a-vida-que-parecia-cor-de-rosa\\\/#authorImage\",\"url\":\"https:\\\/\\\/secure.gravatar.com\\\/avatar\\\/3c5bcbd6b5d39e79ed20e5ee737f6db06858bc0fdbc87619a75f2aaad80807e2?s=96&d=mm&r=g\",\"width\":96,\"height\":96,\"caption\":\"Paulo Ant\\u00f4nio\"}},{\"@type\":\"WebPage\",\"@id\":\"https:\\\/\\\/tvnovelas.com.br\\\/page2\\\/arquivo\\\/iludida-a-vida-que-parecia-cor-de-rosa\\\/#webpage\",\"url\":\"https:\\\/\\\/tvnovelas.com.br\\\/page2\\\/arquivo\\\/iludida-a-vida-que-parecia-cor-de-rosa\\\/\",\"name\":\"Iludida: A vida que parecia cor-de-rosa | Arquivo de Novelas\",\"description\":\"Arquivo de novelas da Globo, SBT, Record, Band, com sinopses e principais personagens. Iludida. Not\\u00edcias e Resumos de novelas\",\"inLanguage\":\"pt-BR\",\"isPartOf\":{\"@id\":\"https:\\\/\\\/tvnovelas.com.br\\\/page2\\\/arquivo\\\/#website\"},\"breadcrumb\":{\"@id\":\"https:\\\/\\\/tvnovelas.com.br\\\/page2\\\/arquivo\\\/iludida-a-vida-que-parecia-cor-de-rosa\\\/#breadcrumblist\"},\"author\":{\"@id\":\"https:\\\/\\\/tvnovelas.com.br\\\/page2\\\/arquivo\\\/author\\\/pauloantoniocaetenews-com-br\\\/#author\"},\"creator\":{\"@id\":\"https:\\\/\\\/tvnovelas.com.br\\\/page2\\\/arquivo\\\/author\\\/pauloantoniocaetenews-com-br\\\/#author\"},\"image\":{\"@type\":\"ImageObject\",\"url\":\"https:\\\/\\\/tvnovelas.com.br\\\/page2\\\/arquivo\\\/wp-content\\\/uploads\\\/2026\\\/07\\\/13515.jpg\",\"@id\":\"https:\\\/\\\/tvnovelas.com.br\\\/page2\\\/arquivo\\\/iludida-a-vida-que-parecia-cor-de-rosa\\\/#mainImage\",\"width\":728,\"height\":410,\"caption\":\"Iludida: A vida que parecia cor-de-rosa\"},\"primaryImageOfPage\":{\"@id\":\"https:\\\/\\\/tvnovelas.com.br\\\/page2\\\/arquivo\\\/iludida-a-vida-que-parecia-cor-de-rosa\\\/#mainImage\"},\"datePublished\":\"2026-07-13T11:14:34-03:00\",\"dateModified\":\"2026-07-13T11:14:34-03:00\"},{\"@type\":\"WebSite\",\"@id\":\"https:\\\/\\\/tvnovelas.com.br\\\/page2\\\/arquivo\\\/#website\",\"url\":\"https:\\\/\\\/tvnovelas.com.br\\\/page2\\\/arquivo\\\/\",\"name\":\"Arquivo de Novelas\",\"description\":\"Tramas e personagens\",\"inLanguage\":\"pt-BR\",\"publisher\":{\"@id\":\"https:\\\/\\\/tvnovelas.com.br\\\/page2\\\/arquivo\\\/#organization\"}}]}\n\t\t<\/script>\n\t\t<!-- All in One SEO -->\n\n","aioseo_head_json":{"title":"Iludida: A vida que parecia cor-de-rosa | Arquivo de Novelas","description":"Arquivo de novelas da Globo, SBT, Record, Band, com sinopses e principais personagens. Iludida. Not\u00edcias e Resumos de novelas","canonical_url":"https:\/\/tvnovelas.com.br\/page2\/arquivo\/iludida-a-vida-que-parecia-cor-de-rosa\/","robots":"max-image-preview:large","keywords":"","webmasterTools":{"miscellaneous":""},"schema":{"@context":"https:\/\/schema.org","@graph":[{"@type":"Article","@id":"https:\/\/tvnovelas.com.br\/page2\/arquivo\/iludida-a-vida-que-parecia-cor-de-rosa\/#article","name":"Iludida: A vida que parecia cor-de-rosa | Arquivo de Novelas","headline":"Iludida: A vida que parecia cor-de-rosa","author":{"@id":"https:\/\/tvnovelas.com.br\/page2\/arquivo\/author\/pauloantoniocaetenews-com-br\/#author"},"publisher":{"@id":"https:\/\/tvnovelas.com.br\/page2\/arquivo\/#organization"},"image":{"@type":"ImageObject","url":"https:\/\/tvnovelas.com.br\/page2\/arquivo\/wp-content\/uploads\/2026\/07\/13515.jpg","width":728,"height":410,"caption":"Iludida: A vida que parecia cor-de-rosa"},"datePublished":"2026-07-13T11:14:34-03:00","dateModified":"2026-07-13T11:14:34-03:00","inLanguage":"pt-BR","mainEntityOfPage":{"@id":"https:\/\/tvnovelas.com.br\/page2\/arquivo\/iludida-a-vida-que-parecia-cor-de-rosa\/#webpage"},"isPartOf":{"@id":"https:\/\/tvnovelas.com.br\/page2\/arquivo\/iludida-a-vida-que-parecia-cor-de-rosa\/#webpage"},"articleSection":"Iludida, Iludida, Novelas Turcas, Record, Sadakatsiz, sinopse"},{"@type":"BreadcrumbList","@id":"https:\/\/tvnovelas.com.br\/page2\/arquivo\/iludida-a-vida-que-parecia-cor-de-rosa\/#breadcrumblist","itemListElement":[{"@type":"ListItem","@id":"https:\/\/tvnovelas.com.br\/page2\/arquivo#listItem","position":1,"name":"Home","item":"https:\/\/tvnovelas.com.br\/page2\/arquivo","nextItem":{"@type":"ListItem","@id":"https:\/\/tvnovelas.com.br\/page2\/arquivo\/category\/iludida\/#listItem","name":"Iludida"}},{"@type":"ListItem","@id":"https:\/\/tvnovelas.com.br\/page2\/arquivo\/category\/iludida\/#listItem","position":2,"name":"Iludida","item":"https:\/\/tvnovelas.com.br\/page2\/arquivo\/category\/iludida\/","nextItem":{"@type":"ListItem","@id":"https:\/\/tvnovelas.com.br\/page2\/arquivo\/iludida-a-vida-que-parecia-cor-de-rosa\/#listItem","name":"Iludida: A vida que parecia cor-de-rosa"},"previousItem":{"@type":"ListItem","@id":"https:\/\/tvnovelas.com.br\/page2\/arquivo#listItem","name":"Home"}},{"@type":"ListItem","@id":"https:\/\/tvnovelas.com.br\/page2\/arquivo\/iludida-a-vida-que-parecia-cor-de-rosa\/#listItem","position":3,"name":"Iludida: A vida que parecia cor-de-rosa","previousItem":{"@type":"ListItem","@id":"https:\/\/tvnovelas.com.br\/page2\/arquivo\/category\/iludida\/#listItem","name":"Iludida"}}]},{"@type":"Organization","@id":"https:\/\/tvnovelas.com.br\/page2\/arquivo\/#organization","name":"TV Novelas","description":"Tramas e personagens","url":"https:\/\/tvnovelas.com.br\/page2\/arquivo\/","logo":{"@type":"ImageObject","url":"https:\/\/tvnovelas.com.br\/page2\/arquivo\/wp-content\/uploads\/2020\/11\/logo192.jpg","@id":"https:\/\/tvnovelas.com.br\/page2\/arquivo\/iludida-a-vida-que-parecia-cor-de-rosa\/#organizationLogo","width":192,"height":192},"image":{"@id":"https:\/\/tvnovelas.com.br\/page2\/arquivo\/iludida-a-vida-que-parecia-cor-de-rosa\/#organizationLogo"},"sameAs":["https:\/\/www.facebook.com\/tevenovelas","https:\/\/twitter.com\/tvnovelas","https:\/\/www.instagram.com\/tvnovelas3\/"]},{"@type":"Person","@id":"https:\/\/tvnovelas.com.br\/page2\/arquivo\/author\/pauloantoniocaetenews-com-br\/#author","url":"https:\/\/tvnovelas.com.br\/page2\/arquivo\/author\/pauloantoniocaetenews-com-br\/","name":"Paulo Ant\u00f4nio","image":{"@type":"ImageObject","@id":"https:\/\/tvnovelas.com.br\/page2\/arquivo\/iludida-a-vida-que-parecia-cor-de-rosa\/#authorImage","url":"https:\/\/secure.gravatar.com\/avatar\/3c5bcbd6b5d39e79ed20e5ee737f6db06858bc0fdbc87619a75f2aaad80807e2?s=96&d=mm&r=g","width":96,"height":96,"caption":"Paulo Ant\u00f4nio"}},{"@type":"WebPage","@id":"https:\/\/tvnovelas.com.br\/page2\/arquivo\/iludida-a-vida-que-parecia-cor-de-rosa\/#webpage","url":"https:\/\/tvnovelas.com.br\/page2\/arquivo\/iludida-a-vida-que-parecia-cor-de-rosa\/","name":"Iludida: A vida que parecia cor-de-rosa | Arquivo de Novelas","description":"Arquivo de novelas da Globo, SBT, Record, Band, com sinopses e principais personagens. Iludida. Not\u00edcias e Resumos de novelas","inLanguage":"pt-BR","isPartOf":{"@id":"https:\/\/tvnovelas.com.br\/page2\/arquivo\/#website"},"breadcrumb":{"@id":"https:\/\/tvnovelas.com.br\/page2\/arquivo\/iludida-a-vida-que-parecia-cor-de-rosa\/#breadcrumblist"},"author":{"@id":"https:\/\/tvnovelas.com.br\/page2\/arquivo\/author\/pauloantoniocaetenews-com-br\/#author"},"creator":{"@id":"https:\/\/tvnovelas.com.br\/page2\/arquivo\/author\/pauloantoniocaetenews-com-br\/#author"},"image":{"@type":"ImageObject","url":"https:\/\/tvnovelas.com.br\/page2\/arquivo\/wp-content\/uploads\/2026\/07\/13515.jpg","@id":"https:\/\/tvnovelas.com.br\/page2\/arquivo\/iludida-a-vida-que-parecia-cor-de-rosa\/#mainImage","width":728,"height":410,"caption":"Iludida: A vida que parecia cor-de-rosa"},"primaryImageOfPage":{"@id":"https:\/\/tvnovelas.com.br\/page2\/arquivo\/iludida-a-vida-que-parecia-cor-de-rosa\/#mainImage"},"datePublished":"2026-07-13T11:14:34-03:00","dateModified":"2026-07-13T11:14:34-03:00"},{"@type":"WebSite","@id":"https:\/\/tvnovelas.com.br\/page2\/arquivo\/#website","url":"https:\/\/tvnovelas.com.br\/page2\/arquivo\/","name":"Arquivo de Novelas","description":"Tramas e personagens","inLanguage":"pt-BR","publisher":{"@id":"https:\/\/tvnovelas.com.br\/page2\/arquivo\/#organization"}}]},"og:locale":"pt_BR","og:site_name":"Arquivo de Novelas | Tramas e personagens","og:type":"article","og:title":"Iludida: A vida que parecia cor-de-rosa | Arquivo de Novelas","og:description":"Arquivo de novelas da Globo, SBT, Record, Band, com sinopses e principais personagens. Iludida. Not\u00edcias e Resumos de novelas","og:url":"https:\/\/tvnovelas.com.br\/page2\/arquivo\/iludida-a-vida-que-parecia-cor-de-rosa\/","article:published_time":"2026-07-13T14:14:34+00:00","article:modified_time":"2026-07-13T14:14:34+00:00","article:publisher":"https:\/\/www.facebook.com\/tevenovelas","twitter:card":"summary_large_image","twitter:site":"@tvnovelas","twitter:title":"Iludida: A vida que parecia cor-de-rosa | Arquivo de Novelas","twitter:description":"Arquivo de novelas da Globo, SBT, Record, Band, com sinopses e principais personagens. Iludida. Not\u00edcias e Resumos de novelas","twitter:creator":"@tvnovelas"},"aioseo_meta_data":{"post_id":"3707","title":null,"description":"Arquivo de novelas da Globo, SBT, Record, Band, com sinopses e principais personagens. Iludida. Not\u00edcias e Resumos de novelas","keywords":null,"keyphrases":{"focus":{"keyphrase":"Iludida","score":100},"additional":[]},"primary_term":null,"canonical_url":null,"og_title":null,"og_description":null,"og_object_type":"default","og_image_type":"default","og_image_url":null,"og_image_width":null,"og_image_height":null,"og_image_custom_url":null,"og_image_custom_fields":null,"og_video":"","og_custom_url":null,"og_article_section":null,"og_article_tags":null,"twitter_use_og":false,"twitter_card":"default","twitter_image_type":"default","twitter_image_url":null,"twitter_image_custom_url":null,"twitter_image_custom_fields":null,"twitter_title":null,"twitter_description":null,"schema":{"blockGraphs":[],"customGraphs":[],"default":{"data":{"Article":[],"Course":[],"Dataset":[],"FAQPage":[],"Movie":[],"Person":[],"Product":[],"ProductReview":[],"Car":[],"Recipe":[],"Service":[],"SoftwareApplication":[],"WebPage":[]},"graphName":"Article","isEnabled":true},"graphs":[]},"schema_type":"default","schema_type_options":null,"pillar_content":false,"robots_default":true,"robots_noindex":false,"robots_noarchive":false,"robots_nosnippet":false,"robots_nofollow":false,"robots_noimageindex":false,"robots_noodp":false,"robots_notranslate":false,"robots_max_snippet":"-1","robots_max_videopreview":"-1","robots_max_imagepreview":"large","priority":null,"frequency":"default","local_seo":null,"breadcrumb_settings":null,"limit_modified_date":false,"ai":{"faqs":[],"keyPoints":[],"schemas":[],"titles":[],"descriptions":[],"socialPosts":{"email":{"subject":"","preview":"","content":""},"linkedin":[],"twitter":[],"facebook":[],"instagram":[]}},"created":"2026-07-13 14:14:34","updated":"2026-08-15 13:06:37","seo_analyzer_scan_date":null,"focus_keyword":"Iludida","additional_keywords":null,"truseo_locale":null},"aioseo_breadcrumb":"<div class=\"aioseo-breadcrumbs\"><span class=\"aioseo-breadcrumb\">\n\t\t\t<a href=\"https:\/\/tvnovelas.com.br\/page2\/arquivo\" title=\"Home\">Home<\/a>\n\t\t<\/span><span class=\"aioseo-breadcrumb-separator\">&raquo;<\/span><span class=\"aioseo-breadcrumb\">\n\t\t\t<a href=\"https:\/\/tvnovelas.com.br\/page2\/arquivo\/category\/iludida\/\" title=\"Iludida\">Iludida<\/a>\n\t\t<\/span><span class=\"aioseo-breadcrumb-separator\">&raquo;<\/span><span class=\"aioseo-breadcrumb\">\n\t\t\tIludida: A vida que parecia cor-de-rosa\n\t\t<\/span><\/div>","aioseo_breadcrumb_json":[{"label":"Home","link":"https:\/\/tvnovelas.com.br\/page2\/arquivo"},{"label":"Iludida","link":"https:\/\/tvnovelas.com.br\/page2\/arquivo\/category\/iludida\/"},{"label":"Iludida: A vida que parecia cor-de-rosa","link":"https:\/\/tvnovelas.com.br\/page2\/arquivo\/iludida-a-vida-que-parecia-cor-de-rosa\/"}],"jetpack_shortlink":"https:\/\/wp.me\/pfspD2-XN","jetpack-related-posts":[{"id":3379,"url":"https:\/\/tvnovelas.com.br\/page2\/arquivo\/marasli-o-protetor-acao-drama-e-romance\/","url_meta":{"origin":3707,"position":0},"title":"Marasli: O Protetor: a\u00e7\u00e3o, drama e romance","author":"Paulo Ant\u00f4nio","date":"10\/07\/2024","format":false,"excerpt":"Marasli: O Protetor: a\u00e7\u00e3o, drama Em Marasli: O Protetor, Cel\u00e2l (Burak Deniz), mais conhecido como Marasli, \u00e9 um ex-comandante das for\u00e7as especiais turcas que deixou os servi\u00e7os militares ap\u00f3s sua filha, Zelis, ficar ferida em um ataque terrorista. Depois desse acidente, ele decide abrir uma livraria e ter uma vida\u2026","rel":"","context":"Em &quot;Blog&quot;","block_context":{"text":"Blog","link":"https:\/\/tvnovelas.com.br\/page2\/arquivo\/category\/blog\/"},"img":{"alt_text":"Foto em Marasli: O Protetor","src":"https:\/\/i0.wp.com\/tvnovelas.com.br\/page2\/arquivo\/wp-content\/uploads\/2024\/07\/39738.jpg?resize=350%2C200&ssl=1","width":350,"height":200,"srcset":"https:\/\/i0.wp.com\/tvnovelas.com.br\/page2\/arquivo\/wp-content\/uploads\/2024\/07\/39738.jpg?resize=350%2C200&ssl=1 1x, https:\/\/i0.wp.com\/tvnovelas.com.br\/page2\/arquivo\/wp-content\/uploads\/2024\/07\/39738.jpg?resize=525%2C300&ssl=1 1.5x, https:\/\/i0.wp.com\/tvnovelas.com.br\/page2\/arquivo\/wp-content\/uploads\/2024\/07\/39738.jpg?resize=700%2C400&ssl=1 2x"},"classes":[]},{"id":3634,"url":"https:\/\/tvnovelas.com.br\/page2\/arquivo\/guerra-das-rosas-a-menina-rica-a-menina-pobre-e-um-abismo\/","url_meta":{"origin":3707,"position":1},"title":"Guerra das Rosas: A menina rica, a menina pobre e o poder","author":"Paulo Ant\u00f4nio","date":"11\/03\/2026","format":false,"excerpt":"Novela 'Guerra das Rosas', exibida no Brasil pela Band, a partir de 16\/mar\u00e7o\/2026. Na trama, G\u00fclru nasceu em um bairro residencial de Istambul e cresceu nos anexos da mans\u00e3o onde seu pai trabalhava como jardineiro. Com grandes sonhos que floresceram no deslumbrante jardim da mans\u00e3o, um p\u00e9 ainda est\u00e1 firmemente\u2026","rel":"","context":"Em &quot;Band&quot;","block_context":{"text":"Band","link":"https:\/\/tvnovelas.com.br\/page2\/arquivo\/category\/band\/"},"img":{"alt_text":"Foto em Guerra das Rosas: A menina rica, a menina pobre e um abismo","src":"https:\/\/i0.wp.com\/tvnovelas.com.br\/page2\/arquivo\/wp-content\/uploads\/2026\/03\/12961.jpg?resize=350%2C200&ssl=1","width":350,"height":200,"srcset":"https:\/\/i0.wp.com\/tvnovelas.com.br\/page2\/arquivo\/wp-content\/uploads\/2026\/03\/12961.jpg?resize=350%2C200&ssl=1 1x, https:\/\/i0.wp.com\/tvnovelas.com.br\/page2\/arquivo\/wp-content\/uploads\/2026\/03\/12961.jpg?resize=525%2C300&ssl=1 1.5x, https:\/\/i0.wp.com\/tvnovelas.com.br\/page2\/arquivo\/wp-content\/uploads\/2026\/03\/12961.jpg?resize=700%2C400&ssl=1 2x"},"classes":[]},{"id":955,"url":"https:\/\/tvnovelas.com.br\/page2\/arquivo\/verdades-secretas\/","url_meta":{"origin":3707,"position":2},"title":"Verdades Secretas: O submundo da moda","author":"Paulo Ant\u00f4nio","date":"05\/02\/2017","format":false,"excerpt":"Fama, poder e dinheiro. Paix\u00e3o que pulsa. Frenesi intenso. Situa\u00e7\u00f5es que seduzem e podem iludir. Atrav\u00e9s da hist\u00f3ria da protagonista Arlete (Camila Queiroz), \"Verdades Secretas\" revela o submundo que se esconde sob o glamour da moda, do luxo e do dinheiro. Jovem, linda e cheia de sonhos, a jovem a\u2026","rel":"","context":"Em &quot;Blog&quot;","block_context":{"text":"Blog","link":"https:\/\/tvnovelas.com.br\/page2\/arquivo\/category\/blog\/"},"img":{"alt_text":"","src":"","width":0,"height":0},"classes":[]},{"id":1025,"url":"https:\/\/tvnovelas.com.br\/page2\/arquivo\/a-mentira\/","url_meta":{"origin":3707,"position":3},"title":"A Mentira","author":"Paulo Ant\u00f4nio","date":"05\/02\/2017","format":false,"excerpt":"A hist\u00f3ria come\u00e7a com a tr\u00e1gica morte de um jovem chamado Ricardo. Iludido pelo amor que sentia por Virg\u00ednia, Ricardo decide reativar sua antiga fazenda produtora de tequila para fazer fortuna e assim poder se casar com ela. Virg\u00ednia e Ver\u00f4nica s\u00e3o as filhas adotivas de Teodoro e Sara, um\u2026","rel":"","context":"Em &quot;Blog&quot;","block_context":{"text":"Blog","link":"https:\/\/tvnovelas.com.br\/page2\/arquivo\/category\/blog\/"},"img":{"alt_text":"","src":"https:\/\/i0.wp.com\/tvnovelas.com.br\/page2\/arquivo\/wp-content\/uploads\/sites\/3\/2017\/02\/novela_amentira2_logo.jpg?resize=350%2C200&ssl=1","width":350,"height":200},"classes":[]},{"id":3595,"url":"https:\/\/tvnovelas.com.br\/page2\/arquivo\/chamas-do-destino-tres-mulheres-cujas-historias-se-cruzam\/","url_meta":{"origin":3707,"position":4},"title":"Chamas do Destino: Tr\u00eas mulheres cujas hist\u00f3rias se cruzam","author":"Paulo Ant\u00f4nio","date":"29\/12\/2025","format":false,"excerpt":"Novela turca em exibi\u00e7\u00e3o na Record, a partir de 5 de janeiro de 2026, na faixa de 22h30. A trama narra a hist\u00f3ria de Cemre (Demet Evgar), Ruya (Dilan Cicek Deniz) e Cicek (Hazar Erguclu) que veem seus destinos mudarem para sempre a partir da trag\u00e9dia. Cemre tenta escapar do\u2026","rel":"","context":"Em &quot;Record&quot;","block_context":{"text":"Record","link":"https:\/\/tvnovelas.com.br\/page2\/arquivo\/category\/record\/"},"img":{"alt_text":"Foto em Chamas do Destino: Tr\u00eas mulheres cujas hist\u00f3rias se cruzam","src":"https:\/\/i0.wp.com\/tvnovelas.com.br\/page2\/arquivo\/wp-content\/uploads\/2025\/12\/12662.jpg?resize=350%2C200&ssl=1","width":350,"height":200,"srcset":"https:\/\/i0.wp.com\/tvnovelas.com.br\/page2\/arquivo\/wp-content\/uploads\/2025\/12\/12662.jpg?resize=350%2C200&ssl=1 1x, https:\/\/i0.wp.com\/tvnovelas.com.br\/page2\/arquivo\/wp-content\/uploads\/2025\/12\/12662.jpg?resize=525%2C300&ssl=1 1.5x, https:\/\/i0.wp.com\/tvnovelas.com.br\/page2\/arquivo\/wp-content\/uploads\/2025\/12\/12662.jpg?resize=700%2C400&ssl=1 2x"},"classes":[]},{"id":3275,"url":"https:\/\/tvnovelas.com.br\/page2\/arquivo\/hercai-amor-e-viganca\/","url_meta":{"origin":3707,"position":5},"title":"Hercai \u2013 Amor e Vigan\u00e7a","author":"Paulo Ant\u00f4nio","date":"28\/04\/2024","format":false,"excerpt":"Hercai \u2013 Amor e Vigan\u00e7a Com uma trama de 44 cap\u00edtulos repletos de reviravoltas, a hist\u00f3ria gira em torno do casal Miran (Akin Akin\u00f6z\u00fc) e Reyyan (Ebru \u015eahin), que vive em meio a uma rivalidade familiar. Buscando vingan\u00e7a pelo assassinato dos pais, Miran tenta se casar com Reyyan, mas uma\u2026","rel":"","context":"Em &quot;Globo&quot;","block_context":{"text":"Globo","link":"https:\/\/tvnovelas.com.br\/page2\/arquivo\/category\/globo\/"},"img":{"alt_text":"Foto em Hercai \u2013 Amor e Vigan\u00e7a","src":"https:\/\/i0.wp.com\/tvnovelas.com.br\/page2\/arquivo\/wp-content\/uploads\/2024\/04\/hercai01.jpg?resize=350%2C200&ssl=1","width":350,"height":200,"srcset":"https:\/\/i0.wp.com\/tvnovelas.com.br\/page2\/arquivo\/wp-content\/uploads\/2024\/04\/hercai01.jpg?resize=350%2C200&ssl=1 1x, https:\/\/i0.wp.com\/tvnovelas.com.br\/page2\/arquivo\/wp-content\/uploads\/2024\/04\/hercai01.jpg?resize=525%2C300&ssl=1 1.5x, https:\/\/i0.wp.com\/tvnovelas.com.br\/page2\/arquivo\/wp-content\/uploads\/2024\/04\/hercai01.jpg?resize=700%2C400&ssl=1 2x"},"classes":[]}],"jetpack_sharing_enabled":true,"jetpack_featured_media_url":"https:\/\/tvnovelas.com.br\/page2\/arquivo\/wp-content\/uploads\/2026\/07\/13515.jpg","_links":{"self":[{"href":"https:\/\/tvnovelas.com.br\/page2\/arquivo\/wp-json\/wp\/v2\/posts\/3707","targetHints":{"allow":["GET"]}}],"collection":[{"href":"https:\/\/tvnovelas.com.br\/page2\/arquivo\/wp-json\/wp\/v2\/posts"}],"about":[{"href":"https:\/\/tvnovelas.com.br\/page2\/arquivo\/wp-json\/wp\/v2\/types\/post"}],"author":[{"embeddable":true,"href":"https:\/\/tvnovelas.com.br\/page2\/arquivo\/wp-json\/wp\/v2\/users\/1"}],"replies":[{"embeddable":true,"href":"https:\/\/tvnovelas.com.br\/page2\/arquivo\/wp-json\/wp\/v2\/comments?post=3707"}],"version-history":[{"count":2,"href":"https:\/\/tvnovelas.com.br\/page2\/arquivo\/wp-json\/wp\/v2\/posts\/3707\/revisions"}],"predecessor-version":[{"id":3712,"href":"https:\/\/tvnovelas.com.br\/page2\/arquivo\/wp-json\/wp\/v2\/posts\/3707\/revisions\/3712"}],"wp:featuredmedia":[{"embeddable":true,"href":"https:\/\/tvnovelas.com.br\/page2\/arquivo\/wp-json\/wp\/v2\/media\/3708"}],"wp:attachment":[{"href":"https:\/\/tvnovelas.com.br\/page2\/arquivo\/wp-json\/wp\/v2\/media?parent=3707"}],"wp:term":[{"taxonomy":"category","embeddable":true,"href":"https:\/\/tvnovelas.com.br\/page2\/arquivo\/wp-json\/wp\/v2\/categories?post=3707"},{"taxonomy":"post_tag","embeddable":true,"href":"https:\/\/tvnovelas.com.br\/page2\/arquivo\/wp-json\/wp\/v2\/tags?post=3707"}],"curies":[{"name":"wp","href":"https:\/\/api.w.org\/{rel}","templated":true}]}}