{"id":3634,"date":"2026-03-11T19:55:48","date_gmt":"2026-03-11T22:55:48","guid":{"rendered":"https:\/\/tvnovelas.com.br\/page2\/arquivo\/?p=3634"},"modified":"2026-03-18T19:39:33","modified_gmt":"2026-03-18T22:39:33","slug":"guerra-das-rosas-a-menina-rica-a-menina-pobre-e-um-abismo","status":"publish","type":"post","link":"https:\/\/tvnovelas.com.br\/page2\/arquivo\/guerra-das-rosas-a-menina-rica-a-menina-pobre-e-um-abismo\/","title":{"rendered":"Guerra das Rosas: A menina rica, a menina pobre e o poder"},"content":{"rendered":"<figure id=\"attachment_3637\" aria-describedby=\"caption-attachment-3637\" style=\"width: 590px\" class=\"wp-caption alignnone\"><img loading=\"lazy\" decoding=\"async\" class=\"wp-image-3637 size-medium\" title=\"(Foto: Reprodu\u00e7\u00e3o\/ G\u00fcllerin Sava\u015f\u0131)\" src=\"https:\/\/tvnovelas.com.br\/page2\/arquivo\/wp-content\/uploads\/2026\/03\/12961-600x371.jpg\" alt=\"Foto em Guerra das Rosas: A menina rica, a menina pobre e um abismo\" width=\"600\" height=\"371\" srcset=\"https:\/\/tvnovelas.com.br\/page2\/arquivo\/wp-content\/uploads\/2026\/03\/12961-600x371.jpg 600w, https:\/\/tvnovelas.com.br\/page2\/arquivo\/wp-content\/uploads\/2026\/03\/12961.jpg 728w\" sizes=\"auto, (max-width: 600px) 100vw, 600px\" \/><figcaption id=\"caption-attachment-3637\" class=\"wp-caption-text\">Guerra das Rosas: A menina rica, a menina pobre e um abismo<\/figcaption><\/figure>\n<p>Novela &#8216;Guerra das Rosas&#8217;, exibida no Brasil pela Band, a partir de 16\/mar\u00e7o\/2026.<\/p>\n<p>Na trama, G\u00fclru nasceu em um bairro residencial de Istambul e cresceu nos anexos da mans\u00e3o onde seu pai trabalhava como jardineiro. Com grandes sonhos que floresceram no deslumbrante jardim da mans\u00e3o, um p\u00e9 ainda est\u00e1 firmemente plantado em seu humilde bairro. Transitando entre a mans\u00e3o e o bairro, G\u00fclru tem, na verdade, um pequeno mundo pr\u00f3prio.<\/p>\n<p>O charmoso rapaz do bairro, seu amor de inf\u00e2ncia Mert, seu pai amoroso Salih, que a adora, suas irm\u00e3s, cada uma parte de sua vida, e Cihan, o filho problem\u00e1tico da mans\u00e3o e seu \u00fanico amigo, s\u00e3o os her\u00f3is do pequeno mundo de G\u00fclru. No entanto, h\u00e1 mais uma pessoa em torno da qual o mundo de G\u00fclru gira. Desde crian\u00e7a, G\u00fclru \u00e9 apaixonada por G\u00fclfem Sipahi, a bela filha da mans\u00e3o. Essa admira\u00e7\u00e3o, que sua fam\u00edlia e Mert nunca aprovaram, reacende quando G\u00fclfem retorna \u00e0 mans\u00e3o anos depois.<\/p>\n<p>G\u00fclru, que faz tudo ao seu alcance para conquistar o afeto de G\u00fclfem, cruza o caminho de \u00d6mer Hekimo\u011flu, o grande desgosto de G\u00fclfem. Com o encontro inusitado entre G\u00fclru e \u00d6mer, o pequeno mundo de sonhos e realidades da jovem est\u00e1 prestes a ser virado de cabe\u00e7a para baixo. \u00c0 medida que a admira\u00e7\u00e3o inocente e os grandes sonhos se desviam do caminho, a guerra das rosas come\u00e7a. Nem o pequeno bairro nem a opulenta mans\u00e3o escapam dessa guerra.<\/p>\n<p><strong>Produ\u00e7\u00e3o:<\/strong> Medyap\u0131m<br \/>\n<strong>Diretor:<\/strong> Emre Kabaku\u015fak<\/p>\n<h2>Elenco<\/h2>\n<p>Oyuncular: Damla S\u00f6nmez (G\u00fclru), Bar\u0131\u015f K\u0131l\u0131\u00e7 (\u00d6mer), Canan Erg\u00fcder (G\u00fclfem),Yi\u011fit Kirazc\u0131 (Mert),Sercan Badur (Cihan),Arif Pi\u015fkin (\u015eevket),Meltem Pamirtan (Mesude),U\u011fur Kurul (Taner), M\u00fcnire kseApayd\u0131n (Mebrure),Serap Aksoy (Cahide), Berk Yayg\u0131n (Yener),Zeynep K\u00f6se (Yonca), Feyza Civelek (\u00c7i\u00e7ek), P\u0131nar Af\u015far (Ayla), G\u00fczin Alkan (Naciye), Asl\u0131 \u0130\u00e7\u00f6z\u00fc (Halide).<\/p>\n<p>com roteiro escrito por Melis Civelek e S\u0131rma Yan\u0131k, produzido por Medyap\u0131m e dirigido por Emre Kabaku\u015fak, exibida no canal turco Kanal D<\/p>\n<h2>Principais Personagens<\/h2>\n<p>Damla Sonmez como G\u00fclru<br \/>\nBaris Kilic como Omer<br \/>\nCanan Erguder como Gulfem<br \/>\nYigit Kirazci como Mert<br \/>\nSercan Badur como Cihan<\/p>\n","protected":false},"excerpt":{"rendered":"<p>Novela &#8216;Guerra das Rosas&#8217;, exibida no Brasil pela Band, a partir de 16\/mar\u00e7o\/2026. Na trama, G\u00fclru nasceu em um bairro residencial de Istambul e cresceu nos anexos da mans\u00e3o onde seu pai trabalhava como jardineiro. Com grandes sonhos que floresceram no deslumbrante jardim da mans\u00e3o, um p\u00e9 ainda est\u00e1 firmemente plantado em seu humilde bairro. &#8230; <a title=\"Guerra das Rosas: A menina rica, a menina pobre e o poder\" class=\"read-more\" href=\"https:\/\/tvnovelas.com.br\/page2\/arquivo\/guerra-das-rosas-a-menina-rica-a-menina-pobre-e-um-abismo\/\" aria-label=\"More on Guerra das Rosas: A menina rica, a menina pobre e o poder\">Ler mais<\/a><\/p>\n","protected":false},"author":1,"featured_media":3637,"comment_status":"closed","ping_status":"closed","sticky":false,"template":"","format":"standard","meta":{"_monsterinsights_skip_tracking":false,"_jetpack_newsletter_access":"","_jetpack_dont_email_post_to_subs":false,"_jetpack_newsletter_tier_id":0,"_jetpack_memberships_contains_paywalled_content":false,"_jetpack_feature_clip_id":0,"_jetpack_memberships_contains_paid_content":false,"footnotes":"","jetpack_post_was_ever_published":false},"categories":[4,391],"tags":[12,392,396,305,9,8],"class_list":["post-3634","post","type-post","status-publish","format-standard","has-post-thumbnail","hentry","category-band","category-guerra-das-rosas","tag-band","tag-guerra-das-rosas","tag-gullerin-savasi","tag-novelas-turcas","tag-personagens","tag-sinopse"],"aioseo_notices":[],"aioseo_head":"\n\t\t<!-- All in One SEO 5.0.1.1 - aioseo.com -->\n\t<meta name=\"description\" content=\"Guerra das Rosas. Arquivo de novelas da Globo, SBT, Record, Band, com sinopses e principais personagens. Not\u00edcias e Resumos de novelas\" \/>\n\t<meta name=\"robots\" content=\"max-image-preview:large\" \/>\n\t<meta name=\"author\" content=\"Paulo Ant\u00f4nio\"\/>\n\t<link rel=\"canonical\" href=\"https:\/\/tvnovelas.com.br\/page2\/arquivo\/guerra-das-rosas-a-menina-rica-a-menina-pobre-e-um-abismo\/\" \/>\n\t<meta name=\"generator\" content=\"All in One SEO (AIOSEO) 5.0.1.1\" \/>\n\t\t<meta property=\"og:locale\" content=\"pt_BR\" \/>\n\t\t<meta property=\"og:site_name\" content=\"Arquivo de Novelas | Tramas e personagens\" \/>\n\t\t<meta property=\"og:type\" content=\"article\" \/>\n\t\t<meta property=\"og:title\" content=\"Guerra das Rosas: A menina rica, a menina pobre e o poder | Arquivo de Novelas\" \/>\n\t\t<meta property=\"og:description\" content=\"Guerra das Rosas. Arquivo de novelas da Globo, SBT, Record, Band, com sinopses e principais personagens. Not\u00edcias e Resumos de novelas\" \/>\n\t\t<meta property=\"og:url\" content=\"https:\/\/tvnovelas.com.br\/page2\/arquivo\/guerra-das-rosas-a-menina-rica-a-menina-pobre-e-um-abismo\/\" \/>\n\t\t<meta property=\"article:published_time\" content=\"2026-03-11T22:55:48+00:00\" \/>\n\t\t<meta property=\"article:modified_time\" content=\"2026-03-18T22:39:33+00:00\" \/>\n\t\t<meta property=\"article:publisher\" content=\"https:\/\/www.facebook.com\/tevenovelas\" \/>\n\t\t<meta name=\"twitter:card\" content=\"summary_large_image\" \/>\n\t\t<meta name=\"twitter:site\" content=\"@tvnovelas\" \/>\n\t\t<meta name=\"twitter:title\" content=\"Guerra das Rosas: A menina rica, a menina pobre e o poder | Arquivo de Novelas\" \/>\n\t\t<meta name=\"twitter:description\" content=\"Guerra das Rosas. Arquivo de novelas da Globo, SBT, Record, Band, com sinopses e principais personagens. Not\u00edcias e Resumos de novelas\" \/>\n\t\t<meta name=\"twitter:creator\" content=\"@tvnovelas\" \/>\n\t\t<script type=\"application\/ld+json\" class=\"aioseo-schema\">\n\t\t\t{\"@context\":\"https:\\\/\\\/schema.org\",\"@graph\":[{\"@type\":\"Article\",\"@id\":\"https:\\\/\\\/tvnovelas.com.br\\\/page2\\\/arquivo\\\/guerra-das-rosas-a-menina-rica-a-menina-pobre-e-um-abismo\\\/#article\",\"name\":\"Guerra das Rosas: A menina rica, a menina pobre e o poder | Arquivo de Novelas\",\"headline\":\"Guerra das Rosas: A menina rica, a menina pobre e o poder\",\"author\":{\"@id\":\"https:\\\/\\\/tvnovelas.com.br\\\/page2\\\/arquivo\\\/author\\\/pauloantoniocaetenews-com-br\\\/#author\"},\"publisher\":{\"@id\":\"https:\\\/\\\/tvnovelas.com.br\\\/page2\\\/arquivo\\\/#organization\"},\"image\":{\"@type\":\"ImageObject\",\"url\":\"https:\\\/\\\/tvnovelas.com.br\\\/page2\\\/arquivo\\\/wp-content\\\/uploads\\\/2026\\\/03\\\/12961.jpg\",\"width\":728,\"height\":450,\"caption\":\"Guerra das Rosas: A menina rica, a menina pobre e um abismo\"},\"datePublished\":\"2026-03-11T19:55:48-03:00\",\"dateModified\":\"2026-03-18T19:39:33-03:00\",\"inLanguage\":\"pt-BR\",\"mainEntityOfPage\":{\"@id\":\"https:\\\/\\\/tvnovelas.com.br\\\/page2\\\/arquivo\\\/guerra-das-rosas-a-menina-rica-a-menina-pobre-e-um-abismo\\\/#webpage\"},\"isPartOf\":{\"@id\":\"https:\\\/\\\/tvnovelas.com.br\\\/page2\\\/arquivo\\\/guerra-das-rosas-a-menina-rica-a-menina-pobre-e-um-abismo\\\/#webpage\"},\"articleSection\":\"Band, Guerra das Rosas, Band, Guerra das Rosas, g\\u00fcllerin sava\\u015f\\u0131, Novelas Turcas, Personagens, sinopse\"},{\"@type\":\"BreadcrumbList\",\"@id\":\"https:\\\/\\\/tvnovelas.com.br\\\/page2\\\/arquivo\\\/guerra-das-rosas-a-menina-rica-a-menina-pobre-e-um-abismo\\\/#breadcrumblist\",\"itemListElement\":[{\"@type\":\"ListItem\",\"@id\":\"https:\\\/\\\/tvnovelas.com.br\\\/page2\\\/arquivo#listItem\",\"position\":1,\"name\":\"Home\",\"item\":\"https:\\\/\\\/tvnovelas.com.br\\\/page2\\\/arquivo\",\"nextItem\":{\"@type\":\"ListItem\",\"@id\":\"https:\\\/\\\/tvnovelas.com.br\\\/page2\\\/arquivo\\\/category\\\/band\\\/#listItem\",\"name\":\"Band\"}},{\"@type\":\"ListItem\",\"@id\":\"https:\\\/\\\/tvnovelas.com.br\\\/page2\\\/arquivo\\\/category\\\/band\\\/#listItem\",\"position\":2,\"name\":\"Band\",\"item\":\"https:\\\/\\\/tvnovelas.com.br\\\/page2\\\/arquivo\\\/category\\\/band\\\/\",\"nextItem\":{\"@type\":\"ListItem\",\"@id\":\"https:\\\/\\\/tvnovelas.com.br\\\/page2\\\/arquivo\\\/guerra-das-rosas-a-menina-rica-a-menina-pobre-e-um-abismo\\\/#listItem\",\"name\":\"Guerra das Rosas: A menina rica, a menina pobre e o poder\"},\"previousItem\":{\"@type\":\"ListItem\",\"@id\":\"https:\\\/\\\/tvnovelas.com.br\\\/page2\\\/arquivo#listItem\",\"name\":\"Home\"}},{\"@type\":\"ListItem\",\"@id\":\"https:\\\/\\\/tvnovelas.com.br\\\/page2\\\/arquivo\\\/guerra-das-rosas-a-menina-rica-a-menina-pobre-e-um-abismo\\\/#listItem\",\"position\":3,\"name\":\"Guerra das Rosas: A menina rica, a menina pobre e o poder\",\"previousItem\":{\"@type\":\"ListItem\",\"@id\":\"https:\\\/\\\/tvnovelas.com.br\\\/page2\\\/arquivo\\\/category\\\/band\\\/#listItem\",\"name\":\"Band\"}}]},{\"@type\":\"Organization\",\"@id\":\"https:\\\/\\\/tvnovelas.com.br\\\/page2\\\/arquivo\\\/#organization\",\"name\":\"TV Novelas\",\"description\":\"Tramas e personagens\",\"url\":\"https:\\\/\\\/tvnovelas.com.br\\\/page2\\\/arquivo\\\/\",\"logo\":{\"@type\":\"ImageObject\",\"url\":\"https:\\\/\\\/tvnovelas.com.br\\\/page2\\\/arquivo\\\/wp-content\\\/uploads\\\/2020\\\/11\\\/logo192.jpg\",\"@id\":\"https:\\\/\\\/tvnovelas.com.br\\\/page2\\\/arquivo\\\/guerra-das-rosas-a-menina-rica-a-menina-pobre-e-um-abismo\\\/#organizationLogo\",\"width\":192,\"height\":192},\"image\":{\"@id\":\"https:\\\/\\\/tvnovelas.com.br\\\/page2\\\/arquivo\\\/guerra-das-rosas-a-menina-rica-a-menina-pobre-e-um-abismo\\\/#organizationLogo\"},\"sameAs\":[\"https:\\\/\\\/www.facebook.com\\\/tevenovelas\",\"https:\\\/\\\/twitter.com\\\/tvnovelas\",\"https:\\\/\\\/www.instagram.com\\\/tvnovelas3\\\/\"]},{\"@type\":\"Person\",\"@id\":\"https:\\\/\\\/tvnovelas.com.br\\\/page2\\\/arquivo\\\/author\\\/pauloantoniocaetenews-com-br\\\/#author\",\"url\":\"https:\\\/\\\/tvnovelas.com.br\\\/page2\\\/arquivo\\\/author\\\/pauloantoniocaetenews-com-br\\\/\",\"name\":\"Paulo Ant\\u00f4nio\",\"image\":{\"@type\":\"ImageObject\",\"@id\":\"https:\\\/\\\/tvnovelas.com.br\\\/page2\\\/arquivo\\\/guerra-das-rosas-a-menina-rica-a-menina-pobre-e-um-abismo\\\/#authorImage\",\"url\":\"https:\\\/\\\/secure.gravatar.com\\\/avatar\\\/3c5bcbd6b5d39e79ed20e5ee737f6db06858bc0fdbc87619a75f2aaad80807e2?s=96&d=mm&r=g\",\"width\":96,\"height\":96,\"caption\":\"Paulo Ant\\u00f4nio\"}},{\"@type\":\"WebPage\",\"@id\":\"https:\\\/\\\/tvnovelas.com.br\\\/page2\\\/arquivo\\\/guerra-das-rosas-a-menina-rica-a-menina-pobre-e-um-abismo\\\/#webpage\",\"url\":\"https:\\\/\\\/tvnovelas.com.br\\\/page2\\\/arquivo\\\/guerra-das-rosas-a-menina-rica-a-menina-pobre-e-um-abismo\\\/\",\"name\":\"Guerra das Rosas: A menina rica, a menina pobre e o poder | Arquivo de Novelas\",\"description\":\"Guerra das Rosas. Arquivo de novelas da Globo, SBT, Record, Band, com sinopses e principais personagens. Not\\u00edcias e Resumos de novelas\",\"inLanguage\":\"pt-BR\",\"isPartOf\":{\"@id\":\"https:\\\/\\\/tvnovelas.com.br\\\/page2\\\/arquivo\\\/#website\"},\"breadcrumb\":{\"@id\":\"https:\\\/\\\/tvnovelas.com.br\\\/page2\\\/arquivo\\\/guerra-das-rosas-a-menina-rica-a-menina-pobre-e-um-abismo\\\/#breadcrumblist\"},\"author\":{\"@id\":\"https:\\\/\\\/tvnovelas.com.br\\\/page2\\\/arquivo\\\/author\\\/pauloantoniocaetenews-com-br\\\/#author\"},\"creator\":{\"@id\":\"https:\\\/\\\/tvnovelas.com.br\\\/page2\\\/arquivo\\\/author\\\/pauloantoniocaetenews-com-br\\\/#author\"},\"image\":{\"@type\":\"ImageObject\",\"url\":\"https:\\\/\\\/tvnovelas.com.br\\\/page2\\\/arquivo\\\/wp-content\\\/uploads\\\/2026\\\/03\\\/12961.jpg\",\"@id\":\"https:\\\/\\\/tvnovelas.com.br\\\/page2\\\/arquivo\\\/guerra-das-rosas-a-menina-rica-a-menina-pobre-e-um-abismo\\\/#mainImage\",\"width\":728,\"height\":450,\"caption\":\"Guerra das Rosas: A menina rica, a menina pobre e um abismo\"},\"primaryImageOfPage\":{\"@id\":\"https:\\\/\\\/tvnovelas.com.br\\\/page2\\\/arquivo\\\/guerra-das-rosas-a-menina-rica-a-menina-pobre-e-um-abismo\\\/#mainImage\"},\"datePublished\":\"2026-03-11T19:55:48-03:00\",\"dateModified\":\"2026-03-18T19:39:33-03:00\"},{\"@type\":\"WebSite\",\"@id\":\"https:\\\/\\\/tvnovelas.com.br\\\/page2\\\/arquivo\\\/#website\",\"url\":\"https:\\\/\\\/tvnovelas.com.br\\\/page2\\\/arquivo\\\/\",\"name\":\"Arquivo de Novelas\",\"description\":\"Tramas e personagens\",\"inLanguage\":\"pt-BR\",\"publisher\":{\"@id\":\"https:\\\/\\\/tvnovelas.com.br\\\/page2\\\/arquivo\\\/#organization\"}}]}\n\t\t<\/script>\n\t\t<!-- All in One SEO -->\n\n","aioseo_head_json":{"title":"Guerra das Rosas: A menina rica, a menina pobre e o poder | Arquivo de Novelas","description":"Guerra das Rosas. Arquivo de novelas da Globo, SBT, Record, Band, com sinopses e principais personagens. Not\u00edcias e Resumos de novelas","canonical_url":"https:\/\/tvnovelas.com.br\/page2\/arquivo\/guerra-das-rosas-a-menina-rica-a-menina-pobre-e-um-abismo\/","robots":"max-image-preview:large","keywords":"","webmasterTools":{"miscellaneous":""},"schema":{"@context":"https:\/\/schema.org","@graph":[{"@type":"Article","@id":"https:\/\/tvnovelas.com.br\/page2\/arquivo\/guerra-das-rosas-a-menina-rica-a-menina-pobre-e-um-abismo\/#article","name":"Guerra das Rosas: A menina rica, a menina pobre e o poder | Arquivo de Novelas","headline":"Guerra das Rosas: A menina rica, a menina pobre e o poder","author":{"@id":"https:\/\/tvnovelas.com.br\/page2\/arquivo\/author\/pauloantoniocaetenews-com-br\/#author"},"publisher":{"@id":"https:\/\/tvnovelas.com.br\/page2\/arquivo\/#organization"},"image":{"@type":"ImageObject","url":"https:\/\/tvnovelas.com.br\/page2\/arquivo\/wp-content\/uploads\/2026\/03\/12961.jpg","width":728,"height":450,"caption":"Guerra das Rosas: A menina rica, a menina pobre e um abismo"},"datePublished":"2026-03-11T19:55:48-03:00","dateModified":"2026-03-18T19:39:33-03:00","inLanguage":"pt-BR","mainEntityOfPage":{"@id":"https:\/\/tvnovelas.com.br\/page2\/arquivo\/guerra-das-rosas-a-menina-rica-a-menina-pobre-e-um-abismo\/#webpage"},"isPartOf":{"@id":"https:\/\/tvnovelas.com.br\/page2\/arquivo\/guerra-das-rosas-a-menina-rica-a-menina-pobre-e-um-abismo\/#webpage"},"articleSection":"Band, Guerra das Rosas, Band, Guerra das Rosas, g\u00fcllerin sava\u015f\u0131, Novelas Turcas, Personagens, sinopse"},{"@type":"BreadcrumbList","@id":"https:\/\/tvnovelas.com.br\/page2\/arquivo\/guerra-das-rosas-a-menina-rica-a-menina-pobre-e-um-abismo\/#breadcrumblist","itemListElement":[{"@type":"ListItem","@id":"https:\/\/tvnovelas.com.br\/page2\/arquivo#listItem","position":1,"name":"Home","item":"https:\/\/tvnovelas.com.br\/page2\/arquivo","nextItem":{"@type":"ListItem","@id":"https:\/\/tvnovelas.com.br\/page2\/arquivo\/category\/band\/#listItem","name":"Band"}},{"@type":"ListItem","@id":"https:\/\/tvnovelas.com.br\/page2\/arquivo\/category\/band\/#listItem","position":2,"name":"Band","item":"https:\/\/tvnovelas.com.br\/page2\/arquivo\/category\/band\/","nextItem":{"@type":"ListItem","@id":"https:\/\/tvnovelas.com.br\/page2\/arquivo\/guerra-das-rosas-a-menina-rica-a-menina-pobre-e-um-abismo\/#listItem","name":"Guerra das Rosas: A menina rica, a menina pobre e o poder"},"previousItem":{"@type":"ListItem","@id":"https:\/\/tvnovelas.com.br\/page2\/arquivo#listItem","name":"Home"}},{"@type":"ListItem","@id":"https:\/\/tvnovelas.com.br\/page2\/arquivo\/guerra-das-rosas-a-menina-rica-a-menina-pobre-e-um-abismo\/#listItem","position":3,"name":"Guerra das Rosas: A menina rica, a menina pobre e o poder","previousItem":{"@type":"ListItem","@id":"https:\/\/tvnovelas.com.br\/page2\/arquivo\/category\/band\/#listItem","name":"Band"}}]},{"@type":"Organization","@id":"https:\/\/tvnovelas.com.br\/page2\/arquivo\/#organization","name":"TV Novelas","description":"Tramas e personagens","url":"https:\/\/tvnovelas.com.br\/page2\/arquivo\/","logo":{"@type":"ImageObject","url":"https:\/\/tvnovelas.com.br\/page2\/arquivo\/wp-content\/uploads\/2020\/11\/logo192.jpg","@id":"https:\/\/tvnovelas.com.br\/page2\/arquivo\/guerra-das-rosas-a-menina-rica-a-menina-pobre-e-um-abismo\/#organizationLogo","width":192,"height":192},"image":{"@id":"https:\/\/tvnovelas.com.br\/page2\/arquivo\/guerra-das-rosas-a-menina-rica-a-menina-pobre-e-um-abismo\/#organizationLogo"},"sameAs":["https:\/\/www.facebook.com\/tevenovelas","https:\/\/twitter.com\/tvnovelas","https:\/\/www.instagram.com\/tvnovelas3\/"]},{"@type":"Person","@id":"https:\/\/tvnovelas.com.br\/page2\/arquivo\/author\/pauloantoniocaetenews-com-br\/#author","url":"https:\/\/tvnovelas.com.br\/page2\/arquivo\/author\/pauloantoniocaetenews-com-br\/","name":"Paulo Ant\u00f4nio","image":{"@type":"ImageObject","@id":"https:\/\/tvnovelas.com.br\/page2\/arquivo\/guerra-das-rosas-a-menina-rica-a-menina-pobre-e-um-abismo\/#authorImage","url":"https:\/\/secure.gravatar.com\/avatar\/3c5bcbd6b5d39e79ed20e5ee737f6db06858bc0fdbc87619a75f2aaad80807e2?s=96&d=mm&r=g","width":96,"height":96,"caption":"Paulo Ant\u00f4nio"}},{"@type":"WebPage","@id":"https:\/\/tvnovelas.com.br\/page2\/arquivo\/guerra-das-rosas-a-menina-rica-a-menina-pobre-e-um-abismo\/#webpage","url":"https:\/\/tvnovelas.com.br\/page2\/arquivo\/guerra-das-rosas-a-menina-rica-a-menina-pobre-e-um-abismo\/","name":"Guerra das Rosas: A menina rica, a menina pobre e o poder | Arquivo de Novelas","description":"Guerra das Rosas. Arquivo de novelas da Globo, SBT, Record, Band, com sinopses e principais personagens. Not\u00edcias e Resumos de novelas","inLanguage":"pt-BR","isPartOf":{"@id":"https:\/\/tvnovelas.com.br\/page2\/arquivo\/#website"},"breadcrumb":{"@id":"https:\/\/tvnovelas.com.br\/page2\/arquivo\/guerra-das-rosas-a-menina-rica-a-menina-pobre-e-um-abismo\/#breadcrumblist"},"author":{"@id":"https:\/\/tvnovelas.com.br\/page2\/arquivo\/author\/pauloantoniocaetenews-com-br\/#author"},"creator":{"@id":"https:\/\/tvnovelas.com.br\/page2\/arquivo\/author\/pauloantoniocaetenews-com-br\/#author"},"image":{"@type":"ImageObject","url":"https:\/\/tvnovelas.com.br\/page2\/arquivo\/wp-content\/uploads\/2026\/03\/12961.jpg","@id":"https:\/\/tvnovelas.com.br\/page2\/arquivo\/guerra-das-rosas-a-menina-rica-a-menina-pobre-e-um-abismo\/#mainImage","width":728,"height":450,"caption":"Guerra das Rosas: A menina rica, a menina pobre e um abismo"},"primaryImageOfPage":{"@id":"https:\/\/tvnovelas.com.br\/page2\/arquivo\/guerra-das-rosas-a-menina-rica-a-menina-pobre-e-um-abismo\/#mainImage"},"datePublished":"2026-03-11T19:55:48-03:00","dateModified":"2026-03-18T19:39:33-03:00"},{"@type":"WebSite","@id":"https:\/\/tvnovelas.com.br\/page2\/arquivo\/#website","url":"https:\/\/tvnovelas.com.br\/page2\/arquivo\/","name":"Arquivo de Novelas","description":"Tramas e personagens","inLanguage":"pt-BR","publisher":{"@id":"https:\/\/tvnovelas.com.br\/page2\/arquivo\/#organization"}}]},"og:locale":"pt_BR","og:site_name":"Arquivo de Novelas | Tramas e personagens","og:type":"article","og:title":"Guerra das Rosas: A menina rica, a menina pobre e o poder | Arquivo de Novelas","og:description":"Guerra das Rosas. Arquivo de novelas da Globo, SBT, Record, Band, com sinopses e principais personagens. Not\u00edcias e Resumos de novelas","og:url":"https:\/\/tvnovelas.com.br\/page2\/arquivo\/guerra-das-rosas-a-menina-rica-a-menina-pobre-e-um-abismo\/","article:published_time":"2026-03-11T22:55:48+00:00","article:modified_time":"2026-03-18T22:39:33+00:00","article:publisher":"https:\/\/www.facebook.com\/tevenovelas","twitter:card":"summary_large_image","twitter:site":"@tvnovelas","twitter:title":"Guerra das Rosas: A menina rica, a menina pobre e o poder | Arquivo de Novelas","twitter:description":"Guerra das Rosas. Arquivo de novelas da Globo, SBT, Record, Band, com sinopses e principais personagens. Not\u00edcias e Resumos de novelas","twitter:creator":"@tvnovelas"},"aioseo_meta_data":{"post_id":"3634","title":null,"description":"Guerra das Rosas. Arquivo de novelas da Globo, SBT, Record, Band, com sinopses e principais personagens. Not\u00edcias e Resumos de novelas","keywords":null,"keyphrases":{"focus":{"keyphrase":"Guerra das Rosas","score":91},"additional":[]},"primary_term":null,"canonical_url":null,"og_title":null,"og_description":null,"og_object_type":"default","og_image_type":"default","og_image_url":null,"og_image_width":null,"og_image_height":null,"og_image_custom_url":null,"og_image_custom_fields":null,"og_video":"","og_custom_url":null,"og_article_section":null,"og_article_tags":null,"twitter_use_og":false,"twitter_card":"default","twitter_image_type":"default","twitter_image_url":null,"twitter_image_custom_url":null,"twitter_image_custom_fields":null,"twitter_title":null,"twitter_description":null,"schema":{"blockGraphs":[],"customGraphs":[],"default":{"data":{"Article":[],"Course":[],"Dataset":[],"FAQPage":[],"Movie":[],"Person":[],"Product":[],"ProductReview":[],"Car":[],"Recipe":[],"Service":[],"SoftwareApplication":[],"WebPage":[]},"graphName":"Article","isEnabled":true},"graphs":[]},"schema_type":"default","schema_type_options":null,"pillar_content":false,"robots_default":true,"robots_noindex":false,"robots_noarchive":false,"robots_nosnippet":false,"robots_nofollow":false,"robots_noimageindex":false,"robots_noodp":false,"robots_notranslate":false,"robots_max_snippet":"-1","robots_max_videopreview":"-1","robots_max_imagepreview":"large","priority":null,"frequency":"default","local_seo":null,"breadcrumb_settings":null,"limit_modified_date":false,"ai":{"faqs":[],"keyPoints":[],"titles":[],"descriptions":[],"socialPosts":{"email":[],"linkedin":[],"twitter":[],"facebook":[],"instagram":[]}},"created":"2026-03-11 22:48:52","updated":"2026-08-15 13:06:40","seo_analyzer_scan_date":null,"focus_keyword":"Guerra das Rosas","additional_keywords":null,"truseo_locale":null},"aioseo_breadcrumb":"<div class=\"aioseo-breadcrumbs\"><span class=\"aioseo-breadcrumb\">\n\t\t\t<a href=\"https:\/\/tvnovelas.com.br\/page2\/arquivo\" title=\"Home\">Home<\/a>\n\t\t<\/span><span class=\"aioseo-breadcrumb-separator\">&raquo;<\/span><span class=\"aioseo-breadcrumb\">\n\t\t\t<a href=\"https:\/\/tvnovelas.com.br\/page2\/arquivo\/category\/band\/\" title=\"Band\">Band<\/a>\n\t\t<\/span><span class=\"aioseo-breadcrumb-separator\">&raquo;<\/span><span class=\"aioseo-breadcrumb\">\n\t\t\tGuerra das Rosas: A menina rica, a menina pobre e o poder\n\t\t<\/span><\/div>","aioseo_breadcrumb_json":[{"label":"Home","link":"https:\/\/tvnovelas.com.br\/page2\/arquivo"},{"label":"Band","link":"https:\/\/tvnovelas.com.br\/page2\/arquivo\/category\/band\/"},{"label":"Guerra das Rosas: A menina rica, a menina pobre e o poder","link":"https:\/\/tvnovelas.com.br\/page2\/arquivo\/guerra-das-rosas-a-menina-rica-a-menina-pobre-e-um-abismo\/"}],"jetpack_shortlink":"https:\/\/wp.me\/pfspD2-WC","jetpack-related-posts":[{"id":153,"url":"https:\/\/tvnovelas.com.br\/page2\/arquivo\/maria-do-bairro\/","url_meta":{"origin":3634,"position":0},"title":"Maria do Bairro: Entre o desprezo e o amor","author":"Paulo Ant\u00f4nio","date":"28\/01\/2017","format":false,"excerpt":"Entre o desprezo e o amor De autoria da cubana In\u00e9s Rodena, a trama conta a hist\u00f3ria da jovem Maria, interpretada por Thal\u00eda. Ap\u00f3s o falecimento de sua madrinha Cacilda (Aurora Molina), que a criou, Maria \u00e9 acolhida pelo rico empres\u00e1rio Fernando de la Veja (Ricardo Blume). Ela ter\u00e1 de\u2026","rel":"","context":"Em &quot;Blog&quot;","block_context":{"text":"Blog","link":"https:\/\/tvnovelas.com.br\/page2\/arquivo\/category\/blog\/"},"img":{"alt_text":"","src":"","width":0,"height":0},"classes":[]},{"id":2318,"url":"https:\/\/tvnovelas.com.br\/page2\/arquivo\/floribella-band-uma-menina-alegre-e-sonhadora\/","url_meta":{"origin":3634,"position":1},"title":"Floribella ( Band): Uma menina alegre e sonhadora","author":"Paulo Ant\u00f4nio","date":"16\/09\/2020","format":false,"excerpt":"A novela conta a hist\u00f3ria de Maria Flor, uma mo\u00e7a alegre e sonhadora que perdeu a m\u00e3e na adolesc\u00eancia e passou a ser criada por sua amorosa madrinha, Titina (Zez\u00e9 Motta). Sem muitos recursos, ela \u00e9 obrigada a ter v\u00e1rios empregos para conseguir sobreviver e, no tempo livre, canta em\u2026","rel":"","context":"Em &quot;Band&quot;","block_context":{"text":"Band","link":"https:\/\/tvnovelas.com.br\/page2\/arquivo\/category\/band\/"},"img":{"alt_text":"Foto de Flor","src":"https:\/\/i0.wp.com\/tvnovelas.com.br\/page2\/arquivo\/wp-content\/uploads\/2020\/09\/floribella01.jpg?resize=350%2C200&ssl=1","width":350,"height":200,"srcset":"https:\/\/i0.wp.com\/tvnovelas.com.br\/page2\/arquivo\/wp-content\/uploads\/2020\/09\/floribella01.jpg?resize=350%2C200&ssl=1 1x, https:\/\/i0.wp.com\/tvnovelas.com.br\/page2\/arquivo\/wp-content\/uploads\/2020\/09\/floribella01.jpg?resize=525%2C300&ssl=1 1.5x"},"classes":[]},{"id":1394,"url":"https:\/\/tvnovelas.com.br\/page2\/arquivo\/amor-proibido\/","url_meta":{"origin":3634,"position":2},"title":"Amor Proibido: Trai\u00e7\u00e3o sob o mesmo teto","author":"Paulo Ant\u00f4nio","date":"14\/12\/2017","format":false,"excerpt":"A trama \u00e9 centrada na vida de Adnan, um homem rico e vi\u00favo que perdeu sua esposa 11 anos atr\u00e1s e se fechou na sua luxuosa mans\u00e3o para dedicar aten\u00e7\u00e3o total aos seus filhos, Nihal e B\u00fclent. A fam\u00edlia mora em uma das melhores vizinhan\u00e7as de Istanbul, juntamente com o\u2026","rel":"","context":"Em &quot;Band&quot;","block_context":{"text":"Band","link":"https:\/\/tvnovelas.com.br\/page2\/arquivo\/category\/band\/"},"img":{"alt_text":"","src":"https:\/\/i0.wp.com\/tvnovelas.com.br\/page2\/arquivo\/wp-content\/uploads\/2017\/12\/amorproibido01.jpg?resize=350%2C200&ssl=1","width":350,"height":200},"classes":[]},{"id":1007,"url":"https:\/\/tvnovelas.com.br\/page2\/arquivo\/anjo-mau\/","url_meta":{"origin":3634,"position":3},"title":"Anjo Mau: Os sonhos e ambi\u00e7\u00e3o da menina pobre","author":"Paulo Ant\u00f4nio","date":"05\/02\/2017","format":false,"excerpt":"anjo Mau: Nice (Gl\u00f3ria Pires) \u00e9 uma mocinha \u00e0s avessas, com cara de anjo e atitudes question\u00e1veis. Apesar de ter sido adotada por uma fam\u00edlia pobre, ela \u00e9 ambiciosa e n\u00e3o se conforma com o que o destino parece lhe reservar: casar-se com o mec\u00e2nico Julio (Luciano Szafir), trabalhar no\u2026","rel":"","context":"Em &quot;Blog&quot;","block_context":{"text":"Blog","link":"https:\/\/tvnovelas.com.br\/page2\/arquivo\/category\/blog\/"},"img":{"alt_text":"Foto de Gl\u00f3ria Pires que vive Nice","src":"https:\/\/i0.wp.com\/www.caetenews.com.br\/page\/media\/62\/anjomau01.jpg?resize=350%2C200","width":350,"height":200},"classes":[]},{"id":426,"url":"https:\/\/tvnovelas.com.br\/page2\/arquivo\/uma-rosa-com-amor\/","url_meta":{"origin":3634,"position":4},"title":"Uma Rosa Com Amor","author":"Paulo Ant\u00f4nio","date":"31\/01\/2017","format":false,"excerpt":"Romantismo e comicidade Serafina Rosa Petroni (Carla Marins), secret\u00e1ria, est\u00e1 solteira e sem namorado desde que se separou do noivo, que a deixou \u00e0s v\u00e9speras do casamento. Ela afirma com veem\u00eancia que nunca mais vai se casar, e todos do corti\u00e7o onde ela mora acreditam. Serafina (Carla Marins) \u00e9 rom\u00e2ntica\u2026","rel":"","context":"Em &quot;Blog&quot;","block_context":{"text":"Blog","link":"https:\/\/tvnovelas.com.br\/page2\/arquivo\/category\/blog\/"},"img":{"alt_text":"","src":"https:\/\/i0.wp.com\/tvnovelas.com.br\/page2\/arquivo\/wp-content\/uploads\/sites\/3\/2017\/01\/umarosacomamor01-300x169.jpg?resize=350%2C200&ssl=1","width":350,"height":200},"classes":[]},{"id":689,"url":"https:\/\/tvnovelas.com.br\/page2\/arquivo\/guerra-dos-sexos\/","url_meta":{"origin":3634,"position":5},"title":"Guerra dos Sexos","author":"Paulo Ant\u00f4nio","date":"02\/02\/2017","format":false,"excerpt":"Uma batalha de cem dias Guerra dos Sexos, de Silvio de Abreu, tem como personagens principais Charl\u00f4 (Irene Ravache) e Ot\u00e1vio (Tony Ramos), primos que cresceram juntos e tiveram um romance durante a adolesc\u00eancia. A paix\u00e3o juvenil, no entanto, acabou se transformando em \u00f3dio mortal. Charl\u00f4 e Ot\u00e1vio se detestam\u2026","rel":"","context":"Em &quot;Blog&quot;","block_context":{"text":"Blog","link":"https:\/\/tvnovelas.com.br\/page2\/arquivo\/category\/blog\/"},"img":{"alt_text":"","src":"","width":0,"height":0},"classes":[]}],"jetpack_sharing_enabled":true,"jetpack_featured_media_url":"https:\/\/tvnovelas.com.br\/page2\/arquivo\/wp-content\/uploads\/2026\/03\/12961.jpg","_links":{"self":[{"href":"https:\/\/tvnovelas.com.br\/page2\/arquivo\/wp-json\/wp\/v2\/posts\/3634","targetHints":{"allow":["GET"]}}],"collection":[{"href":"https:\/\/tvnovelas.com.br\/page2\/arquivo\/wp-json\/wp\/v2\/posts"}],"about":[{"href":"https:\/\/tvnovelas.com.br\/page2\/arquivo\/wp-json\/wp\/v2\/types\/post"}],"author":[{"embeddable":true,"href":"https:\/\/tvnovelas.com.br\/page2\/arquivo\/wp-json\/wp\/v2\/users\/1"}],"replies":[{"embeddable":true,"href":"https:\/\/tvnovelas.com.br\/page2\/arquivo\/wp-json\/wp\/v2\/comments?post=3634"}],"version-history":[{"count":4,"href":"https:\/\/tvnovelas.com.br\/page2\/arquivo\/wp-json\/wp\/v2\/posts\/3634\/revisions"}],"predecessor-version":[{"id":3649,"href":"https:\/\/tvnovelas.com.br\/page2\/arquivo\/wp-json\/wp\/v2\/posts\/3634\/revisions\/3649"}],"wp:featuredmedia":[{"embeddable":true,"href":"https:\/\/tvnovelas.com.br\/page2\/arquivo\/wp-json\/wp\/v2\/media\/3637"}],"wp:attachment":[{"href":"https:\/\/tvnovelas.com.br\/page2\/arquivo\/wp-json\/wp\/v2\/media?parent=3634"}],"wp:term":[{"taxonomy":"category","embeddable":true,"href":"https:\/\/tvnovelas.com.br\/page2\/arquivo\/wp-json\/wp\/v2\/categories?post=3634"},{"taxonomy":"post_tag","embeddable":true,"href":"https:\/\/tvnovelas.com.br\/page2\/arquivo\/wp-json\/wp\/v2\/tags?post=3634"}],"curies":[{"name":"wp","href":"https:\/\/api.w.org\/{rel}","templated":true}]}}