{"id":3018,"date":"2022-12-06T10:45:19","date_gmt":"2022-12-06T13:45:19","guid":{"rendered":"https:\/\/tvnovelas.com.br\/page2\/arquivo\/?p=3018"},"modified":"2022-12-06T10:45:19","modified_gmt":"2022-12-06T13:45:19","slug":"o-beijo-do-vampiro-seres-sobrenaturais-e-amores","status":"publish","type":"post","link":"https:\/\/tvnovelas.com.br\/page2\/arquivo\/o-beijo-do-vampiro-seres-sobrenaturais-e-amores\/","title":{"rendered":"O Beijo do Vampiro: seres sobrenaturais e amores"},"content":{"rendered":"<p><em>Not\u00edcias de O Beijo do Vampiro: seres sobrenaturais e amores<\/em><br \/>\n<figure id=\"attachment_3019\" aria-describedby=\"caption-attachment-3019\" style=\"width: 590px\" class=\"wp-caption alignnone\"><img loading=\"lazy\" decoding=\"async\" class=\"wp-image-3019 size-medium\" title=\"(Foto: Globo\/O Beijo do Vampiro)\" src=\"https:\/\/tvnovelas.com.br\/page2\/arquivo\/wp-content\/uploads\/2022\/12\/35791-600x338.jpg\" alt=\"Foto de O Beijo do Vampiro: seres sobrenaturais e amores\" width=\"600\" height=\"338\" srcset=\"https:\/\/tvnovelas.com.br\/page2\/arquivo\/wp-content\/uploads\/2022\/12\/35791-600x338.jpg 600w, https:\/\/tvnovelas.com.br\/page2\/arquivo\/wp-content\/uploads\/2022\/12\/35791-678x381.jpg 678w, https:\/\/tvnovelas.com.br\/page2\/arquivo\/wp-content\/uploads\/2022\/12\/35791.jpg 728w\" sizes=\"auto, (max-width: 600px) 100vw, 600px\" \/><figcaption id=\"caption-attachment-3019\" class=\"wp-caption-text\">Tarc\u00edsio Meira e Claudia Raia s\u00e3o os vampiros B\u00f3ris e Mina<\/figcaption><\/figure><\/p>\n<p>A novela \u2018O Beijo do Vampiro\u2019 \u00e9 centrada na personagem de L\u00edvia (Fl\u00e1via Alessandra), que come\u00e7a a ter seu destino tra\u00e7ado em outras vidas quando o vampiro B\u00f3ris (Tarc\u00edsio Meira) se apaixona perdidamente pela mo\u00e7a. Na \u00e9poca medieval, L\u00edvia foi uma princesa e se chamava Cec\u00edlia. Beto (Thiago Lacerda), seu noivo atualmente, foi o conde Rog\u00e9rio, e B\u00f3ris (Tarc\u00edsio Meira), o vampiro, era o duque B\u00f3ris.<\/p>\n<p>A novela come\u00e7a com a apresenta\u00e7\u00e3o de L\u00edvia e seu marido, Beto, que juntos, tiveram tr\u00eas filhos; Zeca (Kayky Brito), Tet\u00ea (Renata Nascimento) e Juninho (Guilherme Vieira). A felicidade da fam\u00edlia ser\u00e1 destru\u00edda, assim como na vida passada de L\u00edvia e Beto (princesa Cec\u00edlia e conde Rog\u00e9rio), pela reapari\u00e7\u00e3o do vampiro B\u00f3ris, que agora est\u00e1 casado com Mina (Claudia Raia), uma vampira frustrada e arredia.<\/p>\n<p>\u2018O Beijo do Vampiro\u2019 foi escrita por Antonio Calmon com a colabora\u00e7\u00e3o de \u00c1lvaro Ramos, Eliane Garcia, Elizabeth Jhin, L\u00edlian Garcia, Maria Helena Nascimento e Mauro Wilson e teve dire\u00e7\u00e3o de Marcos Paulo, Roberto Naar, Luiz Henrique Rios, Edgar Miranda e Paulo Silvestrini. A dire\u00e7\u00e3o geral foi de Roberto Naar e Marcos Paulo, que foi tamb\u00e9m diretor de n\u00facleo.<\/p>\n","protected":false},"excerpt":{"rendered":"<p>Not\u00edcias de O Beijo do Vampiro: seres sobrenaturais e amores A novela \u2018O Beijo do Vampiro\u2019 \u00e9 centrada na personagem de L\u00edvia (Fl\u00e1via Alessandra), que come\u00e7a a ter seu destino tra\u00e7ado em outras vidas quando o vampiro B\u00f3ris (Tarc\u00edsio Meira) se apaixona perdidamente pela mo\u00e7a. Na \u00e9poca medieval, L\u00edvia foi uma princesa e se chamava &#8230; <a title=\"O Beijo do Vampiro: seres sobrenaturais e amores\" class=\"read-more\" href=\"https:\/\/tvnovelas.com.br\/page2\/arquivo\/o-beijo-do-vampiro-seres-sobrenaturais-e-amores\/\" aria-label=\"More on O Beijo do Vampiro: seres sobrenaturais e amores\">Ler mais<\/a><\/p>\n","protected":false},"author":1,"featured_media":3019,"comment_status":"closed","ping_status":"closed","sticky":false,"template":"","format":"standard","meta":{"_monsterinsights_skip_tracking":false,"_jetpack_newsletter_access":"","_jetpack_dont_email_post_to_subs":false,"_jetpack_newsletter_tier_id":0,"_jetpack_memberships_contains_paywalled_content":false,"_jetpack_feature_clip_id":0,"_jetpack_memberships_contains_paid_content":false,"footnotes":"","jetpack_post_was_ever_published":false},"categories":[2],"tags":[11,8],"class_list":["post-3018","post","type-post","status-publish","format-standard","has-post-thumbnail","hentry","category-globo","tag-globo","tag-sinopse"],"aioseo_notices":[],"aioseo_head":"\n\t\t<!-- All in One SEO 5.0.1.1 - aioseo.com -->\n\t<meta name=\"description\" content=\"O Beijo do Vampiro: seres sobrenaturais e amores. Arquivo de novelas da Globo, SBT, Record, Band, com sinopses e principais personagens. Not\u00edcias e Resumos de novelas\" \/>\n\t<meta name=\"robots\" content=\"max-image-preview:large\" \/>\n\t<meta name=\"author\" content=\"Paulo Ant\u00f4nio\"\/>\n\t<link rel=\"canonical\" href=\"https:\/\/tvnovelas.com.br\/page2\/arquivo\/o-beijo-do-vampiro-seres-sobrenaturais-e-amores\/\" \/>\n\t<meta name=\"generator\" content=\"All in One SEO (AIOSEO) 5.0.1.1\" \/>\n\t\t<meta property=\"og:locale\" content=\"pt_BR\" \/>\n\t\t<meta property=\"og:site_name\" content=\"Arquivo de Novelas | Tramas e personagens\" \/>\n\t\t<meta property=\"og:type\" content=\"article\" \/>\n\t\t<meta property=\"og:title\" content=\"O Beijo do Vampiro: seres sobrenaturais e amores | Arquivo de Novelas\" \/>\n\t\t<meta property=\"og:description\" content=\"O Beijo do Vampiro: seres sobrenaturais e amores. Arquivo de novelas da Globo, SBT, Record, Band, com sinopses e principais personagens. Not\u00edcias e Resumos de novelas\" \/>\n\t\t<meta property=\"og:url\" content=\"https:\/\/tvnovelas.com.br\/page2\/arquivo\/o-beijo-do-vampiro-seres-sobrenaturais-e-amores\/\" \/>\n\t\t<meta property=\"article:published_time\" content=\"2022-12-06T13:45:19+00:00\" \/>\n\t\t<meta property=\"article:modified_time\" content=\"2022-12-06T13:45:19+00:00\" \/>\n\t\t<meta property=\"article:publisher\" content=\"https:\/\/www.facebook.com\/tevenovelas\" \/>\n\t\t<meta name=\"twitter:card\" content=\"summary_large_image\" \/>\n\t\t<meta name=\"twitter:site\" content=\"@tvnovelas\" \/>\n\t\t<meta name=\"twitter:title\" content=\"O Beijo do Vampiro: seres sobrenaturais e amores | Arquivo de Novelas\" \/>\n\t\t<meta name=\"twitter:description\" content=\"O Beijo do Vampiro: seres sobrenaturais e amores. Arquivo de novelas da Globo, SBT, Record, Band, com sinopses e principais personagens. Not\u00edcias e Resumos de novelas\" \/>\n\t\t<meta name=\"twitter:creator\" content=\"@tvnovelas\" \/>\n\t\t<script type=\"application\/ld+json\" class=\"aioseo-schema\">\n\t\t\t{\"@context\":\"https:\\\/\\\/schema.org\",\"@graph\":[{\"@type\":\"Article\",\"@id\":\"https:\\\/\\\/tvnovelas.com.br\\\/page2\\\/arquivo\\\/o-beijo-do-vampiro-seres-sobrenaturais-e-amores\\\/#article\",\"name\":\"O Beijo do Vampiro: seres sobrenaturais e amores | Arquivo de Novelas\",\"headline\":\"O Beijo do Vampiro: seres sobrenaturais e amores\",\"author\":{\"@id\":\"https:\\\/\\\/tvnovelas.com.br\\\/page2\\\/arquivo\\\/author\\\/pauloantoniocaetenews-com-br\\\/#author\"},\"publisher\":{\"@id\":\"https:\\\/\\\/tvnovelas.com.br\\\/page2\\\/arquivo\\\/#organization\"},\"image\":{\"@type\":\"ImageObject\",\"url\":\"https:\\\/\\\/tvnovelas.com.br\\\/page2\\\/arquivo\\\/wp-content\\\/uploads\\\/2022\\\/12\\\/35791.jpg\",\"width\":728,\"height\":410,\"caption\":\"Tarc\\u00edsio Meira e Claudia Raia s\\u00e3o os vampiros B\\u00f3ris e Mina\"},\"datePublished\":\"2022-12-06T10:45:19-03:00\",\"dateModified\":\"2022-12-06T10:45:19-03:00\",\"inLanguage\":\"pt-BR\",\"mainEntityOfPage\":{\"@id\":\"https:\\\/\\\/tvnovelas.com.br\\\/page2\\\/arquivo\\\/o-beijo-do-vampiro-seres-sobrenaturais-e-amores\\\/#webpage\"},\"isPartOf\":{\"@id\":\"https:\\\/\\\/tvnovelas.com.br\\\/page2\\\/arquivo\\\/o-beijo-do-vampiro-seres-sobrenaturais-e-amores\\\/#webpage\"},\"articleSection\":\"Globo, Globo, sinopse\"},{\"@type\":\"BreadcrumbList\",\"@id\":\"https:\\\/\\\/tvnovelas.com.br\\\/page2\\\/arquivo\\\/o-beijo-do-vampiro-seres-sobrenaturais-e-amores\\\/#breadcrumblist\",\"itemListElement\":[{\"@type\":\"ListItem\",\"@id\":\"https:\\\/\\\/tvnovelas.com.br\\\/page2\\\/arquivo#listItem\",\"position\":1,\"name\":\"Home\",\"item\":\"https:\\\/\\\/tvnovelas.com.br\\\/page2\\\/arquivo\",\"nextItem\":{\"@type\":\"ListItem\",\"@id\":\"https:\\\/\\\/tvnovelas.com.br\\\/page2\\\/arquivo\\\/category\\\/globo\\\/#listItem\",\"name\":\"Globo\"}},{\"@type\":\"ListItem\",\"@id\":\"https:\\\/\\\/tvnovelas.com.br\\\/page2\\\/arquivo\\\/category\\\/globo\\\/#listItem\",\"position\":2,\"name\":\"Globo\",\"item\":\"https:\\\/\\\/tvnovelas.com.br\\\/page2\\\/arquivo\\\/category\\\/globo\\\/\",\"nextItem\":{\"@type\":\"ListItem\",\"@id\":\"https:\\\/\\\/tvnovelas.com.br\\\/page2\\\/arquivo\\\/o-beijo-do-vampiro-seres-sobrenaturais-e-amores\\\/#listItem\",\"name\":\"O Beijo do Vampiro: seres sobrenaturais e amores\"},\"previousItem\":{\"@type\":\"ListItem\",\"@id\":\"https:\\\/\\\/tvnovelas.com.br\\\/page2\\\/arquivo#listItem\",\"name\":\"Home\"}},{\"@type\":\"ListItem\",\"@id\":\"https:\\\/\\\/tvnovelas.com.br\\\/page2\\\/arquivo\\\/o-beijo-do-vampiro-seres-sobrenaturais-e-amores\\\/#listItem\",\"position\":3,\"name\":\"O Beijo do Vampiro: seres sobrenaturais e amores\",\"previousItem\":{\"@type\":\"ListItem\",\"@id\":\"https:\\\/\\\/tvnovelas.com.br\\\/page2\\\/arquivo\\\/category\\\/globo\\\/#listItem\",\"name\":\"Globo\"}}]},{\"@type\":\"Organization\",\"@id\":\"https:\\\/\\\/tvnovelas.com.br\\\/page2\\\/arquivo\\\/#organization\",\"name\":\"TV Novelas\",\"description\":\"Tramas e personagens\",\"url\":\"https:\\\/\\\/tvnovelas.com.br\\\/page2\\\/arquivo\\\/\",\"logo\":{\"@type\":\"ImageObject\",\"url\":\"https:\\\/\\\/tvnovelas.com.br\\\/page2\\\/arquivo\\\/wp-content\\\/uploads\\\/2020\\\/11\\\/logo192.jpg\",\"@id\":\"https:\\\/\\\/tvnovelas.com.br\\\/page2\\\/arquivo\\\/o-beijo-do-vampiro-seres-sobrenaturais-e-amores\\\/#organizationLogo\",\"width\":192,\"height\":192},\"image\":{\"@id\":\"https:\\\/\\\/tvnovelas.com.br\\\/page2\\\/arquivo\\\/o-beijo-do-vampiro-seres-sobrenaturais-e-amores\\\/#organizationLogo\"},\"sameAs\":[\"https:\\\/\\\/www.facebook.com\\\/tevenovelas\",\"https:\\\/\\\/twitter.com\\\/tvnovelas\",\"https:\\\/\\\/www.instagram.com\\\/tvnovelas3\\\/\"]},{\"@type\":\"Person\",\"@id\":\"https:\\\/\\\/tvnovelas.com.br\\\/page2\\\/arquivo\\\/author\\\/pauloantoniocaetenews-com-br\\\/#author\",\"url\":\"https:\\\/\\\/tvnovelas.com.br\\\/page2\\\/arquivo\\\/author\\\/pauloantoniocaetenews-com-br\\\/\",\"name\":\"Paulo Ant\\u00f4nio\",\"image\":{\"@type\":\"ImageObject\",\"@id\":\"https:\\\/\\\/tvnovelas.com.br\\\/page2\\\/arquivo\\\/o-beijo-do-vampiro-seres-sobrenaturais-e-amores\\\/#authorImage\",\"url\":\"https:\\\/\\\/secure.gravatar.com\\\/avatar\\\/3c5bcbd6b5d39e79ed20e5ee737f6db06858bc0fdbc87619a75f2aaad80807e2?s=96&d=mm&r=g\",\"width\":96,\"height\":96,\"caption\":\"Paulo Ant\\u00f4nio\"}},{\"@type\":\"WebPage\",\"@id\":\"https:\\\/\\\/tvnovelas.com.br\\\/page2\\\/arquivo\\\/o-beijo-do-vampiro-seres-sobrenaturais-e-amores\\\/#webpage\",\"url\":\"https:\\\/\\\/tvnovelas.com.br\\\/page2\\\/arquivo\\\/o-beijo-do-vampiro-seres-sobrenaturais-e-amores\\\/\",\"name\":\"O Beijo do Vampiro: seres sobrenaturais e amores | Arquivo de Novelas\",\"description\":\"O Beijo do Vampiro: seres sobrenaturais e amores. Arquivo de novelas da Globo, SBT, Record, Band, com sinopses e principais personagens. Not\\u00edcias e Resumos de novelas\",\"inLanguage\":\"pt-BR\",\"isPartOf\":{\"@id\":\"https:\\\/\\\/tvnovelas.com.br\\\/page2\\\/arquivo\\\/#website\"},\"breadcrumb\":{\"@id\":\"https:\\\/\\\/tvnovelas.com.br\\\/page2\\\/arquivo\\\/o-beijo-do-vampiro-seres-sobrenaturais-e-amores\\\/#breadcrumblist\"},\"author\":{\"@id\":\"https:\\\/\\\/tvnovelas.com.br\\\/page2\\\/arquivo\\\/author\\\/pauloantoniocaetenews-com-br\\\/#author\"},\"creator\":{\"@id\":\"https:\\\/\\\/tvnovelas.com.br\\\/page2\\\/arquivo\\\/author\\\/pauloantoniocaetenews-com-br\\\/#author\"},\"image\":{\"@type\":\"ImageObject\",\"url\":\"https:\\\/\\\/tvnovelas.com.br\\\/page2\\\/arquivo\\\/wp-content\\\/uploads\\\/2022\\\/12\\\/35791.jpg\",\"@id\":\"https:\\\/\\\/tvnovelas.com.br\\\/page2\\\/arquivo\\\/o-beijo-do-vampiro-seres-sobrenaturais-e-amores\\\/#mainImage\",\"width\":728,\"height\":410,\"caption\":\"Tarc\\u00edsio Meira e Claudia Raia s\\u00e3o os vampiros B\\u00f3ris e Mina\"},\"primaryImageOfPage\":{\"@id\":\"https:\\\/\\\/tvnovelas.com.br\\\/page2\\\/arquivo\\\/o-beijo-do-vampiro-seres-sobrenaturais-e-amores\\\/#mainImage\"},\"datePublished\":\"2022-12-06T10:45:19-03:00\",\"dateModified\":\"2022-12-06T10:45:19-03:00\"},{\"@type\":\"WebSite\",\"@id\":\"https:\\\/\\\/tvnovelas.com.br\\\/page2\\\/arquivo\\\/#website\",\"url\":\"https:\\\/\\\/tvnovelas.com.br\\\/page2\\\/arquivo\\\/\",\"name\":\"Arquivo de Novelas\",\"description\":\"Tramas e personagens\",\"inLanguage\":\"pt-BR\",\"publisher\":{\"@id\":\"https:\\\/\\\/tvnovelas.com.br\\\/page2\\\/arquivo\\\/#organization\"}}]}\n\t\t<\/script>\n\t\t<!-- All in One SEO -->\n\n","aioseo_head_json":{"title":"O Beijo do Vampiro: seres sobrenaturais e amores | Arquivo de Novelas","description":"O Beijo do Vampiro: seres sobrenaturais e amores. Arquivo de novelas da Globo, SBT, Record, Band, com sinopses e principais personagens. Not\u00edcias e Resumos de novelas","canonical_url":"https:\/\/tvnovelas.com.br\/page2\/arquivo\/o-beijo-do-vampiro-seres-sobrenaturais-e-amores\/","robots":"max-image-preview:large","keywords":"","webmasterTools":{"miscellaneous":""},"schema":{"@context":"https:\/\/schema.org","@graph":[{"@type":"Article","@id":"https:\/\/tvnovelas.com.br\/page2\/arquivo\/o-beijo-do-vampiro-seres-sobrenaturais-e-amores\/#article","name":"O Beijo do Vampiro: seres sobrenaturais e amores | Arquivo de Novelas","headline":"O Beijo do Vampiro: seres sobrenaturais e amores","author":{"@id":"https:\/\/tvnovelas.com.br\/page2\/arquivo\/author\/pauloantoniocaetenews-com-br\/#author"},"publisher":{"@id":"https:\/\/tvnovelas.com.br\/page2\/arquivo\/#organization"},"image":{"@type":"ImageObject","url":"https:\/\/tvnovelas.com.br\/page2\/arquivo\/wp-content\/uploads\/2022\/12\/35791.jpg","width":728,"height":410,"caption":"Tarc\u00edsio Meira e Claudia Raia s\u00e3o os vampiros B\u00f3ris e Mina"},"datePublished":"2022-12-06T10:45:19-03:00","dateModified":"2022-12-06T10:45:19-03:00","inLanguage":"pt-BR","mainEntityOfPage":{"@id":"https:\/\/tvnovelas.com.br\/page2\/arquivo\/o-beijo-do-vampiro-seres-sobrenaturais-e-amores\/#webpage"},"isPartOf":{"@id":"https:\/\/tvnovelas.com.br\/page2\/arquivo\/o-beijo-do-vampiro-seres-sobrenaturais-e-amores\/#webpage"},"articleSection":"Globo, Globo, sinopse"},{"@type":"BreadcrumbList","@id":"https:\/\/tvnovelas.com.br\/page2\/arquivo\/o-beijo-do-vampiro-seres-sobrenaturais-e-amores\/#breadcrumblist","itemListElement":[{"@type":"ListItem","@id":"https:\/\/tvnovelas.com.br\/page2\/arquivo#listItem","position":1,"name":"Home","item":"https:\/\/tvnovelas.com.br\/page2\/arquivo","nextItem":{"@type":"ListItem","@id":"https:\/\/tvnovelas.com.br\/page2\/arquivo\/category\/globo\/#listItem","name":"Globo"}},{"@type":"ListItem","@id":"https:\/\/tvnovelas.com.br\/page2\/arquivo\/category\/globo\/#listItem","position":2,"name":"Globo","item":"https:\/\/tvnovelas.com.br\/page2\/arquivo\/category\/globo\/","nextItem":{"@type":"ListItem","@id":"https:\/\/tvnovelas.com.br\/page2\/arquivo\/o-beijo-do-vampiro-seres-sobrenaturais-e-amores\/#listItem","name":"O Beijo do Vampiro: seres sobrenaturais e amores"},"previousItem":{"@type":"ListItem","@id":"https:\/\/tvnovelas.com.br\/page2\/arquivo#listItem","name":"Home"}},{"@type":"ListItem","@id":"https:\/\/tvnovelas.com.br\/page2\/arquivo\/o-beijo-do-vampiro-seres-sobrenaturais-e-amores\/#listItem","position":3,"name":"O Beijo do Vampiro: seres sobrenaturais e amores","previousItem":{"@type":"ListItem","@id":"https:\/\/tvnovelas.com.br\/page2\/arquivo\/category\/globo\/#listItem","name":"Globo"}}]},{"@type":"Organization","@id":"https:\/\/tvnovelas.com.br\/page2\/arquivo\/#organization","name":"TV Novelas","description":"Tramas e personagens","url":"https:\/\/tvnovelas.com.br\/page2\/arquivo\/","logo":{"@type":"ImageObject","url":"https:\/\/tvnovelas.com.br\/page2\/arquivo\/wp-content\/uploads\/2020\/11\/logo192.jpg","@id":"https:\/\/tvnovelas.com.br\/page2\/arquivo\/o-beijo-do-vampiro-seres-sobrenaturais-e-amores\/#organizationLogo","width":192,"height":192},"image":{"@id":"https:\/\/tvnovelas.com.br\/page2\/arquivo\/o-beijo-do-vampiro-seres-sobrenaturais-e-amores\/#organizationLogo"},"sameAs":["https:\/\/www.facebook.com\/tevenovelas","https:\/\/twitter.com\/tvnovelas","https:\/\/www.instagram.com\/tvnovelas3\/"]},{"@type":"Person","@id":"https:\/\/tvnovelas.com.br\/page2\/arquivo\/author\/pauloantoniocaetenews-com-br\/#author","url":"https:\/\/tvnovelas.com.br\/page2\/arquivo\/author\/pauloantoniocaetenews-com-br\/","name":"Paulo Ant\u00f4nio","image":{"@type":"ImageObject","@id":"https:\/\/tvnovelas.com.br\/page2\/arquivo\/o-beijo-do-vampiro-seres-sobrenaturais-e-amores\/#authorImage","url":"https:\/\/secure.gravatar.com\/avatar\/3c5bcbd6b5d39e79ed20e5ee737f6db06858bc0fdbc87619a75f2aaad80807e2?s=96&d=mm&r=g","width":96,"height":96,"caption":"Paulo Ant\u00f4nio"}},{"@type":"WebPage","@id":"https:\/\/tvnovelas.com.br\/page2\/arquivo\/o-beijo-do-vampiro-seres-sobrenaturais-e-amores\/#webpage","url":"https:\/\/tvnovelas.com.br\/page2\/arquivo\/o-beijo-do-vampiro-seres-sobrenaturais-e-amores\/","name":"O Beijo do Vampiro: seres sobrenaturais e amores | Arquivo de Novelas","description":"O Beijo do Vampiro: seres sobrenaturais e amores. Arquivo de novelas da Globo, SBT, Record, Band, com sinopses e principais personagens. Not\u00edcias e Resumos de novelas","inLanguage":"pt-BR","isPartOf":{"@id":"https:\/\/tvnovelas.com.br\/page2\/arquivo\/#website"},"breadcrumb":{"@id":"https:\/\/tvnovelas.com.br\/page2\/arquivo\/o-beijo-do-vampiro-seres-sobrenaturais-e-amores\/#breadcrumblist"},"author":{"@id":"https:\/\/tvnovelas.com.br\/page2\/arquivo\/author\/pauloantoniocaetenews-com-br\/#author"},"creator":{"@id":"https:\/\/tvnovelas.com.br\/page2\/arquivo\/author\/pauloantoniocaetenews-com-br\/#author"},"image":{"@type":"ImageObject","url":"https:\/\/tvnovelas.com.br\/page2\/arquivo\/wp-content\/uploads\/2022\/12\/35791.jpg","@id":"https:\/\/tvnovelas.com.br\/page2\/arquivo\/o-beijo-do-vampiro-seres-sobrenaturais-e-amores\/#mainImage","width":728,"height":410,"caption":"Tarc\u00edsio Meira e Claudia Raia s\u00e3o os vampiros B\u00f3ris e Mina"},"primaryImageOfPage":{"@id":"https:\/\/tvnovelas.com.br\/page2\/arquivo\/o-beijo-do-vampiro-seres-sobrenaturais-e-amores\/#mainImage"},"datePublished":"2022-12-06T10:45:19-03:00","dateModified":"2022-12-06T10:45:19-03:00"},{"@type":"WebSite","@id":"https:\/\/tvnovelas.com.br\/page2\/arquivo\/#website","url":"https:\/\/tvnovelas.com.br\/page2\/arquivo\/","name":"Arquivo de Novelas","description":"Tramas e personagens","inLanguage":"pt-BR","publisher":{"@id":"https:\/\/tvnovelas.com.br\/page2\/arquivo\/#organization"}}]},"og:locale":"pt_BR","og:site_name":"Arquivo de Novelas | Tramas e personagens","og:type":"article","og:title":"O Beijo do Vampiro: seres sobrenaturais e amores | Arquivo de Novelas","og:description":"O Beijo do Vampiro: seres sobrenaturais e amores. Arquivo de novelas da Globo, SBT, Record, Band, com sinopses e principais personagens. Not\u00edcias e Resumos de novelas","og:url":"https:\/\/tvnovelas.com.br\/page2\/arquivo\/o-beijo-do-vampiro-seres-sobrenaturais-e-amores\/","article:published_time":"2022-12-06T13:45:19+00:00","article:modified_time":"2022-12-06T13:45:19+00:00","article:publisher":"https:\/\/www.facebook.com\/tevenovelas","twitter:card":"summary_large_image","twitter:site":"@tvnovelas","twitter:title":"O Beijo do Vampiro: seres sobrenaturais e amores | Arquivo de Novelas","twitter:description":"O Beijo do Vampiro: seres sobrenaturais e amores. Arquivo de novelas da Globo, SBT, Record, Band, com sinopses e principais personagens. Not\u00edcias e Resumos de novelas","twitter:creator":"@tvnovelas"},"aioseo_meta_data":{"post_id":"3018","title":null,"description":"O Beijo do Vampiro: seres sobrenaturais e amores. Arquivo de novelas da Globo, SBT, Record, Band, com sinopses e principais personagens. Not\u00edcias e Resumos de novelas","keywords":[],"keyphrases":{"focus":{"keyphrase":"O Beijo do Vampiro: seres sobrenaturais e amores","score":74,"analysis":{"keyphraseInTitle":{"title":"Focus keyphrase in SEO title","description":"Focus keyphrase found in SEO title.","score":9,"maxScore":9,"error":0},"keyphraseInDescription":{"title":"Focus keyphrase in meta description","description":"Focus keyphrase found in meta description.","score":9,"maxScore":9,"error":0},"keyphraseLength":{"title":"Focus keyphrase length","description":"Focus keyphrase is slightly long. Try to make it shorter.","score":6,"maxScore":9,"error":1,"length":8},"keyphraseInURL":{"title":"Focus keyphrase in URL","description":"Focus keyphrase not found in the URL.","score":1,"maxScore":5,"error":1},"keyphraseInIntroduction":{"title":"Focus keyphrase in introduction","description":"Your Focus keyphrase does not appear in the first paragraph. Make sure the topic is clear immediately.","score":3,"maxScore":9,"error":1},"keyphraseInSubHeadings":[],"keyphraseInImageAlt":{"title":"Focus keyphrase in image alt attributes","description":"Focus keyphrase found in image alt attribute(s).","score":9,"maxScore":9,"error":0}}},"additional":[]},"primary_term":null,"canonical_url":null,"og_title":null,"og_description":null,"og_object_type":"default","og_image_type":"default","og_image_url":null,"og_image_width":null,"og_image_height":null,"og_image_custom_url":null,"og_image_custom_fields":null,"og_video":"","og_custom_url":null,"og_article_section":null,"og_article_tags":[],"twitter_use_og":false,"twitter_card":"default","twitter_image_type":"default","twitter_image_url":null,"twitter_image_custom_url":null,"twitter_image_custom_fields":null,"twitter_title":null,"twitter_description":null,"schema":{"blockGraphs":[],"customGraphs":[],"default":{"data":{"Article":[],"Course":[],"Dataset":[],"FAQPage":[],"Movie":[],"Person":[],"Product":[],"ProductReview":[],"Car":[],"Recipe":[],"Service":[],"SoftwareApplication":[],"WebPage":[]},"graphName":"Article","isEnabled":true},"graphs":[]},"schema_type":"default","schema_type_options":null,"pillar_content":false,"robots_default":true,"robots_noindex":false,"robots_noarchive":false,"robots_nosnippet":false,"robots_nofollow":false,"robots_noimageindex":false,"robots_noodp":false,"robots_notranslate":false,"robots_max_snippet":"-1","robots_max_videopreview":"-1","robots_max_imagepreview":"large","priority":null,"frequency":"default","local_seo":null,"breadcrumb_settings":null,"limit_modified_date":false,"ai":null,"created":"2022-12-06 13:45:19","updated":"2025-06-03 23:51:13","seo_analyzer_scan_date":null,"focus_keyword":"O Beijo do Vampiro: seres sobrenaturais e amores","additional_keywords":null,"truseo_locale":null},"aioseo_breadcrumb":"<div class=\"aioseo-breadcrumbs\"><span class=\"aioseo-breadcrumb\">\n\t\t\t<a href=\"https:\/\/tvnovelas.com.br\/page2\/arquivo\" title=\"Home\">Home<\/a>\n\t\t<\/span><span class=\"aioseo-breadcrumb-separator\">&raquo;<\/span><span class=\"aioseo-breadcrumb\">\n\t\t\t<a href=\"https:\/\/tvnovelas.com.br\/page2\/arquivo\/category\/globo\/\" title=\"Globo\">Globo<\/a>\n\t\t<\/span><span class=\"aioseo-breadcrumb-separator\">&raquo;<\/span><span class=\"aioseo-breadcrumb\">\n\t\t\tO Beijo do Vampiro: seres sobrenaturais e amores\n\t\t<\/span><\/div>","aioseo_breadcrumb_json":[{"label":"Home","link":"https:\/\/tvnovelas.com.br\/page2\/arquivo"},{"label":"Globo","link":"https:\/\/tvnovelas.com.br\/page2\/arquivo\/category\/globo\/"},{"label":"O Beijo do Vampiro: seres sobrenaturais e amores","link":"https:\/\/tvnovelas.com.br\/page2\/arquivo\/o-beijo-do-vampiro-seres-sobrenaturais-e-amores\/"}],"jetpack_shortlink":"https:\/\/wp.me\/pfspD2-MG","jetpack-related-posts":[{"id":2495,"url":"https:\/\/tvnovelas.com.br\/page2\/arquivo\/vamp-a-roqueira-que-vendeu-a-alma-ao-vampiro\/","url_meta":{"origin":3018,"position":0},"title":"&#8216;Vamp&#8217;: a roqueira que vendeu a alma ao vampiro","author":"Paulo Ant\u00f4nio","date":"01\/03\/2020","format":false,"excerpt":"A novela \"Vamp\", escrita por Antonio Calmon, foi sucesso entre crian\u00e7as e adolescentes no in\u00edcio dos anos 90. Em \"Vamp\" a atriz Claudia Ohana interpreta a cantora de rock Natasha, que esconde o segredo de ser uma vampira. Natasha vendeu sua alma ao vampiro Vlad (Ney Latorraca) para conseguir fama\u2026","rel":"","context":"Em &quot;Globo&quot;","block_context":{"text":"Globo","link":"https:\/\/tvnovelas.com.br\/page2\/arquivo\/category\/globo\/"},"img":{"alt_text":"Foto de Cl\u00e1udia Ohana omo Natasha na novela","src":"https:\/\/i0.wp.com\/tvnovelas.com.br\/page2\/arquivo\/wp-content\/uploads\/2021\/03\/vamp2.jpg?resize=350%2C200&ssl=1","width":350,"height":200,"srcset":"https:\/\/i0.wp.com\/tvnovelas.com.br\/page2\/arquivo\/wp-content\/uploads\/2021\/03\/vamp2.jpg?resize=350%2C200&ssl=1 1x, https:\/\/i0.wp.com\/tvnovelas.com.br\/page2\/arquivo\/wp-content\/uploads\/2021\/03\/vamp2.jpg?resize=525%2C300&ssl=1 1.5x"},"classes":[]},{"id":2517,"url":"https:\/\/tvnovelas.com.br\/page2\/arquivo\/roda-de-fogo-um-empresario-inescrupuloso\/","url_meta":{"origin":3018,"position":1},"title":"Roda de Fogo: Um empres\u00e1rio inescrupuloso","author":"Paulo Ant\u00f4nio","date":"01\/03\/2020","format":false,"excerpt":"Empres\u00e1rio bem-sucedido e inescrupuloso, Renato Villar (Tarc\u00edsio Meira) mant\u00e9m um casamento de apar\u00eancias com Carolina (Renata Sorrah), uma mulher fria e ambiciosa. Um dossi\u00ea com irregularidades em uma das empresas dele \u00e9 revelado, o que provoca um esc\u00e2ndalo no meio empresarial. A ju\u00edza que assume o caso \u00e9 L\u00facia Brand\u00e3o\u2026","rel":"","context":"Em &quot;Globo&quot;","block_context":{"text":"Globo","link":"https:\/\/tvnovelas.com.br\/page2\/arquivo\/category\/globo\/"},"img":{"alt_text":"Foto de divulga\u00e7\u00e3o","src":"https:\/\/i0.wp.com\/tvnovelas.com.br\/page2\/arquivo\/wp-content\/uploads\/2021\/04\/rodadefogo.jpg?resize=350%2C200&ssl=1","width":350,"height":200,"srcset":"https:\/\/i0.wp.com\/tvnovelas.com.br\/page2\/arquivo\/wp-content\/uploads\/2021\/04\/rodadefogo.jpg?resize=350%2C200&ssl=1 1x, https:\/\/i0.wp.com\/tvnovelas.com.br\/page2\/arquivo\/wp-content\/uploads\/2021\/04\/rodadefogo.jpg?resize=525%2C300&ssl=1 1.5x"},"classes":[]},{"id":1053,"url":"https:\/\/tvnovelas.com.br\/page2\/arquivo\/torre-de-babel\/","url_meta":{"origin":3018,"position":2},"title":"Torre de Babel: Um plano de vingan\u00e7a","author":"Paulo Ant\u00f4nio","date":"06\/02\/2017","format":false,"excerpt":"Trama policial ambientada em S\u00e3o Paulo enfocava a viol\u00eancia e a estratifica\u00e7\u00e3o social. Exibida originalmente em 1998, a trama \u00e9 considerada uma das mais emblem\u00e1ticas de Silvio de Abreu, por abordar temas como homossexualidade, viol\u00eancia e drogas. Ambientada em S\u00e3o Paulo, a novela come\u00e7a com uma cena de crime: o\u2026","rel":"","context":"Em &quot;Blog&quot;","block_context":{"text":"Blog","link":"https:\/\/tvnovelas.com.br\/page2\/arquivo\/category\/blog\/"},"img":{"alt_text":"","src":"","width":0,"height":0},"classes":[]},{"id":1038,"url":"https:\/\/tvnovelas.com.br\/page2\/arquivo\/a-lei-do-amor\/","url_meta":{"origin":3018,"position":3},"title":"A Lei do Amor: A for\u00e7a do amor","author":"Paulo Ant\u00f4nio","date":"06\/02\/2017","format":false,"excerpt":"As \u00e1guas de Paraty, no Rio de Janeiro, enla\u00e7am o amor de Pedro (Chay Suede\/ Reynaldo Gianecchini) e Hel\u00f4 (Isabelle Drummond\/ Claudia Abreu). Foi no mar do munic\u00edpio brasileiro que, durante a primeira viagem do casal, nos anos 1990, seus anz\u00f3is de pesca se enroscaram e se prenderam, formando um\u2026","rel":"","context":"Em &quot;Blog&quot;","block_context":{"text":"Blog","link":"https:\/\/tvnovelas.com.br\/page2\/arquivo\/category\/blog\/"},"img":{"alt_text":"","src":"","width":0,"height":0},"classes":[]},{"id":395,"url":"https:\/\/tvnovelas.com.br\/page2\/arquivo\/malhacao-2010\/","url_meta":{"origin":3018,"position":4},"title":"Malha\u00e7\u00e3o-ID 2009\/2010: O romance de B\u00ea e Cris","author":"Paulo Ant\u00f4nio","date":"31\/01\/2017","format":false,"excerpt":"Malha\u00e7\u00e3o ID Bernardo (Fiuk) e Cristiana (Cristiana Peres) s\u00e3o dois jovens determinados, de mundos bem diferentes. Bernardo \u00e9 filho de Paulo Roberto Oliveira (T\u00e1rcisio Filho), e junto com Beto (Murilo Couto), Bia (Mariana Molina) e Tati (\u00c9lida Muniz), formam o quarteto mais \u201ctemido\u201d no col\u00e9gio Primeira Op\u00e7\u00e3o. Cristiana \u00e9 filha\u2026","rel":"","context":"Em &quot;Blog&quot;","block_context":{"text":"Blog","link":"https:\/\/tvnovelas.com.br\/page2\/arquivo\/category\/blog\/"},"img":{"alt_text":"","src":"https:\/\/i0.wp.com\/tvnovelas.com.br\/page2\/arquivo\/wp-content\/uploads\/sites\/3\/2017\/01\/malhacao201001-300x169.jpg?resize=350%2C200&ssl=1","width":350,"height":200},"classes":[]},{"id":252,"url":"https:\/\/tvnovelas.com.br\/page2\/arquivo\/os-mutantes-caminhos-do-coracao\/","url_meta":{"origin":3018,"position":5},"title":"Os Mutantes &#8211; Caminhos do Cora\u00e7\u00e3o","author":"Paulo Ant\u00f4nio","date":"29\/01\/2017","format":false,"excerpt":"\"Os Mutantes - Caminhos do Cora\u00e7\u00e3o\" \u00e9 a nova novela da Record, com tramas diferentes, novos personagens, mas mant\u00e9m parte do elenco e algumas das hist\u00f3rias que cativaram o telespectador. Na nova aventura, as muta\u00e7\u00f5es perigosas continuam a se espalhar pela sociedade, transformando homens e mulheres em feras, vampiros, lobisomens,\u2026","rel":"","context":"Em &quot;Blog&quot;","block_context":{"text":"Blog","link":"https:\/\/tvnovelas.com.br\/page2\/arquivo\/category\/blog\/"},"img":{"alt_text":"","src":"","width":0,"height":0},"classes":[]}],"jetpack_sharing_enabled":true,"jetpack_featured_media_url":"https:\/\/tvnovelas.com.br\/page2\/arquivo\/wp-content\/uploads\/2022\/12\/35791.jpg","_links":{"self":[{"href":"https:\/\/tvnovelas.com.br\/page2\/arquivo\/wp-json\/wp\/v2\/posts\/3018","targetHints":{"allow":["GET"]}}],"collection":[{"href":"https:\/\/tvnovelas.com.br\/page2\/arquivo\/wp-json\/wp\/v2\/posts"}],"about":[{"href":"https:\/\/tvnovelas.com.br\/page2\/arquivo\/wp-json\/wp\/v2\/types\/post"}],"author":[{"embeddable":true,"href":"https:\/\/tvnovelas.com.br\/page2\/arquivo\/wp-json\/wp\/v2\/users\/1"}],"replies":[{"embeddable":true,"href":"https:\/\/tvnovelas.com.br\/page2\/arquivo\/wp-json\/wp\/v2\/comments?post=3018"}],"version-history":[{"count":1,"href":"https:\/\/tvnovelas.com.br\/page2\/arquivo\/wp-json\/wp\/v2\/posts\/3018\/revisions"}],"predecessor-version":[{"id":3020,"href":"https:\/\/tvnovelas.com.br\/page2\/arquivo\/wp-json\/wp\/v2\/posts\/3018\/revisions\/3020"}],"wp:featuredmedia":[{"embeddable":true,"href":"https:\/\/tvnovelas.com.br\/page2\/arquivo\/wp-json\/wp\/v2\/media\/3019"}],"wp:attachment":[{"href":"https:\/\/tvnovelas.com.br\/page2\/arquivo\/wp-json\/wp\/v2\/media?parent=3018"}],"wp:term":[{"taxonomy":"category","embeddable":true,"href":"https:\/\/tvnovelas.com.br\/page2\/arquivo\/wp-json\/wp\/v2\/categories?post=3018"},{"taxonomy":"post_tag","embeddable":true,"href":"https:\/\/tvnovelas.com.br\/page2\/arquivo\/wp-json\/wp\/v2\/tags?post=3018"}],"curies":[{"name":"wp","href":"https:\/\/api.w.org\/{rel}","templated":true}]}}