{"id":1608,"date":"2018-07-28T12:28:07","date_gmt":"2018-07-28T15:28:07","guid":{"rendered":"https:\/\/tvnovelas.com.br\/page2\/arquivo\/?p=1608"},"modified":"2018-08-02T12:40:32","modified_gmt":"2018-08-02T15:40:32","slug":"que-pobres-tao-ricos","status":"publish","type":"post","link":"https:\/\/tvnovelas.com.br\/page2\/arquivo\/que-pobres-tao-ricos\/","title":{"rendered":"Que Pobres T\u00e3o Ricos: Duas fam\u00edlias muito diferentes, sob o mesmo teto"},"content":{"rendered":"<p><img loading=\"lazy\" decoding=\"async\" src=\"https:\/\/tvnovelas.com.br\/page2\/arquivo\/wp-content\/uploads\/sites\/3\/2018\/07\/quepobres02.jpg\" alt=\"\" width=\"420\" height=\"280\" class=\"alignnone size-full wp-image-1618\" srcset=\"https:\/\/tvnovelas.com.br\/page2\/arquivo\/wp-content\/uploads\/2018\/07\/quepobres02.jpg 420w, https:\/\/tvnovelas.com.br\/page2\/arquivo\/wp-content\/uploads\/2018\/07\/quepobres02-300x200.jpg 300w\" sizes=\"auto, (max-width: 420px) 100vw, 420px\" \/><\/p>\n<p>&#8216;Qu\u00e9 pobres tan ricos&#8217;, nome original, \u00e9 uma novela mexicana, produzida pela Televisa e exibida pelo Canal das Estrelas de novembro\/2013 a junho\/2014. Os criadores s\u00e3o: Adriana Lorenz\u00f3n, Juan Manuel C\u00e1ceres, H\u00e9ctor Alejandro Moncada e Liliana Guzm\u00e1n<\/p>\n<p>Uma hist\u00f3ria de amor, encontros, desencontros e divertidas situa\u00e7\u00f5es, \u201cQue Pobres T\u00e3o Ricos\u201d traz duas fam\u00edlias completamente diferentes, mas que se veem obrigadas a dividir o mesmo teto. De um lado est\u00e1 a tradicional e milion\u00e1ria fam\u00edlia Ruizpal\u00e1cios, do outro, os Mendon\u00e7a, de classe m\u00e9dia baixa.<\/p>\n<p>Matilde Ruizpalacios, matriarca e presidente da empresa familiar, come\u00e7a a apresentar sinais de caduquice e \u00e9 obrigada a deixar o cargo. Miguel \u00c2ngelo, seu neto preferido, que vive h\u00e1 onze anos em Londres, retorna ao M\u00e9xico para a leitura de uma cl\u00e1usula do testamento deixado por seu av\u00f4, que diz o seguinte: &#8220;Herdar\u00e1 as empresas da fam\u00edlia o primeiro de meus netos que antes de completar trinta e cinco anos esteja legalmente casado e tenha um filho do sexo masculino. \u201d.<\/p>\n<p>A partir dessa condi\u00e7\u00e3o, Miguel \u00c2ngelo ter\u00e1 em seu primo Alex, um ambicioso inimigo que o envolver\u00e1 em uma fraude, fazendo com que sua fam\u00edlia perca toda a fortuna e im\u00f3veis, ficando somente com um terreno na col\u00f4nia La Nopalera, onde vive a fam\u00edlia Mendon\u00e7a.<\/p>\n<p>O Sr. Jesus Mendon\u00e7a \u00e9 um ex-lutador conhecido como &#8221; o filho de Sumatra&#8221; que no auge de sua carreira conheceu Aureliano Ruipalacios de quem comprou o im\u00f3vel onde vive at\u00e9 hoje. Por\u00e9m, com a morte do empres\u00e1rio a d\u00edvida n\u00e3o foi quitada e Jesus n\u00e3o tem as escrituras do terreno onde al\u00e9m de sua casa, funciona tamb\u00e9m a academia de gin\u00e1stica que \u00e9 o ganha p\u00e3o da fam\u00edlia. Jesus vive com seus tr\u00eas filhos: Jos\u00e9, P\u00e9rola e Lupita, que \u00e9 m\u00e3e de Emiliano, o xod\u00f3 do av\u00f4.<\/p>\n<p>Diante das circunst\u00e2ncias, Jesus \u00e9 obrigado a abrigar em sua casa os ex-milion\u00e1rios. Miguel \u00c2ngelo chega na col\u00f4nia acompanhado de sua fam\u00edlia: Ana Sofia, sua m\u00e3e, exc\u00eantrica dama da sociedade e que despreza a todos que n\u00e3o pertencem \u00e0 sua classe social; Leonardo, seu irm\u00e3o, o t\u00edpico filhinho de mam\u00e3e que estudou artes em Nova Iorque; e Frida, sua irm\u00e3 ca\u00e7ula, ativista, de esp\u00edrito livre, por\u00e9m apegada ao luxo.<\/p>\n<p>O choque entre os h\u00e1bitos e costumes das fam\u00edlias ser\u00e1 inevit\u00e1vel. E, nesse ambiente ca\u00f3tico e divertido, Lupita e Miguel ser\u00e3o os mediadores do conv\u00edvio, mas, para surpresa de todos, acabam se apaixonando. Juntos, enfrentar\u00e3o as adversidades da vida e ter\u00e3o de defender seu amor.<\/p>\n<p><strong>Principais personagens:<\/strong><\/p>\n<p><strong>Miguel \u00c2ngelo Ruizpal\u00e1cios (Jaime Camil)<\/strong><br \/>\n<img loading=\"lazy\" decoding=\"async\" class=\"alignnone wp-image-1612 size-full\" title=\"Foto: Divulga\u00e7\u00e3o\" src=\"https:\/\/tvnovelas.com.br\/page2\/arquivo\/wp-content\/uploads\/sites\/3\/2018\/07\/quepobresqq01.jpg\" alt=\"Foto de Miguel \u00c2ngelo Ruizpal\u00e1cios (Jaime Camil)\" width=\"200\" height=\"138\" srcset=\"https:\/\/tvnovelas.com.br\/page2\/arquivo\/wp-content\/uploads\/2018\/07\/quepobresqq01.jpg 200w, https:\/\/tvnovelas.com.br\/page2\/arquivo\/wp-content\/uploads\/2018\/07\/quepobresqq01-130x90.jpg 130w\" sizes=\"auto, (max-width: 200px) 100vw, 200px\" \/><br \/>\nHomem atraente e acostumado desde crian\u00e7a com luxos e regalias. Passa a ser perseguido pela lei e v\u00ea sua fam\u00edlia perder suas posses. De uma hora para outra, passa a dividir o teto com a Fam\u00edlia Mendon\u00e7a, onde conhece Lupita e se apaixona.<\/p>\n<p><strong>Alex (Mark Tacher)<\/strong><br \/>\n<img loading=\"lazy\" decoding=\"async\" class=\"alignnone wp-image-1613 size-full\" title=\"(Foto: Divulga\u00e7\u00e3o)\" src=\"https:\/\/tvnovelas.com.br\/page2\/arquivo\/wp-content\/uploads\/sites\/3\/2018\/07\/quepobresqq02.jpg\" alt=\"Foto de Alex (Mark Tacher)\" width=\"200\" height=\"138\" srcset=\"https:\/\/tvnovelas.com.br\/page2\/arquivo\/wp-content\/uploads\/2018\/07\/quepobresqq02.jpg 200w, https:\/\/tvnovelas.com.br\/page2\/arquivo\/wp-content\/uploads\/2018\/07\/quepobresqq02-130x90.jpg 130w\" sizes=\"auto, (max-width: 200px) 100vw, 200px\" \/><br \/>\nAmbicioso ao ponto de n\u00e3o se importar em sacrificar seus familiares para alcan\u00e7ar o que deseja. A fim de assumir a presid\u00eancia da empresa, envolve seu primo Miguel \u00c2ngelo em uma fraude fazendo com que ele se afaste do cargo e perca a fortuna da fam\u00edlia.<\/p>\n<p><strong>Ana Sofia (Sylvia Pasquel)<\/strong><br \/>\n<img loading=\"lazy\" decoding=\"async\" class=\"alignnone wp-image-1614 size-full\" title=\"(Foto: Divulga\u00e7\u00e3o)\" src=\"https:\/\/tvnovelas.com.br\/page2\/arquivo\/wp-content\/uploads\/sites\/3\/2018\/07\/quepobresqq03.jpg\" alt=\"foto de Ana Sofia (Sylvia Pasquel)\" width=\"200\" height=\"138\" srcset=\"https:\/\/tvnovelas.com.br\/page2\/arquivo\/wp-content\/uploads\/2018\/07\/quepobresqq03.jpg 200w, https:\/\/tvnovelas.com.br\/page2\/arquivo\/wp-content\/uploads\/2018\/07\/quepobresqq03-130x90.jpg 130w\" sizes=\"auto, (max-width: 200px) 100vw, 200px\" \/><br \/>\nM\u00e3e de Miguel \u00c2ngelo, \u00e9 uma mulher fina e requintada dama da sociedade. Durante a crise financeira familiar, passa a morar com uma fam\u00edlia de classe m\u00e9dia, o que para ela, significa a mais completa mis\u00e9ria.<\/p>\n<p><strong>Lupita Mendon\u00e7a (Zuria Vega)<\/strong><br \/>\n<img loading=\"lazy\" decoding=\"async\" class=\"alignnone wp-image-1615 size-full\" title=\"(Foto: Divulga\u00e7\u00e3o)\" src=\"https:\/\/tvnovelas.com.br\/page2\/arquivo\/wp-content\/uploads\/sites\/3\/2018\/07\/quepobresqq04.jpg\" alt=\"Foto de Lupita Mendon\u00e7a (Zuria Vega)\" width=\"200\" height=\"138\" srcset=\"https:\/\/tvnovelas.com.br\/page2\/arquivo\/wp-content\/uploads\/2018\/07\/quepobresqq04.jpg 200w, https:\/\/tvnovelas.com.br\/page2\/arquivo\/wp-content\/uploads\/2018\/07\/quepobresqq04-130x90.jpg 130w\" sizes=\"auto, (max-width: 200px) 100vw, 200px\" \/><br \/>\nFilha de Jesus e m\u00e3e de Emiliano. Quando mais nova, foi recepcionista no Grupo Editorial Ruipal\u00e1cios, onde conheceu Alex, seu primeiro amor. Apesar de Alex n\u00e3o ter assumido a paternidade do menino, Lupita sabe que ele \u00e9 pai de seu filho. Tempos depois ela conhece Miguel \u00c2ngelo e nasce entre eles uma paix\u00e3o arrebatadora.<\/p>\n<p><strong>Jesus Mendon\u00e7a (Manuel Iba\u00f1ez)<\/strong><br \/>\n<img loading=\"lazy\" decoding=\"async\" class=\"alignnone wp-image-1616 size-full\" title=\"(Foto: Divulga\u00e7\u00e3o\" src=\"https:\/\/tvnovelas.com.br\/page2\/arquivo\/wp-content\/uploads\/sites\/3\/2018\/07\/quepobresqq05.jpg\" alt=\"Foto de Jesus Mendon\u00e7a (Manuel Iba\u00f1ez)\" width=\"200\" height=\"138\" srcset=\"https:\/\/tvnovelas.com.br\/page2\/arquivo\/wp-content\/uploads\/2018\/07\/quepobresqq05.jpg 200w, https:\/\/tvnovelas.com.br\/page2\/arquivo\/wp-content\/uploads\/2018\/07\/quepobresqq05-130x90.jpg 130w\" sizes=\"auto, (max-width: 200px) 100vw, 200px\" \/><br \/>\nPai de Lupita, \u00e9 um lutador aposentado e conhecido como o filho de Sumatra. Em sociedade com a filha, ele \u00e9 dono de uma academia e pens\u00e3o que fica no pr\u00e9dio onde vive. Pr\u00e9dio este que comprou do Sr. Aureliano logo que se casou com Marcela e criou os tr\u00eas filhos. Pelo fato de a compra do im\u00f3vel n\u00e3o ter sido registrada em cart\u00f3rio, a propriedade n\u00e3o est\u00e1 em seu nome.<\/p>\n<p><strong>Minerva (Ingrid Martz)<\/strong><br \/>\n<img loading=\"lazy\" decoding=\"async\" class=\"alignnone wp-image-1617 size-full\" title=\"(Foto: Divulga\u00e7\u00e3o)\" src=\"https:\/\/tvnovelas.com.br\/page2\/arquivo\/wp-content\/uploads\/sites\/3\/2018\/07\/quepobresqq06.jpg\" alt=\"Foto de Minerva (Ingrid Martz)\" width=\"200\" height=\"138\" srcset=\"https:\/\/tvnovelas.com.br\/page2\/arquivo\/wp-content\/uploads\/2018\/07\/quepobresqq06.jpg 200w, https:\/\/tvnovelas.com.br\/page2\/arquivo\/wp-content\/uploads\/2018\/07\/quepobresqq06-130x90.jpg 130w\" sizes=\"auto, (max-width: 200px) 100vw, 200px\" \/><br \/>\nAlpinista social e namorada de Miguel \u00c2ngelo. Quando descobre que a fam\u00edlia Ruizpalacios perdeu suas posses, rompe seu compromisso e se envolve com Alex, primo de seu ex-namorado. Ela tenta engravidar de Alex para cumprir com os requisitos do testamento de Aureliano e poder ter direito \u00e0 fortuna.<\/p>\n<h3>Coment\u00e1rio<\/h3>\n<div class=\"fb-comments\" data-href=\"http:\/\/caetenews.com.br\/page2\/tvnews\/3000\" data-width=\"100%\" data-order-by=\"reverse_time\" data-numposts=\"10\"><\/div>\n<p><!-- end plugin para comentarios facebook--><\/p>\n<p>&nbsp;<\/p>\n<p>&nbsp;<\/p>\n","protected":false},"excerpt":{"rendered":"<p>&#8216;Qu\u00e9 pobres tan ricos&#8217;, nome original, \u00e9 uma novela mexicana, produzida pela Televisa e exibida pelo Canal das Estrelas de&#8230;<\/p>\n","protected":false},"author":1,"featured_media":1618,"comment_status":"closed","ping_status":"closed","sticky":false,"template":"","format":"standard","meta":{"_monsterinsights_skip_tracking":false,"_monsterinsights_sitenote_active":false,"_monsterinsights_sitenote_note":"","_monsterinsights_sitenote_category":0,"_jetpack_memberships_contains_paid_content":false,"footnotes":"","jetpack_publicize_message":"","jetpack_publicize_feature_enabled":true,"jetpack_social_post_already_shared":false,"jetpack_social_options":{"image_generator_settings":{"template":"highway","default_image_id":0,"font":"","enabled":false},"version":2}},"categories":[1,3],"tags":[9,7,8],"class_list":["post-1608","post","type-post","status-publish","format-standard","has-post-thumbnail","hentry","category-blog","category-sbt","tag-personagens","tag-sbt","tag-sinopse","wpcat-1-id","wpcat-3-id"],"aioseo_notices":[],"jetpack_publicize_connections":[],"jetpack_featured_media_url":"https:\/\/tvnovelas.com.br\/page2\/arquivo\/wp-content\/uploads\/2018\/07\/quepobres02.jpg","jetpack_shortlink":"https:\/\/wp.me\/pfspD2-pW","jetpack-related-posts":[{"id":685,"url":"https:\/\/tvnovelas.com.br\/page2\/arquivo\/gotinha-de-amor\/","url_meta":{"origin":1608,"position":0},"title":"Gotinha de Amor","author":"Paulo Ant\u00f4nio","date":"02\/02\/2017","format":false,"excerpt":"Belinha \u00e9 uma crian\u00e7a muito especial, cheia de vida procura contornar as piores situa\u00e7\u00f5es sempre com um sorriso no rosto, situa\u00e7\u00f5es essas que n\u00e3o s\u00e3o poucas, a doce menina vive num orfanato aonde s\u00f3 tem como amiga a velha Trini. Para piorar sua vida, ela \u00e9 maltratada pela diretora do\u2026","rel":"","context":"Em &quot;Blog&quot;","block_context":{"text":"Blog","link":"https:\/\/tvnovelas.com.br\/page2\/arquivo\/category\/blog\/"},"img":{"alt_text":"","src":"","width":0,"height":0},"classes":[]},{"id":153,"url":"https:\/\/tvnovelas.com.br\/page2\/arquivo\/maria-do-bairro\/","url_meta":{"origin":1608,"position":1},"title":"Maria do Bairro: Entre o desprezo e o amor","author":"Paulo Ant\u00f4nio","date":"28\/01\/2017","format":false,"excerpt":"Entre o desprezo e o amor De autoria da cubana In\u00e9s Rodena, a trama conta a hist\u00f3ria da jovem Maria, interpretada por Thal\u00eda. Ap\u00f3s o falecimento de sua madrinha Cacilda (Aurora Molina), que a criou, Maria \u00e9 acolhida pelo rico empres\u00e1rio Fernando de la Veja (Ricardo Blume). Ela ter\u00e1 de\u2026","rel":"","context":"Em &quot;Blog&quot;","block_context":{"text":"Blog","link":"https:\/\/tvnovelas.com.br\/page2\/arquivo\/category\/blog\/"},"img":{"alt_text":"","src":"","width":0,"height":0},"classes":[]},{"id":899,"url":"https:\/\/tvnovelas.com.br\/page2\/arquivo\/rebelde-sbt-quem-e-quem\/","url_meta":{"origin":1608,"position":2},"title":"Rebelde (SBT): Quem \u00e9 quem","author":"Paulo Ant\u00f4nio","date":"05\/02\/2017","format":false,"excerpt":"Principais personagens Sol (Fuzz) Criada em um lar onde os estudos sempre foram a prioridade n\u00famero um, Sol nunca teve o verdadeiro amor de seus pais. Decidiu seguir sua voca\u00e7\u00e3o de ser modelo, enquanto os pais achavam que ela estava fazendo curso de de l\u00edngua estrangeira. Ap\u00f3s a descoberta, ela\u2026","rel":"","context":"Em &quot;Blog&quot;","block_context":{"text":"Blog","link":"https:\/\/tvnovelas.com.br\/page2\/arquivo\/category\/blog\/"},"img":{"alt_text":"","src":"","width":0,"height":0},"classes":[]},{"id":99,"url":"https:\/\/tvnovelas.com.br\/page2\/arquivo\/amigas-e-rivais\/","url_meta":{"origin":1608,"position":3},"title":"Amigas e Rivais","author":"Paulo Ant\u00f4nio","date":"27\/01\/2017","format":false,"excerpt":"O encontro dos destinos de quatro amigas A produ\u00e7\u00e3o \u00e9 uma adapta\u00e7\u00e3o da mexicana Amigas y Rivales, de Alejandro Pholenz. A adapta\u00e7\u00e3o de Let\u00edcia Dornelles ter\u00e1 185 cap\u00edtulos, com dire\u00e7\u00e3o de Jacques Lagoa e Lucas Bueno e dire\u00e7\u00e3o geral de Henrique Martins. No elenco, Cacau Melo, Jandir Ferrari, Karla Ten\u00f3rio,\u2026","rel":"","context":"Em &quot;Blog&quot;","block_context":{"text":"Blog","link":"https:\/\/tvnovelas.com.br\/page2\/arquivo\/category\/blog\/"},"img":{"alt_text":"","src":"","width":0,"height":0},"classes":[]},{"id":6,"url":"https:\/\/tvnovelas.com.br\/page2\/arquivo\/a-usurpadora\/","url_meta":{"origin":1608,"position":4},"title":"A Usurpadora","author":"Paulo Ant\u00f4nio","date":"26\/01\/2017","format":false,"excerpt":"Duas mulheres id\u00eanticas em apar\u00eancia, mas infinitamente distintas em sentimentos e personalidade, se encontram casualmente. Elas ir\u00e3o sofrer amargamente em consequ\u00eancia de um terr\u00edvel engano. Paola (Gabriela Spanic) \u00e9 uma mulher ego\u00edsta e que est\u00e1 aborrecida com sua vida de m\u00e3e e esposa. Ela est\u00e1 casada com Carlos Daniel Bracho\u2026","rel":"","context":"Em &quot;Blog&quot;","block_context":{"text":"Blog","link":"https:\/\/tvnovelas.com.br\/page2\/arquivo\/category\/blog\/"},"img":{"alt_text":"","src":"","width":0,"height":0},"classes":[]},{"id":3634,"url":"https:\/\/tvnovelas.com.br\/page2\/arquivo\/guerra-das-rosas-a-menina-rica-a-menina-pobre-e-um-abismo\/","url_meta":{"origin":1608,"position":5},"title":"Guerra das Rosas: A menina rica, a menina pobre e o poder","author":"Paulo Ant\u00f4nio","date":"11\/03\/2026","format":false,"excerpt":"Novela 'Guerra das Rosas', exibida no Brasil pela Band, a partir de 16\/mar\u00e7o\/2026. Na trama, G\u00fclru nasceu em um bairro residencial de Istambul e cresceu nos anexos da mans\u00e3o onde seu pai trabalhava como jardineiro. Com grandes sonhos que floresceram no deslumbrante jardim da mans\u00e3o, um p\u00e9 ainda est\u00e1 firmemente\u2026","rel":"","context":"Em &quot;Band&quot;","block_context":{"text":"Band","link":"https:\/\/tvnovelas.com.br\/page2\/arquivo\/category\/band\/"},"img":{"alt_text":"Foto em Guerra das Rosas: A menina rica, a menina pobre e um abismo","src":"https:\/\/i0.wp.com\/tvnovelas.com.br\/page2\/arquivo\/wp-content\/uploads\/2026\/03\/12961.jpg?resize=350%2C200&ssl=1","width":350,"height":200,"srcset":"https:\/\/i0.wp.com\/tvnovelas.com.br\/page2\/arquivo\/wp-content\/uploads\/2026\/03\/12961.jpg?resize=350%2C200&ssl=1 1x, https:\/\/i0.wp.com\/tvnovelas.com.br\/page2\/arquivo\/wp-content\/uploads\/2026\/03\/12961.jpg?resize=525%2C300&ssl=1 1.5x, https:\/\/i0.wp.com\/tvnovelas.com.br\/page2\/arquivo\/wp-content\/uploads\/2026\/03\/12961.jpg?resize=700%2C400&ssl=1 2x"},"classes":[]}],"jetpack_sharing_enabled":true,"_links":{"self":[{"href":"https:\/\/tvnovelas.com.br\/page2\/arquivo\/wp-json\/wp\/v2\/posts\/1608","targetHints":{"allow":["GET"]}}],"collection":[{"href":"https:\/\/tvnovelas.com.br\/page2\/arquivo\/wp-json\/wp\/v2\/posts"}],"about":[{"href":"https:\/\/tvnovelas.com.br\/page2\/arquivo\/wp-json\/wp\/v2\/types\/post"}],"author":[{"embeddable":true,"href":"https:\/\/tvnovelas.com.br\/page2\/arquivo\/wp-json\/wp\/v2\/users\/1"}],"replies":[{"embeddable":true,"href":"https:\/\/tvnovelas.com.br\/page2\/arquivo\/wp-json\/wp\/v2\/comments?post=1608"}],"version-history":[{"count":4,"href":"https:\/\/tvnovelas.com.br\/page2\/arquivo\/wp-json\/wp\/v2\/posts\/1608\/revisions"}],"predecessor-version":[{"id":1672,"href":"https:\/\/tvnovelas.com.br\/page2\/arquivo\/wp-json\/wp\/v2\/posts\/1608\/revisions\/1672"}],"wp:featuredmedia":[{"embeddable":true,"href":"https:\/\/tvnovelas.com.br\/page2\/arquivo\/wp-json\/wp\/v2\/media\/1618"}],"wp:attachment":[{"href":"https:\/\/tvnovelas.com.br\/page2\/arquivo\/wp-json\/wp\/v2\/media?parent=1608"}],"wp:term":[{"taxonomy":"category","embeddable":true,"href":"https:\/\/tvnovelas.com.br\/page2\/arquivo\/wp-json\/wp\/v2\/categories?post=1608"},{"taxonomy":"post_tag","embeddable":true,"href":"https:\/\/tvnovelas.com.br\/page2\/arquivo\/wp-json\/wp\/v2\/tags?post=1608"}],"curies":[{"name":"wp","href":"https:\/\/api.w.org\/{rel}","templated":true}]}}