{"id":1600,"date":"2018-07-28T09:13:08","date_gmt":"2018-07-28T12:13:08","guid":{"rendered":"https:\/\/tvnovelas.com.br\/page2\/arquivo\/?p=1600"},"modified":"2018-07-28T12:30:36","modified_gmt":"2018-07-28T15:30:36","slug":"a-indomada","status":"publish","type":"post","link":"https:\/\/tvnovelas.com.br\/page2\/arquivo\/a-indomada\/","title":{"rendered":"A Indomada: tradi\u00e7\u00f5es brit\u00e2nicas no nordeste"},"content":{"rendered":"<figure id=\"attachment_1603\" aria-describedby=\"caption-attachment-1603\" style=\"width: 420px\" class=\"wp-caption alignnone\"><img loading=\"lazy\" decoding=\"async\" class=\"wp-image-1603 size-full\" title=\"Foto TV Globo\" src=\"https:\/\/tvnovelas.com.br\/page2\/arquivo\/wp-content\/uploads\/sites\/3\/2018\/07\/aindomada001.jpg\" alt=\"Foto de Eul\u00e1lia (Adriana Esteves) eL\u00facia Helena (Leandra Leal), m\u00e3e e filha em A Indomada\" width=\"420\" height=\"267\" srcset=\"https:\/\/tvnovelas.com.br\/page2\/arquivo\/wp-content\/uploads\/2018\/07\/aindomada001.jpg 420w, https:\/\/tvnovelas.com.br\/page2\/arquivo\/wp-content\/uploads\/2018\/07\/aindomada001-300x191.jpg 300w\" sizes=\"auto, (max-width: 420px) 100vw, 420px\" \/><figcaption id=\"caption-attachment-1603\" class=\"wp-caption-text\">Eul\u00e1lia (Adriana Esteves) e L\u00facia Helena (Leandra Leal\/Adriana Esteves), em A Indomada<\/figcaption><\/figure>\n<p>&#8216;A Indomada&#8217; \u00e9 uma novela de Aguinaldo Silva e Ricardo Linhares, produzida pela Globo e exibida entre fevereiro e outubro de 1997, na faixa das 20h. Novela em exibi\u00e7\u00e3o pelo canal Viva a partir de 30 de julho de 2018<br \/>\nA hist\u00f3ria se passa na fict\u00edcia Greenville, cidade do litoral do Nordeste ocupada pelos ingleses no s\u00e9culo XIX para a constru\u00e7\u00e3o da ferrovia Great Western Railway, e onde costumes brit\u00e2nicos e nordestinos se misturam.<br \/>\nA cidade foi muito rica no passado gra\u00e7as \u00e0 produ\u00e7\u00e3o da Usina Monguaba, mas a crise do a\u00e7\u00facar e uma explos\u00e3o na usina adiantaram seu decl\u00ednio. Sem os ingleses e o a\u00e7\u00facar Greenville entrou em decad\u00eancia, mas n\u00e3o perdeu a pose. Principalmente os Mendon\u00e7a e Albuquerque, propriet\u00e1rios da Monguaba. Eles jamais permitiriam o envolvimento de uma \u201cnobre\u201d da fam\u00edlia com um homem qualquer.<br \/>\nNa d\u00e9cada de 1970, Eul\u00e1lia de Mendon\u00e7a e Albuquerque (Adriana Esteves) se apaixona por Z\u00e9 Leandro (Carlos Alberto Riccelli), cortador de cana da usina de sua fam\u00edlia. Os dois sofrem com a persegui\u00e7\u00e3o dos Mendon\u00e7a e Albuquerque, e Pedro Afonso (Cl\u00e1udio Marzo), irm\u00e3o de Eul\u00e1lia, amea\u00e7a Z\u00e9 Leandro de morte. O rapaz \u00e9 obrigado a fugir, mas promete voltar um dia para buscar a amada, que est\u00e1 gr\u00e1vida. A crian\u00e7a nasce e \u00e9 batizada como L\u00facia Helena (Leandra Leal). Eul\u00e1lia passa a viver em segredo, fugindo do rancor do irm\u00e3o e do veneno da cunhada, Altiva (Eva Wilma), mulher m\u00e1 e mesquinha. E divide com a filha a expectativa pela volta de seu marido.<br \/>\nQuinze anos depois, Z\u00e9 Leandro volta com uma pequena fortuna conseguida num garimpo. A fuga de Eul\u00e1lia, da crian\u00e7a e do pai, planejada anos antes, \u00e9 misteriosamente boicotada e acaba em naufr\u00e1gio. S\u00f3 L\u00facia Helena sobrevive e fica entregue aos cuidados da fam\u00edlia, que a rejeita. O pai deixa na lembran\u00e7a da filha a obsess\u00e3o pela terra, que considerava o maior de todos os bens.<\/p>\n<p>Algum tempo depois, o forasteiro Teobaldo Faruk (Jos\u00e9 Mayer) ganha a fortuna da fam\u00edlia Mendon\u00e7a e Albuquerque numa aposta de jogo feita com Pedro Afonso. Faruk era apaixonado por Eul\u00e1lia, e promete devolver todo o patrim\u00f4nio a L\u00facia Helena quando a menina, ap\u00f3s atingir a maioridade, casar-se com ele. Como a fam\u00edlia est\u00e1 nas m\u00e3os de Teobaldo, a jovem aceita o compromisso e viaja para estudar na Inglaterra, com data marcada para voltar e casar se com o desconhecido. Helena (interpretada por Adriana Esteves nessa segunda fase) regressa ao lar anos depois, amadurecida, incrivelmente parecida com sua m\u00e3e, e dona de uma s\u00f3lida cultura. \u00c9 ela a indomada da hist\u00f3ria. Disposta a cumprir o compromisso firmado com Teobaldo e honrar os ensinamentos de seu pai, ela se surpreende quando os dois se apaixonam de fato.<br \/>\nHerdeira de uma fam\u00edlia que desperdi\u00e7ou tudo o que tinha, Helena decide reabrir a Usina Monguaba. Essa obsess\u00e3o une seus interesses pessoais ao progresso da cidade. Mas para alcan\u00e7ar seus objetivos, ela se v\u00ea obrigada a enfrentar as arma\u00e7\u00f5es da ambiciosa Altiva, que nunca perdoou Teobaldo Faruk por ter se apossado dos bens da fam\u00edlia, e muito menos por t\u00ea-los devolvido \u00e0 sobrinha. A tia de Helena encontra no corrupto deputado Pit\u00e1goras (Ary Fontoura) o parceiro ideal para seus golpes. A despeito de sua avareza e soberba, Altiva confere muitos momentos engra\u00e7ados \u00e0 trama. Em nome da moral e dos bons costumes, ela, ao lado de suas amigas carolas, implica com a prostituta Zenilda (Renata Sorrah) e as meninas da Casa de Campo, mas n\u00e3o imagina que Pedro Afonso \u00e9 frequentador ass\u00edduo do bordel. \u00c9 para l\u00e1 que a maioria dos homens da cidade vai depois de ganhar ou perder dinheiro no badalado British Club de Richard (Fl\u00e1vio Galv\u00e3o).<\/p>\n<p>No \u00faltimo cap\u00edtulo de A Indomada, Altiva d\u00e1 uma paulada em Helena, que desmaia, e ateia fogo \u00e0 cabana onde a sobrinha se encontra. Teobaldo salva sua mulher e tenta resgatar Altiva, que se recusa a sair. Em mais uma das muitas cenas de realismo fant\u00e1stico da novela, Altiva vira fuma\u00e7a, e seu rosto toma conta do c\u00e9u de Greenville. A vil\u00e3 jura voltar para se vingar, em meio a gargalhadas mal\u00e9volas.<br \/>\nPassado o susto, Helena diz a Teobaldo que ele resgatou n\u00e3o uma, mas tr\u00eas pessoas: ela est\u00e1 gr\u00e1vida de g\u00eameos. Os dois terminam juntos e felizes, depois de muitas idas e vindas ao longo da novela. A Usina Monguaba \u00e9 reaberta e, em seu discurso para o povo da cidade, Helena se posiciona contra o trabalho infantil, comprometendo-se a \u201cn\u00e3o mais moer a cana colhida por crian\u00e7as&#8221;, e conclamando os outros usineiros locais a fazerem o mesmo.<\/p>\n<p><strong>Ficha T\u00e9cnica;<\/strong><br \/>\nAutoria: Aguinaldo Silva e Ricardo Linhares<br \/>\nColaboradores: Nelson Nadotti, Marcia Prates e Maria Elisa Berredo<br \/>\nDire\u00e7\u00e3o: Paulo Ubiratan, Lu\u00eds Henrique Rios, Marcos Paulo e Roberto Naar<br \/>\nDire\u00e7\u00e3o de n\u00facleo: Paulo Ubiratan<br \/>\nPer\u00edodo de exibi\u00e7\u00e3o: 17\/02\/1997 &#8211; 10\/10\/1997<br \/>\nHor\u00e1rio: 20h<br \/>\nN\u00ba de cap\u00edtulos: 203<\/p>\n<p><strong>Atores &#8211; Personagens:<\/strong><br \/>\nAdir Ferreira \u2013 Morador<br \/>\nAdriana Esteves &#8211; Eul\u00e1lia de Mendon\u00e7a e Albuquerque (primeira fase), L\u00facia Helena de Mendon\u00e7a e Albuquerque (segunda fase)<br \/>\nAm\u00e9lia Bittencourt &#8211; Veneranda Faruk<br \/>\nAna Lucia Torre &#8211; Cleonice Mackenzie<br \/>\nAna Magdala &#8211; Empregada de Mirandinha (Betty Faria)<br \/>\nAndrea Oliveira &#8211; participa\u00e7\u00e3o especial<br \/>\nAry Fontoura &#8211; Pit\u00e1goras William Mackenzie<br \/>\nAuric\u00e9ia Ara\u00fajo &#8211; beata<br \/>\nBetty Faria &#8211; Mirandinha de S\u00e1 Maciel<br \/>\nBruno Gradim &#8211; Art\u00eamio (adolescente)<br \/>\nCarla Marins &#8211; Dinorah<br \/>\nCarlos Alberto Riccelli &#8211; Z\u00e9 Leandro (primeira fase)<br \/>\nC\u00e1ssio Gabus Mendes &#8211; S\u00e9rgio Murilo<br \/>\nCatarina Abdala &#8211; Vieira<br \/>\nChico L\u00e1 &#8211; Guarda magro<br \/>\nCl\u00e1udia Puget &#8211; M\u00e9rilu<br \/>\nCl\u00e1udio Marzo &#8211; Pedro Afonso de Mendon\u00e7a e Albuquerque<br \/>\nCreusa de Carvalho &#8211; beata<br \/>\nCristie Miyamoto &#8211; Mishiko<br \/>\nCristina Galv\u00e3o \u2013 Elaine<br \/>\nCristina Prochaska &#8211; participa\u00e7\u00e3o especial, Dra. Sonia<br \/>\nCristyane Daia &#8211; Empregada de Teobaldo (Jos\u00e9 Mayer)<br \/>\nDaniela Faria \u2013 Berbela<br \/>\nDebora Rodrigues &#8211; participa\u00e7\u00e3o especial<br \/>\nEliane Giardini &#8211; Santinha<br \/>\nEva Wilma &#8211; Maria Altiva Pedreira de Mendon\u00e7a e Albuquerque<br \/>\nFabia Taffarel &#8211; participa\u00e7\u00e3o especial<br \/>\nFl\u00e1via Alessandra &#8211; Dorothy Mackenzie<br \/>\nFl\u00e1vio Galv\u00e3o &#8211; Richard da Silva Taylor<br \/>\nFrancelly Freitas &#8211; Empregada de Pit\u00e1goras (Ary Fontoura)<br \/>\nFreddy Montero \u2013 Morador<br \/>\nGilberto Maciel \u2013 Morador<br \/>\nGuilherme Martins \u2013 AnicetoHugo Carvana \u2013 participa\u00e7\u00e3o especial, como m\u00e9dico<br \/>\nHugo Carvana \u2013 participa\u00e7\u00e3o especial, como m\u00e9dico<br \/>\nHugo Gross &#8211; Robson<br \/>\nIngra Liberato &#8211; Paraguaya<br \/>\nIsabel Fillardis &#8211; In\u00eas<br \/>\nJo\u00e3o Carrilo &#8211; Art\u00eamio (crian\u00e7a)<br \/>\nJos\u00e9 de Abreu &#8211; delegado Motinha<br \/>\nJos\u00e9 Mayer &#8211; Teobaldo Faruk<br \/>\nJuliana Guimar\u00e3es &#8211; Empregada de Pedro Afonso (Cl\u00e1udio Marzo)<br \/>\nKarla Muga &#8211; Grampola<br \/>\nLeandra Leal &#8211; Lucia Helena (adolescente)<br \/>\nLeandro Ribeiro &#8211; Boy da Prefeitura<br \/>\nLeo de Oliveira \u2013 Morador<br \/>\nLicurgo Sp\u00ednola &#8211; Egydio Ferreira<br \/>\nLima Duarte \u2013 participa\u00e7\u00e3o especial, como Murilo Pontes<br \/>\nLuciana Faria \u2013 Menina da Casa de Campo<br \/>\nLuiz Comanche \u2013 Morador<br \/>\nLuiza Tom\u00e9 &#8211; Scarlet Mackenzie Pitiguary<br \/>\nLuzia Avellar &#8211; prostituta da Casa de Campo<br \/>\nMarcelo Escorel &#8211; Dr. Lauro<br \/>\nMarco Miranda &#8211; Anfil\u00f3fio<br \/>\nMarcos Frota &#8211; Art\u00eamio (adulto)<br \/>\nMarcos Winter &#8211; H\u00e9rcules Jos\u00e9 de Mendon\u00e7a Albuquerque<br \/>\nMateus Rocha &#8211; Felipe de S\u00e1 Maciel<br \/>\nM\u00f4nica Carvalho &#8211; Maribel<br \/>\nNeusa Borges &#8211; Flor\u00eancia<br \/>\nN\u00edvea Stelmann &#8211; Carolaine Mackenzie Pitiguary<br \/>\nNoemia Duarte &#8211; Betsy<br \/>\nPaulo Betti &#8211; Ypiranga Pitiguary<br \/>\nPedro Paulo Rangel &#8211; Padre Jos\u00e9<br \/>\nRaphael Molina &#8211; Guarda gordo<br \/>\nRejane de Moraes &#8211; prostituta da Casa de Campo<br \/>\nRenata Sorrah &#8211; Zenilda<br \/>\nRinaldo Rinaldi \u2013 Farmac\u00eautico<br \/>\nRoberta Foster &#8211; prostituta da Casa de Campo<br \/>\nRodrigo Faro &#8211; Beraldo<br \/>\nRubem de Bem &#8211; seu Billy<br \/>\nSelton Mello &#8211; Emanoel Faruk<br \/>\nS\u00f4nia de Paula &#8211; Lourdes Maria<br \/>\nValnei Aguiar &#8211; Boy do F\u00f3rum<br \/>\nWaldemar Berditchevsky &#8211; Escriv\u00e3o do F\u00f3rum<br \/>\nYan Zeller \u2013 Nonato<br \/>\nFonte: Mem\u00f3ria Globo<\/p>\n","protected":false},"excerpt":{"rendered":"<p>&#8216;A Indomada&#8217; \u00e9 uma novela de Aguinaldo Silva e Ricardo Linhares, produzida pela Globo e exibida entre fevereiro e outubro&#8230;<\/p>\n","protected":false},"author":1,"featured_media":1603,"comment_status":"closed","ping_status":"closed","sticky":false,"template":"","format":"standard","meta":{"_monsterinsights_skip_tracking":false,"_monsterinsights_sitenote_active":false,"_monsterinsights_sitenote_note":"","_monsterinsights_sitenote_category":0,"_jetpack_memberships_contains_paid_content":false,"footnotes":"","jetpack_publicize_message":"","jetpack_publicize_feature_enabled":true,"jetpack_social_post_already_shared":false,"jetpack_social_options":{"image_generator_settings":{"template":"highway","default_image_id":0,"font":"","enabled":false},"version":2}},"categories":[1],"tags":[11,9,8],"class_list":["post-1600","post","type-post","status-publish","format-standard","has-post-thumbnail","hentry","category-blog","tag-globo","tag-personagens","tag-sinopse","wpcat-1-id"],"aioseo_notices":[],"jetpack_publicize_connections":[],"jetpack_featured_media_url":"https:\/\/tvnovelas.com.br\/page2\/arquivo\/wp-content\/uploads\/2018\/07\/aindomada001.jpg","jetpack_shortlink":"https:\/\/wp.me\/pfspD2-pO","jetpack-related-posts":[{"id":2070,"url":"https:\/\/tvnovelas.com.br\/page2\/arquivo\/amor-de-mae-em-busca-do-filho-vendido\/","url_meta":{"origin":1600,"position":0},"title":"&#8216;Amor de M\u00e3e&#8217;: A busca pelo filho vendido","author":"Paulo Ant\u00f4nio","date":"23\/09\/2019","format":false,"excerpt":"'Amor de M\u00e3e' conta tr\u00eas m\u00e3es protagonistas: Lurdes (Lucy Alves\/Regina Cas\u00e9), Thelma (Adriana Esteves) e Vit\u00f3ria (Ta\u00eds Araujo). Lurdes (Lucy Alves\/Regina Cas\u00e9) \u00e9 de Malaquitas, cidade fict\u00edcia no Rio Grande do Norte. Deu \u00e0 luz quatro filhos: Magno, Ryan, Dom\u00eanico e \u00c9rica. H\u00e1 26 anos, enquanto Lurdes estava na maternidade\u2026","rel":"","context":"Em &quot;Amor de M\u00e3e&quot;","block_context":{"text":"Amor de M\u00e3e","link":"https:\/\/tvnovelas.com.br\/page2\/arquivo\/category\/amor-de-mae\/"},"img":{"alt_text":"","src":"https:\/\/i0.wp.com\/tvnovelas.com.br\/page2\/arquivo\/wp-content\/uploads\/2019\/09\/amordemae2.jpg?resize=350%2C200&ssl=1","width":350,"height":200,"srcset":"https:\/\/i0.wp.com\/tvnovelas.com.br\/page2\/arquivo\/wp-content\/uploads\/2019\/09\/amordemae2.jpg?resize=350%2C200&ssl=1 1x, https:\/\/i0.wp.com\/tvnovelas.com.br\/page2\/arquivo\/wp-content\/uploads\/2019\/09\/amordemae2.jpg?resize=525%2C300&ssl=1 1.5x"},"classes":[]},{"id":642,"url":"https:\/\/tvnovelas.com.br\/page2\/arquivo\/avenida-brasil\/","url_meta":{"origin":1600,"position":1},"title":"Avenida Brasil &#8211; A hist\u00f3ria da novela","author":"Paulo Ant\u00f4nio","date":"02\/02\/2017","format":false,"excerpt":"Uma hist\u00f3ria de justi\u00e7a. Ou de vingan\u00e7a Avenida Brasil, \u00e9 a avenida que cruza o sub\u00farbio do Rio de Janeiro. A partir da\u00ed nasceu a hist\u00f3ria. \u00c9 uma novela que o centro da a\u00e7\u00e3o se d\u00e1 no bairro Divino e o sat\u00e9lite \u00e9 a Zona Sul. Rita, a protagonista, inicialmente\u2026","rel":"","context":"Em &quot;Blog&quot;","block_context":{"text":"Blog","link":"https:\/\/tvnovelas.com.br\/page2\/arquivo\/category\/blog\/"},"img":{"alt_text":"","src":"","width":0,"height":0},"classes":[]},{"id":1212,"url":"https:\/\/tvnovelas.com.br\/page2\/arquivo\/tieta\/","url_meta":{"origin":1600,"position":2},"title":"Tieta: A volta por cima em Santana do Agreste","author":"Paulo Ant\u00f4nio","date":"14\/03\/2017","format":false,"excerpt":"Ambientada na fict\u00edcia cidade de Santana do Agreste, no Nordeste brasileiro, a novela \u2013 uma adapta\u00e7\u00e3o do romance Tieta do Agreste, de Jorge Amado \u2013\u2013 tem in\u00edcio quando Tieta (Claudia Ohana) \u00e9 escorra\u00e7ada da cidade pelo pai, Z\u00e9 Esteves (Sebasti\u00e3o Vasconcelos), irritado com o comportamento liberal da jovem e influenciado\u2026","rel":"","context":"Em &quot;Blog&quot;","block_context":{"text":"Blog","link":"https:\/\/tvnovelas.com.br\/page2\/arquivo\/category\/blog\/"},"img":{"alt_text":"","src":"https:\/\/i0.wp.com\/tvnovelas.com.br\/page2\/arquivo\/wp-content\/uploads\/2017\/03\/tieta02.jpg?resize=350%2C200&ssl=1","width":350,"height":200},"classes":[]},{"id":1865,"url":"https:\/\/tvnovelas.com.br\/page2\/arquivo\/o-cravo-e-a-rosa-o-caipira-petruchio-e-a-fera-catarina\/","url_meta":{"origin":1600,"position":3},"title":"O Cravo e a Rosa: O caipira Petruchio e a fera Catarina","author":"Paulo Ant\u00f4nio","date":"19\/03\/2019","format":false,"excerpt":"O Cravo e a Rosa, novela escrita por Walcyr Carrasco e M\u00e1rio Teixeira, com colabora\u00e7\u00e3o de Duca Rachid, produzida pela Rede Globo para exibi\u00e7\u00e3o na faixa das 18 horas, \u00e9 uma com\u00e9dia rom\u00e2ntica inspirada no cl\u00e1ssico A Megera Domada, de William Shakespeare, a novela \u00e9 ambientada na S\u00e3o Paulo dos\u2026","rel":"","context":"Em &quot;Globo&quot;","block_context":{"text":"Globo","link":"https:\/\/tvnovelas.com.br\/page2\/arquivo\/category\/globo\/"},"img":{"alt_text":"Foto de Catarina e Petruchio se casando","src":"https:\/\/i0.wp.com\/tvnovelas.com.br\/page2\/arquivo\/wp-content\/uploads\/2019\/03\/ocravoearosa01.jpg?resize=350%2C200&ssl=1","width":350,"height":200,"srcset":"https:\/\/i0.wp.com\/tvnovelas.com.br\/page2\/arquivo\/wp-content\/uploads\/2019\/03\/ocravoearosa01.jpg?resize=350%2C200&ssl=1 1x, https:\/\/i0.wp.com\/tvnovelas.com.br\/page2\/arquivo\/wp-content\/uploads\/2019\/03\/ocravoearosa01.jpg?resize=525%2C300&ssl=1 1.5x"},"classes":[]},{"id":2690,"url":"https:\/\/tvnovelas.com.br\/page2\/arquivo\/renascer-a-historia-de-rejeicao-de-um-pai-pelo-filho\/","url_meta":{"origin":1600,"position":4},"title":"Renascer (1993): A hist\u00f3ria de rejei\u00e7\u00e3o de um pai pelo filho","author":"Paulo Ant\u00f4nio","date":"11\/10\/2021","format":false,"excerpt":"Renascer Ano de Produ\u00e7\u00e3o: 1993 Elenco: Ant\u00f4nio Fagundes, Marcos Palmeira, Adriana Esteves, Patr\u00edcia Pillar, Herson Capri, Jos\u00e9 de Abreu, Luciana Braga, Tarc\u00edsio Filho, Maria Lu\u00edsa Mendon\u00e7a, Marco Ricca, Regina Dourado. Entre lendas, mitologias e regionalismos, \u201cRenascer\u201d conta a hist\u00f3ria de rejei\u00e7\u00e3o de um pai pelo filho, ap\u00f3s a morte da\u2026","rel":"","context":"Em &quot;Globo&quot;","block_context":{"text":"Globo","link":"https:\/\/tvnovelas.com.br\/page2\/arquivo\/category\/globo\/"},"img":{"alt_text":"foto de Adriana Esteves, em Renascer","src":"https:\/\/i0.wp.com\/tvnovelas.com.br\/page2\/arquivo\/wp-content\/uploads\/2021\/10\/renascer2.jpg?resize=350%2C200&ssl=1","width":350,"height":200,"srcset":"https:\/\/i0.wp.com\/tvnovelas.com.br\/page2\/arquivo\/wp-content\/uploads\/2021\/10\/renascer2.jpg?resize=350%2C200&ssl=1 1x, https:\/\/i0.wp.com\/tvnovelas.com.br\/page2\/arquivo\/wp-content\/uploads\/2021\/10\/renascer2.jpg?resize=525%2C300&ssl=1 1.5x"},"classes":[]},{"id":934,"url":"https:\/\/tvnovelas.com.br\/page2\/arquivo\/pedra-sobre-pedra\/","url_meta":{"origin":1600,"position":5},"title":"Pedra Sobre Pedra: Os rivais Pontes e Batista","author":"Paulo Ant\u00f4nio","date":"05\/02\/2017","format":false,"excerpt":"A hist\u00f3ria gira em torno da rivalidade entre os Pontes e os Batista, duas fam\u00edlias influentes que disputam o poder em Resplendor. O duelo, repleto de intrigas e de casos de amor e \u00f3dio, torna-se uma heran\u00e7a familiar, passando por gera\u00e7\u00f5es. Pontes X Batistas Murilo Pontes (Lima Duarte) e Pilar\u2026","rel":"","context":"Em &quot;Blog&quot;","block_context":{"text":"Blog","link":"https:\/\/tvnovelas.com.br\/page2\/arquivo\/category\/blog\/"},"img":{"alt_text":"","src":"","width":0,"height":0},"classes":[]}],"jetpack_sharing_enabled":true,"_links":{"self":[{"href":"https:\/\/tvnovelas.com.br\/page2\/arquivo\/wp-json\/wp\/v2\/posts\/1600","targetHints":{"allow":["GET"]}}],"collection":[{"href":"https:\/\/tvnovelas.com.br\/page2\/arquivo\/wp-json\/wp\/v2\/posts"}],"about":[{"href":"https:\/\/tvnovelas.com.br\/page2\/arquivo\/wp-json\/wp\/v2\/types\/post"}],"author":[{"embeddable":true,"href":"https:\/\/tvnovelas.com.br\/page2\/arquivo\/wp-json\/wp\/v2\/users\/1"}],"replies":[{"embeddable":true,"href":"https:\/\/tvnovelas.com.br\/page2\/arquivo\/wp-json\/wp\/v2\/comments?post=1600"}],"version-history":[{"count":4,"href":"https:\/\/tvnovelas.com.br\/page2\/arquivo\/wp-json\/wp\/v2\/posts\/1600\/revisions"}],"predecessor-version":[{"id":1605,"href":"https:\/\/tvnovelas.com.br\/page2\/arquivo\/wp-json\/wp\/v2\/posts\/1600\/revisions\/1605"}],"wp:featuredmedia":[{"embeddable":true,"href":"https:\/\/tvnovelas.com.br\/page2\/arquivo\/wp-json\/wp\/v2\/media\/1603"}],"wp:attachment":[{"href":"https:\/\/tvnovelas.com.br\/page2\/arquivo\/wp-json\/wp\/v2\/media?parent=1600"}],"wp:term":[{"taxonomy":"category","embeddable":true,"href":"https:\/\/tvnovelas.com.br\/page2\/arquivo\/wp-json\/wp\/v2\/categories?post=1600"},{"taxonomy":"post_tag","embeddable":true,"href":"https:\/\/tvnovelas.com.br\/page2\/arquivo\/wp-json\/wp\/v2\/tags?post=1600"}],"curies":[{"name":"wp","href":"https:\/\/api.w.org\/{rel}","templated":true}]}}