{"id":1576,"date":"2018-07-16T10:08:15","date_gmt":"2018-07-16T13:08:15","guid":{"rendered":"https:\/\/tvnovelas.com.br\/page2\/arquivo\/?p=1576"},"modified":"2018-07-19T14:46:17","modified_gmt":"2018-07-19T17:46:17","slug":"jesus-principais-personagens","status":"publish","type":"post","link":"https:\/\/tvnovelas.com.br\/page2\/arquivo\/jesus-principais-personagens\/","title":{"rendered":"Jesus: Principais personagens"},"content":{"rendered":"<p><strong>Jesus (Dudu Azevedo)<\/strong><br \/>\n<img loading=\"lazy\" decoding=\"async\" class=\"alignnone wp-image-1579 size-full\" title=\"(Foto: Blad Meneghel\/Record TV)\" src=\"https:\/\/tvnovelas.com.br\/page2\/arquivo\/wp-content\/uploads\/sites\/3\/2018\/07\/jesusqq01-1.jpg\" alt=\"Foto de Jesus (Dudu Azevedo)\" width=\"250\" height=\"172\" srcset=\"https:\/\/tvnovelas.com.br\/page2\/arquivo\/wp-content\/uploads\/2018\/07\/jesusqq01-1.jpg 250w, https:\/\/tvnovelas.com.br\/page2\/arquivo\/wp-content\/uploads\/2018\/07\/jesusqq01-1-130x90.jpg 130w\" sizes=\"auto, (max-width: 250px) 100vw, 250px\" \/><br \/>\nO ator Dudu Azevedo ser\u00e1 o protagonista de Jesus, a nova novela da Record TV. Filho de Deus, enviado pelo Pai, vem ao mundo como homem por amor \u00e0 humanidade. Quebrar\u00e1 paradigmas religiosos, investir\u00e1 contra os vendilh\u00f5es do templo, revelando quem \u00e9, de fato, o inimigo da humanidade. Enfrentar\u00e1 \u00f3dios, cal\u00fanias, persegui\u00e7\u00f5es. Sua miss\u00e3o ser\u00e1 mostrar a todos, homens e mulheres, que Ele \u00e9 o Caminho, a Verdade e a Vida.<\/p>\n<p><strong>Satan\u00e1s (Mayana Moura)<\/strong><br \/>\n<img loading=\"lazy\" decoding=\"async\" class=\"alignnone wp-image-1578 size-full\" title=\"(Foto: Edu Moraes\/Record TV)\" src=\"https:\/\/tvnovelas.com.br\/page2\/arquivo\/wp-content\/uploads\/sites\/3\/2018\/07\/jesusqq02.jpg\" alt=\"Foto de Satan\u00e1s (Mayana Moura)\" width=\"250\" height=\"172\" srcset=\"https:\/\/tvnovelas.com.br\/page2\/arquivo\/wp-content\/uploads\/2018\/07\/jesusqq02.jpg 250w, https:\/\/tvnovelas.com.br\/page2\/arquivo\/wp-content\/uploads\/2018\/07\/jesusqq02-130x90.jpg 130w\" sizes=\"auto, (max-width: 250px) 100vw, 250px\" \/><br \/>\nAnjo deca\u00eddo e expulso do c\u00e9u. Antagonista de Jesus contar\u00e1 com dem\u00f4nios a seu servi\u00e7o. Este ser\u00e1 o personagem de Mayana Moura. Satan\u00e1s ir\u00e1 se dedicar a corromper homens e mulheres, surgindo aqui e ali, na sinistra miss\u00e3o de trazer o caos ao mundo. Revoltado com a vinda de Jesus \u00e0 Terra, tenta corromp\u00ea-lo, atrav\u00e9s de promessas de poder e riqueza.<\/p>\n<p><strong>Maria Madalena (Day Mesquita)<\/strong><br \/>\n<img loading=\"lazy\" decoding=\"async\" class=\"alignnone wp-image-1580 size-full\" title=\"(Foto: Edu Moraes\/Record TV)\" src=\"https:\/\/tvnovelas.com.br\/page2\/arquivo\/wp-content\/uploads\/sites\/3\/2018\/07\/jesusqq03.jpg\" alt=\"Foto de Maria Madalena (Day Mesquita)\" width=\"250\" height=\"172\" srcset=\"https:\/\/tvnovelas.com.br\/page2\/arquivo\/wp-content\/uploads\/2018\/07\/jesusqq03.jpg 250w, https:\/\/tvnovelas.com.br\/page2\/arquivo\/wp-content\/uploads\/2018\/07\/jesusqq03-130x90.jpg 130w\" sizes=\"auto, (max-width: 250px) 100vw, 250px\" \/><br \/>\nDay Mesquita viver\u00e1 a judia Maria Madalena. Vi\u00fava de um romano, retorna a Jerusal\u00e9m e se envolve com o centuri\u00e3o Petronius (Fernando Pav\u00e3o). Jesus (Dudu Azevedo) a livra de sete dem\u00f4nios. Assim, torna-se disc\u00edpula, seguindo-O e servindo-O com devo\u00e7\u00e3o. Testemunhar\u00e1 os sofrimentos, o julgamento, a condena\u00e7\u00e3o, a morte na cruz, e a ressurrei\u00e7\u00e3o.<\/p>\n<p><strong>Petronius (Fernando Pav\u00e3o)<\/strong><br \/>\n<img loading=\"lazy\" decoding=\"async\" class=\"alignnone wp-image-1581 size-full\" title=\"(Foto: Edu Moraes\/Record TV)\" src=\"https:\/\/tvnovelas.com.br\/page2\/arquivo\/wp-content\/uploads\/sites\/3\/2018\/07\/jesusqq04.jpg\" alt=\"Foto de Petronius (Fernando Pav\u00e3o)\" width=\"250\" height=\"174\" srcset=\"https:\/\/tvnovelas.com.br\/page2\/arquivo\/wp-content\/uploads\/2018\/07\/jesusqq04.jpg 250w, https:\/\/tvnovelas.com.br\/page2\/arquivo\/wp-content\/uploads\/2018\/07\/jesusqq04-130x90.jpg 130w\" sizes=\"auto, (max-width: 250px) 100vw, 250px\" \/><br \/>\nFernando Pav\u00e3o ser\u00e1 o soldado romano Petronius. Ele subir\u00e1 na carreira, chegando a centuri\u00e3o no governo de P\u00f4ncio Pilatos. Forte, corajoso, leal, v\u00ea-se obrigado a cumprir ordens cru\u00e9is como executar rebeldes na fogueira. Ir\u00e1 se envolver com Maria Madalena (Day Mesquita), mas se afasta quando ela mostrar sinais de possess\u00e3o por dem\u00f4nios<\/p>\n<p>Pedro (Petr\u00f4nio Gontijo)<br \/>\n<img loading=\"lazy\" decoding=\"async\" class=\"alignnone wp-image-1582 size-full\" title=\"(Foto: Edu Moraes\/Record TV)\" src=\"https:\/\/tvnovelas.com.br\/page2\/arquivo\/wp-content\/uploads\/sites\/3\/2018\/07\/jesusqq05.jpg\" alt=\"Foto de Pedro (Petr\u00f4nio Gontijo)\" width=\"250\" height=\"171\" srcset=\"https:\/\/tvnovelas.com.br\/page2\/arquivo\/wp-content\/uploads\/2018\/07\/jesusqq05.jpg 250w, https:\/\/tvnovelas.com.br\/page2\/arquivo\/wp-content\/uploads\/2018\/07\/jesusqq05-130x90.jpg 130w\" sizes=\"auto, (max-width: 250px) 100vw, 250px\" \/><br \/>\nPetr\u00f4nio Gontijo ser\u00e1 Pedro. Pescador bruto, forte e puro. Amante da verdade e da justi\u00e7a. Revoltado contra o dom\u00ednio romano. Cabe\u00e7a dura, teimoso e fala sem pensar. Desastrado e \u00f3timo nadador. Vi\u00favo, mora com a sogra e a filha, Gabriela, com as quais discute com frequ\u00eancia, por conta de seu temperamento turr\u00e3o. Pedro \u00e9 um dos doze ap\u00f3stolos, ser\u00e1 lapidado por Jesus, tornando-se um grande l\u00edder. Nenhum outro re\u00fane tantos defeitos e tantas virtudes, tanta coragem e tanto temor como ele. A nenhum outro Jesus far\u00e1 tantos louvores e tantas repreens\u00f5es.<\/p>\n<p><strong>Gabriel (Raphael Sander)<\/strong><br \/>\n<img loading=\"lazy\" decoding=\"async\" class=\"alignnone wp-image-1583 size-full\" title=\"(Foto: Edu Moraes\/Record TV)\" src=\"https:\/\/tvnovelas.com.br\/page2\/arquivo\/wp-content\/uploads\/sites\/3\/2018\/07\/jesusqq06.jpg\" alt=\"Foto de Gabriel (Raphael Sander)\" width=\"250\" height=\"172\" srcset=\"https:\/\/tvnovelas.com.br\/page2\/arquivo\/wp-content\/uploads\/2018\/07\/jesusqq06.jpg 250w, https:\/\/tvnovelas.com.br\/page2\/arquivo\/wp-content\/uploads\/2018\/07\/jesusqq06-130x90.jpg 130w\" sizes=\"auto, (max-width: 250px) 100vw, 250px\" \/><br \/>\nGabriel, o anjo mensageiro de Deus, ser\u00e1 interpretado por Raphael Sander. Ele anunciar\u00e1 \u00e0 Maria que ela conceber\u00e1 por meio do Esp\u00edrito Santo, e apaga as desconfian\u00e7as de seu noivo Jos\u00e9, tranquilizando-o. Leva tamb\u00e9m a Zacarias a boa nova de que sua esposa, est\u00e9ril at\u00e9 ent\u00e3o, engravidar\u00e1, dando \u00e0 luz o precursor do Messias<\/p>\n<p>Leia tamb\u00e9m<br \/>\n<a href=\"https:\/\/tvnovelas.com.br\/page2\/arquivo\/jesus-a-vida-e-epoca-de-jesus\/\">Jesus: A luta entre o bem e o mal (sinopse da novela)<\/a><\/p>\n","protected":false},"excerpt":{"rendered":"<p>Jesus (Dudu Azevedo) O ator Dudu Azevedo ser\u00e1 o protagonista de Jesus, a nova novela da Record TV. Filho de&#8230;<\/p>\n","protected":false},"author":1,"featured_media":1579,"comment_status":"closed","ping_status":"closed","sticky":false,"template":"","format":"standard","meta":{"_monsterinsights_skip_tracking":false,"_monsterinsights_sitenote_active":false,"_monsterinsights_sitenote_note":"","_monsterinsights_sitenote_category":0,"_jetpack_memberships_contains_paid_content":false,"footnotes":"","jetpack_publicize_message":"","jetpack_publicize_feature_enabled":true,"jetpack_social_post_already_shared":false,"jetpack_social_options":{"image_generator_settings":{"template":"highway","default_image_id":0,"font":"","enabled":false},"version":2}},"categories":[5],"tags":[9,10],"class_list":["post-1576","post","type-post","status-publish","format-standard","has-post-thumbnail","hentry","category-record","tag-personagens","tag-record","wpcat-5-id"],"aioseo_notices":[],"jetpack_publicize_connections":[],"jetpack_featured_media_url":"https:\/\/tvnovelas.com.br\/page2\/arquivo\/wp-content\/uploads\/2018\/07\/jesusqq01-1.jpg","jetpack_shortlink":"https:\/\/wp.me\/pfspD2-pq","jetpack-related-posts":[{"id":1592,"url":"https:\/\/tvnovelas.com.br\/page2\/arquivo\/jesus-a-vida-e-epoca-de-jesus\/","url_meta":{"origin":1576,"position":0},"title":"Jesus: A luta entre o bem e o mal","author":"Paulo Ant\u00f4nio","date":"19\/07\/2018","format":false,"excerpt":"O Jesus que vamos mostrar \u00e9 o que est\u00e1 na B\u00edblia, sem invencionices ou teorias sobre o que n\u00e3o \u00e9 dito sobre Ele. Sua hist\u00f3ria ser\u00e1 humanizada atrav\u00e9s das pessoas que O conheceram, que foram tocadas por Ele, de um modo ou de outro. \u00c9 atrav\u00e9s do olhar desses personagens\u2026","rel":"","context":"Em &quot;Record&quot;","block_context":{"text":"Record","link":"https:\/\/tvnovelas.com.br\/page2\/arquivo\/category\/record\/"},"img":{"alt_text":"","src":"https:\/\/i0.wp.com\/tvnovelas.com.br\/page2\/arquivo\/wp-content\/uploads\/2018\/07\/jesus01.jpg?resize=350%2C200&ssl=1","width":350,"height":200},"classes":[]},{"id":1608,"url":"https:\/\/tvnovelas.com.br\/page2\/arquivo\/que-pobres-tao-ricos\/","url_meta":{"origin":1576,"position":1},"title":"Que Pobres T\u00e3o Ricos: Duas fam\u00edlias muito diferentes, sob o mesmo teto","author":"Paulo Ant\u00f4nio","date":"28\/07\/2018","format":false,"excerpt":"'Qu\u00e9 pobres tan ricos', nome original, \u00e9 uma novela mexicana, produzida pela Televisa e exibida pelo Canal das Estrelas de novembro\/2013 a junho\/2014. Os criadores s\u00e3o: Adriana Lorenz\u00f3n, Juan Manuel C\u00e1ceres, H\u00e9ctor Alejandro Moncada e Liliana Guzm\u00e1n Uma hist\u00f3ria de amor, encontros, desencontros e divertidas situa\u00e7\u00f5es, \u201cQue Pobres T\u00e3o Ricos\u201d\u2026","rel":"","context":"Em &quot;Blog&quot;","block_context":{"text":"Blog","link":"https:\/\/tvnovelas.com.br\/page2\/arquivo\/category\/blog\/"},"img":{"alt_text":"","src":"https:\/\/i0.wp.com\/tvnovelas.com.br\/page2\/arquivo\/wp-content\/uploads\/2018\/07\/quepobres02.jpg?resize=350%2C200&ssl=1","width":350,"height":200},"classes":[]},{"id":1193,"url":"https:\/\/tvnovelas.com.br\/page2\/arquivo\/o-rico-e-lazaro\/","url_meta":{"origin":1576,"position":2},"title":"O Rico e L\u00e1zaro: O Cativeiro da Babil\u00f4nia","author":"Paulo Ant\u00f4nio","date":"09\/03\/2017","format":false,"excerpt":"600 anos a.C., aproximadamente. Ap\u00f3s o governo de v\u00e1rios reis que se afastaram de Deus, Jerusal\u00e9m encontra-se mergulhada na idolatria. O Povo de Deus est\u00e1 prestes a perder tudo que Mois\u00e9s e Josu\u00e9 conquistaram. A Babil\u00f4nia imp\u00f5e sua for\u00e7a sobre toda a regi\u00e3o da Mesopot\u00e2mia. Ap\u00f3s derrotar os eg\u00edpcios, Nabucodonosor\u2026","rel":"","context":"Em &quot;Blog&quot;","block_context":{"text":"Blog","link":"https:\/\/tvnovelas.com.br\/page2\/arquivo\/category\/blog\/"},"img":{"alt_text":"","src":"https:\/\/i0.wp.com\/tvnovelas.com.br\/page2\/arquivo\/wp-content\/uploads\/2017\/03\/oricoelazaro01.jpg?resize=350%2C200&ssl=1","width":350,"height":200},"classes":[]},{"id":685,"url":"https:\/\/tvnovelas.com.br\/page2\/arquivo\/gotinha-de-amor\/","url_meta":{"origin":1576,"position":3},"title":"Gotinha de Amor","author":"Paulo Ant\u00f4nio","date":"02\/02\/2017","format":false,"excerpt":"Belinha \u00e9 uma crian\u00e7a muito especial, cheia de vida procura contornar as piores situa\u00e7\u00f5es sempre com um sorriso no rosto, situa\u00e7\u00f5es essas que n\u00e3o s\u00e3o poucas, a doce menina vive num orfanato aonde s\u00f3 tem como amiga a velha Trini. Para piorar sua vida, ela \u00e9 maltratada pela diretora do\u2026","rel":"","context":"Em &quot;Blog&quot;","block_context":{"text":"Blog","link":"https:\/\/tvnovelas.com.br\/page2\/arquivo\/category\/blog\/"},"img":{"alt_text":"","src":"","width":0,"height":0},"classes":[]},{"id":2430,"url":"https:\/\/tvnovelas.com.br\/page2\/arquivo\/genesis-personagens\/","url_meta":{"origin":1576,"position":4},"title":"G\u00eanesis: Principais personagens das 1\u00aa e 2\u00aa fases","author":"Paulo Ant\u00f4nio","date":"20\/12\/2020","format":false,"excerpt":"Carlo Porto e Juliana Boller Vivem Ad\u00e3o e Eva, o primeiro homem e a primeira mulher criada por Deus. A dupla, que come\u00e7a a contar o in\u00edcio da hist\u00f3ria da humanidade, estar\u00e1 na primeira fase da trama. Oscar Magrini Interpreta No\u00e9, o her\u00f3i b\u00edblico que recebeu ordens do Senhor para\u2026","rel":"","context":"Em &quot;Record&quot;","block_context":{"text":"Record","link":"https:\/\/tvnovelas.com.br\/page2\/arquivo\/category\/record\/"},"img":{"alt_text":"Foto dos personagens","src":"https:\/\/i0.wp.com\/tvnovelas.com.br\/page2\/arquivo\/wp-content\/uploads\/2020\/12\/genesisqq01.jpg?resize=350%2C200&ssl=1","width":350,"height":200},"classes":[]},{"id":2888,"url":"https:\/\/tvnovelas.com.br\/page2\/arquivo\/paixoes-de-gavinales-principais-personagens\/","url_meta":{"origin":1576,"position":5},"title":"Paix\u00f5es de Gavinales: Principais personagens","author":"Paulo Ant\u00f4nio","date":"15\/05\/2022","format":false,"excerpt":"Personagens de Paix\u00f5es de Gavinales: Jo\u00e3o Reis (Mario Cimarro) Jo\u00e3o Reis, depois de quase duas d\u00e9cadas, Jo\u00e3o continua tendo um car\u00e1ter explosivo embora tenha ganhado maturidade e responsabilidade como pai e esposo. Ele \u00e9 perdidamente apaixonado por Norma e, apesar de n\u00e3o deixar de admirar outras mulheres, para ele n\u00e3o\u2026","rel":"","context":"Em &quot;SBT&quot;","block_context":{"text":"SBT","link":"https:\/\/tvnovelas.com.br\/page2\/arquivo\/category\/sbt\/"},"img":{"alt_text":"Foto de Paix\u00f5es de Gavinales","src":"https:\/\/i0.wp.com\/tvnovelas.com.br\/page2\/arquivo\/wp-content\/uploads\/2025\/05\/32626.jpg?resize=350%2C200&ssl=1","width":350,"height":200,"srcset":"https:\/\/i0.wp.com\/tvnovelas.com.br\/page2\/arquivo\/wp-content\/uploads\/2025\/05\/32626.jpg?resize=350%2C200&ssl=1 1x, https:\/\/i0.wp.com\/tvnovelas.com.br\/page2\/arquivo\/wp-content\/uploads\/2025\/05\/32626.jpg?resize=525%2C300&ssl=1 1.5x"},"classes":[]}],"jetpack_sharing_enabled":true,"_links":{"self":[{"href":"https:\/\/tvnovelas.com.br\/page2\/arquivo\/wp-json\/wp\/v2\/posts\/1576","targetHints":{"allow":["GET"]}}],"collection":[{"href":"https:\/\/tvnovelas.com.br\/page2\/arquivo\/wp-json\/wp\/v2\/posts"}],"about":[{"href":"https:\/\/tvnovelas.com.br\/page2\/arquivo\/wp-json\/wp\/v2\/types\/post"}],"author":[{"embeddable":true,"href":"https:\/\/tvnovelas.com.br\/page2\/arquivo\/wp-json\/wp\/v2\/users\/1"}],"replies":[{"embeddable":true,"href":"https:\/\/tvnovelas.com.br\/page2\/arquivo\/wp-json\/wp\/v2\/comments?post=1576"}],"version-history":[{"count":2,"href":"https:\/\/tvnovelas.com.br\/page2\/arquivo\/wp-json\/wp\/v2\/posts\/1576\/revisions"}],"predecessor-version":[{"id":1598,"href":"https:\/\/tvnovelas.com.br\/page2\/arquivo\/wp-json\/wp\/v2\/posts\/1576\/revisions\/1598"}],"wp:featuredmedia":[{"embeddable":true,"href":"https:\/\/tvnovelas.com.br\/page2\/arquivo\/wp-json\/wp\/v2\/media\/1579"}],"wp:attachment":[{"href":"https:\/\/tvnovelas.com.br\/page2\/arquivo\/wp-json\/wp\/v2\/media?parent=1576"}],"wp:term":[{"taxonomy":"category","embeddable":true,"href":"https:\/\/tvnovelas.com.br\/page2\/arquivo\/wp-json\/wp\/v2\/categories?post=1576"},{"taxonomy":"post_tag","embeddable":true,"href":"https:\/\/tvnovelas.com.br\/page2\/arquivo\/wp-json\/wp\/v2\/tags?post=1576"}],"curies":[{"name":"wp","href":"https:\/\/api.w.org\/{rel}","templated":true}]}}