{"id":1434,"date":"2018-02-15T15:01:02","date_gmt":"2018-02-15T17:01:02","guid":{"rendered":"https:\/\/tvnovelas.com.br\/page2\/arquivo\/?p=1434"},"modified":"2018-05-26T15:01:04","modified_gmt":"2018-05-26T18:01:04","slug":"orgulho-e-paixao","status":"publish","type":"post","link":"https:\/\/tvnovelas.com.br\/page2\/arquivo\/orgulho-e-paixao\/","title":{"rendered":"Orgulho e Paix\u00e3o: Paix\u00f5es, aventuras e humor"},"content":{"rendered":"<p><img loading=\"lazy\" decoding=\"async\" class=\"alignnone wp-image-1435 size-full\" title=\"(Foto: Raquel Cunha\/Globo)\" src=\"https:\/\/tvnovelas.com.br\/page2\/arquivo\/wp-content\/uploads\/sites\/3\/2018\/02\/orgulhoepaixao01.jpg\" alt=\"Foto de Elisabeta (Nathalia Dill)\" width=\"420\" height=\"236\" srcset=\"https:\/\/tvnovelas.com.br\/page2\/arquivo\/wp-content\/uploads\/2018\/02\/orgulhoepaixao01.jpg 420w, https:\/\/tvnovelas.com.br\/page2\/arquivo\/wp-content\/uploads\/2018\/02\/orgulhoepaixao01-300x169.jpg 300w, https:\/\/tvnovelas.com.br\/page2\/arquivo\/wp-content\/uploads\/2018\/02\/orgulhoepaixao01-250x140.jpg 250w, https:\/\/tvnovelas.com.br\/page2\/arquivo\/wp-content\/uploads\/2018\/02\/orgulhoepaixao01-150x84.jpg 150w\" sizes=\"auto, (max-width: 420px) 100vw, 420px\" \/><\/p>\n<p>Escrita por Marcos Bernstein, com dire\u00e7\u00e3o art\u00edstica de Fred Mayrink, &#8216;Orgulho e Paix\u00e3o&#8217;, pr\u00f3xima novela da 6, da Rede Globo, \u00e9 inspirada nos romances da escritora inglesa Jane Austen. A nova novela, das 6, com estreia em mar\u00e7o de 2018, traz uma narrativa leve e descontra\u00edda sobre os encontros e desencontros amorosos, no in\u00edcio do s\u00e9culo XX .<br \/>\nNo fict\u00edcio Vale do Caf\u00e9, interior de S\u00e3o Paulo, os personagens vivem seus conflitos sociais e de conduta, que sempre se contrap\u00f5em aos desejos pessoais de cada um. A trama \u00e9 recheada de paix\u00f5es, aventuras e muito bom humor.<\/p>\n<p>Elisabeta (Nathalia Dill) \u00e9 uma mulher \u00e0 frente do seu tempo, com pensamentos igualit\u00e1rios e interesses at\u00edpicos para uma jovem do in\u00edcio do s\u00e9culo XX. Ela deseja trabalhar, conhecer o mundo e \u00e9 incentivada a realizar seus sonhos pelo pai, Felisberto (Tato Gabus Mendes), que vive \u00e0s turras com a mulher, Of\u00e9lia (Vera Holtz), por pensarem diferente sobre a cria\u00e7\u00e3o das filhas. Ao todo, o casal teve cincofilhas mulheres e cada uma com uma personalidade diferente. Elisabeta \u00e9 irm\u00e3 de Jane (Pamela Tom\u00e9), Cecilia (Ana Julia Dorigon), Lidia (Bruna Griph\u00e3o) e Mariana (Chandelly Braz).<br \/>\nA personagem de Nathalia Dill entrar\u00e1 em conflito quando se apaixonar por Darcy (Thiago Lacerda), um homem de car\u00e1ter e muito sisudo. O amor n\u00e3o \u00e9 \u00e0 primeira vista, j\u00e1 que os dois n\u00e3o se entendem assim que se conhecem. O sentimento de repulsa dar\u00e1 lugar a uma grande paix\u00e3o, que ser\u00e1 negada pelo casal o m\u00e1ximo poss\u00edvel. Darcy ser\u00e1 um homem sisudo, por\u00e9m de car\u00e1ter. Ele n\u00e3o gostar\u00e1 de Elisabeta no in\u00edcio, mas logo a raiva dar\u00e1 lugar a uma grande paix\u00e3o.<\/p>\n<p><strong>Amiga<\/strong><br \/>\nEma (Agatha Moreira), por sua vez \u00e9 totalmente o oposto de Elisabeta e talvez seja por isso que elas se d\u00e3o t\u00e3o bem. A linda e alegre melhor amiga de nossa protagonista se classifica como a cupido do Vale do Caf\u00e9. Afinal, ela s\u00f3 tem uma coisa na cabe\u00e7a: casamento. Com um olhar apurado para reconhecer gostos e afinidades, ela mesma ainda n\u00e3o encontrou seu grande amor &#8211; afinal de contas, ela est\u00e1 sempre ocupada juntando casais e cuidando de sua fam\u00edlia.<\/p>\n<p><strong>No meio<\/strong><br \/>\nErnesto (Rodrigo Simas) \u00e9 um jovem contestador, filho de imigrantes italianos, cheio de vontade de mudar o mundo. Assim que conhece Elisabeta, durante um evento em que est\u00e1 trabalhando, ele se apaixona por ela. Os dois se tornar\u00e3o aliados em nome de uma causa nobre e v\u00e3o lutar para defender seus ideais igualit\u00e1rios.<br \/>\nNo elenco tamb\u00e9m est\u00e3o Alessandra Negrini, Amauri Reis, Bruno Gissoni, Emmilio Moreira, Giordano Becheleni, Grace Giannoukas, Jairo Mattos, Joaquim Lopes, JP Rufino, Juliano Laham, Laila Zaid, Leticia Persiles, Marcelo Faria, Marcos Pitombo, Mauricio Destri, Miguel Romulo, Murilo Rosa, Oscar Magrini, Pedro Henrique Muller, Polly Marinho, Ricardo Tozzi, Silvio Guindane, Tammy di Calafiori, Tarcisio Meira, Tony Correia, Vania de Brito.<\/p>\n","protected":false},"excerpt":{"rendered":"<p>Escrita por Marcos Bernstein, com dire\u00e7\u00e3o art\u00edstica de Fred Mayrink, &#8216;Orgulho e Paix\u00e3o&#8217;, pr\u00f3xima novela da 6, da Rede Globo,&#8230;<\/p>\n","protected":false},"author":1,"featured_media":1435,"comment_status":"closed","ping_status":"closed","sticky":false,"template":"","format":"standard","meta":{"_monsterinsights_skip_tracking":false,"_monsterinsights_sitenote_active":false,"_monsterinsights_sitenote_note":"","_monsterinsights_sitenote_category":0,"_jetpack_memberships_contains_paid_content":false,"footnotes":"","jetpack_publicize_message":"","jetpack_publicize_feature_enabled":true,"jetpack_social_post_already_shared":false,"jetpack_social_options":{"image_generator_settings":{"template":"highway","default_image_id":0,"font":"","enabled":false},"version":2}},"categories":[2],"tags":[11,9,8],"class_list":["post-1434","post","type-post","status-publish","format-standard","has-post-thumbnail","hentry","category-globo","tag-globo","tag-personagens","tag-sinopse","wpcat-2-id"],"aioseo_notices":[],"jetpack_publicize_connections":[],"jetpack_featured_media_url":"https:\/\/tvnovelas.com.br\/page2\/arquivo\/wp-content\/uploads\/2018\/02\/orgulhoepaixao01.jpg","jetpack_shortlink":"https:\/\/wp.me\/pfspD2-n8","jetpack-related-posts":[{"id":2907,"url":"https:\/\/tvnovelas.com.br\/page2\/arquivo\/paixoes-de-gavinales-uma-historia-de-vinganca-e-paixao\/","url_meta":{"origin":1434,"position":0},"title":"Paix\u00f5es de Gavinales: Uma hist\u00f3ria de vingan\u00e7a e paix\u00e3o","author":"Paulo Ant\u00f4nio","date":"15\/05\/2022","format":false,"excerpt":"Arquivo de novelas: Paix\u00f5es de Gavinales: Paix\u00e3o de Gavilanes conta a hist\u00f3ria de Jo\u00e3o, Oscar e Franco Reis, tr\u00eas irm\u00e3os que se fazem passar por pe\u00f5es para se infiltrarem na vida da fam\u00edlia Elizondo e poder vingar a morte de sua irm\u00e3. Por\u00e9m, a vingan\u00e7a deixa de ser importante quando\u2026","rel":"","context":"Em &quot;SBT&quot;","block_context":{"text":"SBT","link":"https:\/\/tvnovelas.com.br\/page2\/arquivo\/category\/sbt\/"},"img":{"alt_text":"Foto dos protagonistas de Paix\u00f5es de Gavinales","src":"https:\/\/i0.wp.com\/tvnovelas.com.br\/page2\/arquivo\/wp-content\/uploads\/2022\/05\/32625.jpg?resize=350%2C200&ssl=1","width":350,"height":200,"srcset":"https:\/\/i0.wp.com\/tvnovelas.com.br\/page2\/arquivo\/wp-content\/uploads\/2022\/05\/32625.jpg?resize=350%2C200&ssl=1 1x, https:\/\/i0.wp.com\/tvnovelas.com.br\/page2\/arquivo\/wp-content\/uploads\/2022\/05\/32625.jpg?resize=525%2C300&ssl=1 1.5x"},"classes":[]},{"id":414,"url":"https:\/\/tvnovelas.com.br\/page2\/arquivo\/tempos-modernos\/","url_meta":{"origin":1434,"position":1},"title":"Tempos Modernos","author":"Paulo Ant\u00f4nio","date":"31\/01\/2017","format":false,"excerpt":"Paix\u00e3o, encontros, confus\u00f5es e humor Ex-casais que ainda sofrem por paix\u00e3o, guerra familiar pelo amor (e para alguns, pelo dinheiro) uns dos outros, a dor de ter que guardar o passado em um lugar bem escondido dentro do peito, disputas amorosas vividas por personagens de todas as idades e trapa\u00e7as\u2026","rel":"","context":"Em &quot;Blog&quot;","block_context":{"text":"Blog","link":"https:\/\/tvnovelas.com.br\/page2\/arquivo\/category\/blog\/"},"img":{"alt_text":"","src":"","width":0,"height":0},"classes":[]},{"id":133,"url":"https:\/\/tvnovelas.com.br\/page2\/arquivo\/coracao-de-estudante\/","url_meta":{"origin":1434,"position":2},"title":"Cora\u00e7\u00e3o de Estudante","author":"Paulo Ant\u00f4nio","date":"28\/01\/2017","format":false,"excerpt":"Paix\u00f5es e arma\u00e7\u00f5es em Nova Alian\u00e7a! Tudo come\u00e7a quando o professor Eduardo Feitosa chega \u00e0 cidade Nova Alian\u00e7a, em Minas Gerais, para dar aula na universidade local e para ficar noivo de Am\u00e9lia, filha do maior fazendeiro da regi\u00e3o, Jo\u00e3o Mour\u00e3o. A chegada de Edu d\u00e1 in\u00edcio a um tri\u00e2ngulo\u2026","rel":"","context":"Em &quot;Blog&quot;","block_context":{"text":"Blog","link":"https:\/\/tvnovelas.com.br\/page2\/arquivo\/category\/blog\/"},"img":{"alt_text":"","src":"","width":0,"height":0},"classes":[]},{"id":1822,"url":"https:\/\/tvnovelas.com.br\/page2\/arquivo\/orfaos-da-terra-uma-paixao-nascida-no-campo-de-refugiados\/","url_meta":{"origin":1434,"position":3},"title":"\u00d3rf\u00e3os da terra&#8217;: Uma paix\u00e3o nascida  no campo de refugiados","author":"Paulo Ant\u00f4nio","date":"13\/03\/2019","format":false,"excerpt":"A novela \"\u00d3rf\u00e3os da terra\", de Duca Rachid e Thelma Guedes, produzida pela Globo para a faixa das seis horas \u00e9 uma hist\u00f3ria que tem como pano de fundo o conflito s\u00edrio \u2013 guerra civil iniciada em 2011, durante a Primavera \u00c1rabe, que j\u00e1 provocou a morte de mais de\u2026","rel":"","context":"Em &quot;Blog&quot;","block_context":{"text":"Blog","link":"https:\/\/tvnovelas.com.br\/page2\/arquivo\/category\/blog\/"},"img":{"alt_text":"Foto dos protagonistas J\u00falia e Jamil,","src":"https:\/\/i0.wp.com\/tvnovelas.com.br\/page2\/arquivo\/wp-content\/uploads\/2019\/03\/orfaosdaterra01.jpg?resize=350%2C200&ssl=1","width":350,"height":200},"classes":[]},{"id":3490,"url":"https:\/\/tvnovelas.com.br\/page2\/arquivo\/caras-bocas-a-historia-de-amor-de-gabriel-e-dafne\/","url_meta":{"origin":1434,"position":4},"title":"Caras &#038; Bocas: A hist\u00f3ria de amor de Gabriel e Dafne","author":"Paulo Ant\u00f4nio","date":"08\/02\/2025","format":false,"excerpt":"'Caras & Bocas' \u00e9 uma novela de Walcyr Carrasco e Claudia Souto, em colabora\u00e7\u00e3o com Andr\u00e9 Ryoki, com dire\u00e7\u00e3o de n\u00facleo e geral de Jorge Fernando, conta a hist\u00f3ria de amor de Dafne (Fl\u00e1via Alessandra) e Gabriel (Malvino Salvador). O casal viveu uma paix\u00e3o avassaladora na juventude, mas foi separado\u2026","rel":"","context":"Em &quot;Globo&quot;","block_context":{"text":"Globo","link":"https:\/\/tvnovelas.com.br\/page2\/arquivo\/category\/globo\/"},"img":{"alt_text":"Foto em 'Caras e Bocas'","src":"https:\/\/i0.wp.com\/tvnovelas.com.br\/page2\/arquivo\/wp-content\/uploads\/2025\/02\/10399.jpg?resize=350%2C200&ssl=1","width":350,"height":200,"srcset":"https:\/\/i0.wp.com\/tvnovelas.com.br\/page2\/arquivo\/wp-content\/uploads\/2025\/02\/10399.jpg?resize=350%2C200&ssl=1 1x, https:\/\/i0.wp.com\/tvnovelas.com.br\/page2\/arquivo\/wp-content\/uploads\/2025\/02\/10399.jpg?resize=525%2C300&ssl=1 1.5x, https:\/\/i0.wp.com\/tvnovelas.com.br\/page2\/arquivo\/wp-content\/uploads\/2025\/02\/10399.jpg?resize=700%2C400&ssl=1 2x"},"classes":[]},{"id":2879,"url":"https:\/\/tvnovelas.com.br\/page2\/arquivo\/cara-e-coragem-aventura-coragem-emocao\/","url_meta":{"origin":1434,"position":5},"title":"&#8216;Cara e Coragem&#8217;: aventura, coragem, emo\u00e7\u00e3o","author":"Paulo Ant\u00f4nio","date":"05\/05\/2022","format":false,"excerpt":"A trama de \u201cCara e Coragem\u201d, exibida pela Globo, na faixa das 19h, \u00e9 de hist\u00f3rias recheadas de aventura, coragem e emo\u00e7\u00e3o vividas por Pat (Paolla Oliveira) e Moa (Marcelo Serrado), dois dubl\u00eas de profiss\u00e3o, e pela empres\u00e1ria Clarice Gusm\u00e3o (Ta\u00eds Ara\u00fajo). Pat (Paolla Oliveira) e Moa (Marcelo Serrado) ser\u00e3o\u2026","rel":"","context":"Em &quot;Globo&quot;","block_context":{"text":"Globo","link":"https:\/\/tvnovelas.com.br\/page2\/arquivo\/category\/globo\/"},"img":{"alt_text":"Foto dos protagonistas de Cara e Coragem","src":"https:\/\/i0.wp.com\/tvnovelas.com.br\/page2\/arquivo\/wp-content\/uploads\/2022\/05\/caraecoragem01.jpg?resize=350%2C200&ssl=1","width":350,"height":200,"srcset":"https:\/\/i0.wp.com\/tvnovelas.com.br\/page2\/arquivo\/wp-content\/uploads\/2022\/05\/caraecoragem01.jpg?resize=350%2C200&ssl=1 1x, https:\/\/i0.wp.com\/tvnovelas.com.br\/page2\/arquivo\/wp-content\/uploads\/2022\/05\/caraecoragem01.jpg?resize=525%2C300&ssl=1 1.5x"},"classes":[]}],"jetpack_sharing_enabled":true,"_links":{"self":[{"href":"https:\/\/tvnovelas.com.br\/page2\/arquivo\/wp-json\/wp\/v2\/posts\/1434","targetHints":{"allow":["GET"]}}],"collection":[{"href":"https:\/\/tvnovelas.com.br\/page2\/arquivo\/wp-json\/wp\/v2\/posts"}],"about":[{"href":"https:\/\/tvnovelas.com.br\/page2\/arquivo\/wp-json\/wp\/v2\/types\/post"}],"author":[{"embeddable":true,"href":"https:\/\/tvnovelas.com.br\/page2\/arquivo\/wp-json\/wp\/v2\/users\/1"}],"replies":[{"embeddable":true,"href":"https:\/\/tvnovelas.com.br\/page2\/arquivo\/wp-json\/wp\/v2\/comments?post=1434"}],"version-history":[{"count":2,"href":"https:\/\/tvnovelas.com.br\/page2\/arquivo\/wp-json\/wp\/v2\/posts\/1434\/revisions"}],"predecessor-version":[{"id":1488,"href":"https:\/\/tvnovelas.com.br\/page2\/arquivo\/wp-json\/wp\/v2\/posts\/1434\/revisions\/1488"}],"wp:featuredmedia":[{"embeddable":true,"href":"https:\/\/tvnovelas.com.br\/page2\/arquivo\/wp-json\/wp\/v2\/media\/1435"}],"wp:attachment":[{"href":"https:\/\/tvnovelas.com.br\/page2\/arquivo\/wp-json\/wp\/v2\/media?parent=1434"}],"wp:term":[{"taxonomy":"category","embeddable":true,"href":"https:\/\/tvnovelas.com.br\/page2\/arquivo\/wp-json\/wp\/v2\/categories?post=1434"},{"taxonomy":"post_tag","embeddable":true,"href":"https:\/\/tvnovelas.com.br\/page2\/arquivo\/wp-json\/wp\/v2\/tags?post=1434"}],"curies":[{"name":"wp","href":"https:\/\/api.w.org\/{rel}","templated":true}]}}