{"id":1431,"date":"2018-02-14T16:51:01","date_gmt":"2018-02-14T18:51:01","guid":{"rendered":"https:\/\/tvnovelas.com.br\/page2\/arquivo\/?p=1431"},"modified":"2021-11-23T17:30:48","modified_gmt":"2021-11-23T20:30:48","slug":"amanha-e-para-sempre-unidos-por-um-amor-inocente","status":"publish","type":"post","link":"https:\/\/tvnovelas.com.br\/page2\/arquivo\/amanha-e-para-sempre-unidos-por-um-amor-inocente\/","title":{"rendered":"Amanh\u00e3 \u00e9 Para Sempre: unidos por um amor inocente"},"content":{"rendered":"<p><img loading=\"lazy\" decoding=\"async\" class=\"alignnone wp-image-1432 size-full\" title=\"(Foto: Divulga\u00e7\u00e3o\/SBT\/Televisa)\" src=\"https:\/\/tvnovelas.com.br\/page2\/arquivo\/wp-content\/uploads\/sites\/3\/2018\/02\/amanhaeparasempre01.jpg\" alt=\"Foto de Fernanda e Eduardo\" width=\"420\" height=\"236\" srcset=\"https:\/\/tvnovelas.com.br\/page2\/arquivo\/wp-content\/uploads\/2018\/02\/amanhaeparasempre01.jpg 420w, https:\/\/tvnovelas.com.br\/page2\/arquivo\/wp-content\/uploads\/2018\/02\/amanhaeparasempre01-300x169.jpg 300w, https:\/\/tvnovelas.com.br\/page2\/arquivo\/wp-content\/uploads\/2018\/02\/amanhaeparasempre01-250x140.jpg 250w, https:\/\/tvnovelas.com.br\/page2\/arquivo\/wp-content\/uploads\/2018\/02\/amanhaeparasempre01-150x84.jpg 150w\" sizes=\"auto, (max-width: 420px) 100vw, 420px\" \/><\/p>\n<p>Fernanda e Eduardo cresceram juntos, unidos por um amor inocente. Ela \u00e9 a filha ca\u00e7ula do fazendeiro Gon\u00e7alo Elizalde, dono de uma grande companhia leiteira. J\u00e1 Eduardo \u00e9 filho de Soledade, a governanta da fam\u00edlia Elizalde. Gon\u00e7alo vive feliz com sua esposa Montserrat e seus cinco filhos, mas ele n\u00e3o suspeita que um inimigo implac\u00e1vel ronda seus neg\u00f3cios.<br \/>\nArt\u00eamio Bravo sente um \u00f3dio intenso e amargo de Gon\u00e7alo. Sua \u00fanica meta \u00e9 destruir a fam\u00edlia Elizalde. Para isso, contar\u00e1 com a ajuda de B\u00e1rbara Greco, uma jovem sem escr\u00fapulos que chega \u00e0 empresa de Gon\u00e7alo. Sua intelig\u00eancia causa boa impress\u00e3o no empres\u00e1rio, que a contrata como sua assistente pessoal. Pouco a pouco, e com muita ast\u00facia, B\u00e1rbara obt\u00e9m total confian\u00e7a de seu chefe.<\/p>\n<p>As primeiras v\u00edtimas de B\u00e1rbara s\u00e3o Eduardo e Fernanda. Ela os v\u00ea se beijando inocentemente. B\u00e1rbara convence Montserrat de que Eduardo pode ser um perigo para a menina e o garoto \u00e9 enviado para um internato na cidade. As cartas que o casal envia um para o outro chegam \u00e0s m\u00e3os de Soledade, que decide n\u00e3o as entregar ao destino final. Isso faz com que Fernanda se sinta esquecida por Eduardo.<br \/>\nArt\u00eamio quer fazer com que B\u00e1rbara seja a esposa de Gon\u00e7alo, e isso significa que Montserrat deve morrer. B\u00e1rbara asfixia Montsserat com uma almofada e faz com que Liliana, a filha mais velha da mulher, seja culpada pela morte da m\u00e3e. Gritando por sua inoc\u00eancia, a adolescente acaba sendo internada em uma cl\u00ednica psiqui\u00e1trica. Posteriormente, Gon\u00e7alo se casa com B\u00e1rbara e a nomeia membro da junta diretiva da empresa.<br \/>\nSoledade \u00e9 a \u00fanica que sabe at\u00e9 onde pode chegar a maldade de B\u00e1rbara, mas tem que se calar. Vive um inferno durante anos, sentindo saudades de seu filho e um eterno medo de que B\u00e1rbara o mate.<\/p>\n<p>Os anos passam e Eduardo, depois de ter se formado nos Estados Unidos, volta \u00e0 fazenda e encontra sua m\u00e3e muito doente. Ela fala sobre o supl\u00edcio que tem vivido nas m\u00e3os de B\u00e1rbara e ele promete fazer justi\u00e7a.<br \/>\nCom o nome de Franco Santoro, ele consegue entrar na empresa com a inten\u00e7\u00e3o de fazer os respons\u00e1veis por suas desgra\u00e7as pagarem por isso. Fernanda sente uma forte e inexplic\u00e1vel atra\u00e7\u00e3o por ele. Surge novamente aquele grande amor que nunca morreu.<\/p>\n<p><strong>Principais personagens:<\/strong><\/p>\n<h3>Principais personagens<\/h3>\n<p><strong>Eduardo Ju\u00e1rez Cruz- Franco Santoro (Fernando Colunga)<\/strong><br \/>\n<img loading=\"lazy\" decoding=\"async\" class=\"alignnone wp-image-2745 size-full\" title=\"Eduardo Ju\u00e1rez Cruz- Franco Santoro (Fernando Colunga)\" src=\"https:\/\/tvnovelas.com.br\/page2\/arquivo\/wp-content\/uploads\/2021\/11\/amanhaqq01.jpg\" alt=\"Foto de Eduardo Ju\u00e1rez Cruz- Franco Santoro (Fernando Colunga)\" width=\"300\" height=\"200\" \/><br \/>\n\u00c9 um menino alegre e nobre, de sentimentos profundos, que adora a m\u00e3e. Seu pai morreu quando ele tinha 6 anos; dele herdou o amor pelos animais e o respeito pela natureza. Ele \u00e9 um sonhador, mas seu amor por Fernanda \u00e9 s\u00f3lido como uma rocha. Embora a maldade de B\u00e1rbara os separe h\u00e1 anos, ao voltar ele descobre que seu amor permaneceu intacto e que est\u00e1 disposto a lutar por Fernanda e por justi\u00e7a.<\/p>\n<p><strong>Fernanda Elizalde Rivera\u00a0(Silvia Navarro)<\/strong><br \/>\n<img loading=\"lazy\" decoding=\"async\" class=\"alignnone wp-image-2746 size-full\" title=\"Fernanda Elizalde Rivera\u00a0(Silvia Navarro)\" src=\"https:\/\/tvnovelas.com.br\/page2\/arquivo\/wp-content\/uploads\/2021\/11\/amanhaqq02.jpg\" alt=\"Fernanda Elizalde Rivera\u00a0(Silvia Navarro)\" width=\"300\" height=\"200\" \/><br \/>\nLinda, meiga, generosa, de convic\u00e7\u00f5es firmes, sem preconceitos sociais e preocupada com os outros. Seu cora\u00e7\u00e3o inocente sofre um grande golpe quando ela se separa de Eduardo e, pouco depois, quando sua m\u00e3e morre. Sua atitude positiva a ajuda a superar sua perda. Quando ela crescer e trabalhar no neg\u00f3cio da fam\u00edlia, ela quer abrir um centro de atividades artesanais para sua comunidade.<\/p>\n<p><strong>B\u00e1rbara Greco- Rebeca S\u00e1nchez (Atriz: Lucero)<\/strong><br \/>\n<img loading=\"lazy\" decoding=\"async\" class=\"alignnone wp-image-2749 size-full\" title=\"B\u00e1rbara Greco- Rebeca S\u00e1nchez (Atriz: Lucero)\" src=\"https:\/\/tvnovelas.com.br\/page2\/arquivo\/wp-content\/uploads\/2022\/11\/amanhaqq03.jpg\" alt=\"Foto de B\u00e1rbara Greco- Rebeca S\u00e1nchez (Atriz: Lucero)\" width=\"300\" height=\"200\" \/><br \/>\nUma mulher bonita e inteligente, mas perversa e manipuladora, que far\u00e1 de tudo para alcan\u00e7ar seus prop\u00f3sitos. Uma inf\u00e2ncia cheia de espancamentos e abusos deformaram a alma de Rebeca, e sua rota de fuga foi assassinar seus pais. Anos depois, com o nome de B\u00e1rbara Greco, foi trabalhar nas empresas de Gonzalo para destruir a fam\u00edlia Elizalde a mando de Artemio.<\/p>\n<p><strong>Gonzalo Elizalde\u00a0(Rogelio Guerra)<\/strong><br \/>\n<img loading=\"lazy\" decoding=\"async\" class=\"alignnone wp-image-2750 size-full\" title=\"Gonzalo Elizalde\u00a0(Rogelio Guerra)\" src=\"https:\/\/tvnovelas.com.br\/page2\/arquivo\/wp-content\/uploads\/2022\/11\/amanhaqq04.jpg\" alt=\"Foto de Gonzalo Elizalde\u00a0(Rogelio Guerra)\" width=\"300\" height=\"200\" \/><br \/>\nEle \u00e9 um fazendeiro rico, dono de uma grande empresa de latic\u00ednios do pa\u00eds. Um homem culto, correto, honesto, trabalhador e respons\u00e1vel, de boa \u00edndole e facilmente manipulado com chantagens emocionais. Ao ficar vi\u00favo, ele se casa com sua assistente B\u00e1rbara, em quem ele confia cegamente. Gonzalo se considera um homem de sorte e feliz.<\/p>\n<p><strong>Monserrat Rivera de Elizalde (Erika Buenfil)<\/strong><br \/>\n<img loading=\"lazy\" decoding=\"async\" class=\"alignnone wp-image-2751 size-full\" title=\"Monserrat Rivera de Elizalde (Erika Buenfil)\" src=\"https:\/\/tvnovelas.com.br\/page2\/arquivo\/wp-content\/uploads\/2022\/11\/amanhaqq05.jpg\" alt=\"Foto de Monserrat Rivera de Elizalde (Erika Buenfil)\" width=\"300\" height=\"200\" \/><br \/>\nBonita, distinta e tradicional, com fortes princ\u00edpios morais e religiosos que cultiva nos filhos. Monserrat \u00e9 classista e marca seu distanciamento da servid\u00e3o. Seus filhos est\u00e3o em idades dif\u00edceis e ela n\u00e3o consegue se comunicar com eles.<\/p>\n<p><strong>Dami\u00e1n Gallardo (Sergio Sendel)<\/strong><br \/>\n<img loading=\"lazy\" decoding=\"async\" class=\"alignnone wp-image-2752 size-full\" title=\"Dami\u00e1n Gallardo (Sergio Sendel)\" src=\"https:\/\/tvnovelas.com.br\/page2\/arquivo\/wp-content\/uploads\/2022\/11\/amanhaqq06.jpg\" alt=\"Foto de Dami\u00e1n Gallardo (Sergio Sendel)\" width=\"300\" height=\"200\" \/><br \/>\nNoivo de Fernanda. Um arrivista aliado de B\u00e1rbara, que o contrata para trabalhar na empresa. Dami\u00e1n se apaixona por Fernanda por instru\u00e7\u00e3o de B\u00e1rbara e faz com que a mo\u00e7a aceite se casar com ele. Dami\u00e1n saiu de casa quando atingiu a maioridade porque estava farto da superprote\u00e7\u00e3o de sua m\u00e3e \u00darsula.<\/p>\n<p><strong>Soledad Cruz\u00a0(Mar\u00eda Rojo)<\/strong><br \/>\n<img loading=\"lazy\" decoding=\"async\" class=\"alignnone wp-image-2753 size-full\" title=\"Soledad Cruz\u00a0(Mar\u00eda Rojo)\" src=\"https:\/\/tvnovelas.com.br\/page2\/arquivo\/wp-content\/uploads\/2022\/11\/amanhaqq07.jpg\" alt=\"Foto de Soledad Cruz\u00a0(Mar\u00eda Rojo)\" width=\"300\" height=\"200\" \/><br \/>\nEla \u00e9 a m\u00e3e de Eduardo, e seu filho \u00e9 tudo para ela. Vi\u00fava ap\u00f3s alguns anos de casamento, ela se dedicou a cuidar dos filhos de Elizalde. Com a chegada de B\u00e1rbara, Dom Gonzalo vai dando-lhe aos poucos as decis\u00f5es importantes da empresa e da casa. Soledad confronta o novo assistente quando ela percebe sua maldade. B\u00e1rbara se dedica a anul\u00e1-la, separando-a do filho por muitos anos e amea\u00e7ando<\/p>\n<p><strong>Liliana Elizalde\u00a0(Dominika Paleta)<\/strong><br \/>\n<img loading=\"lazy\" decoding=\"async\" class=\"alignnone wp-image-2754 size-full\" title=\"Liliana Elizalde\u00a0(Dominika Paleta)\" src=\"https:\/\/tvnovelas.com.br\/page2\/arquivo\/wp-content\/uploads\/2022\/11\/amanhaqq08.jpg\" alt=\"Foto de Liliana Elizalde\u00a0(Dominika Paleta)\" width=\"300\" height=\"200\" \/><br \/>\nCom fortes convic\u00e7\u00f5es e sentimentos nobres, ela \u00e9 franca e direta, ela odeia a hipocrisia. Ela \u00e9 uma adolescente vivaz e rebelde e est\u00e1 determinada a quebrar as regras. \u00c9 a dor de cabe\u00e7a de sua m\u00e3e e a adora\u00e7\u00e3o de seu pai. Ele ama muito Soledad e Eduardo e protege a irm\u00e3zinha Fernanda. Sua vida desmorona quando B\u00e1rbara a responsabiliza pelo assassinato de Monserrat e passa anos confinada em uma cl\u00ednica psiqui\u00e1trica.<\/p>\n","protected":false},"excerpt":{"rendered":"<p>Fernanda e Eduardo cresceram juntos, unidos por um amor inocente. Ela \u00e9 a filha ca\u00e7ula do fazendeiro Gon\u00e7alo Elizalde, dono&#8230;<\/p>\n","protected":false},"author":1,"featured_media":1432,"comment_status":"closed","ping_status":"closed","sticky":false,"template":"","format":"standard","meta":{"_monsterinsights_skip_tracking":false,"_monsterinsights_sitenote_active":false,"_monsterinsights_sitenote_note":"","_monsterinsights_sitenote_category":0,"_jetpack_memberships_contains_paid_content":false,"footnotes":"","jetpack_publicize_message":"","jetpack_publicize_feature_enabled":true,"jetpack_social_post_already_shared":false,"jetpack_social_options":{"image_generator_settings":{"template":"highway","default_image_id":0,"font":"","enabled":false},"version":2}},"categories":[3],"tags":[9,7,8],"class_list":["post-1431","post","type-post","status-publish","format-standard","has-post-thumbnail","hentry","category-sbt","tag-personagens","tag-sbt","tag-sinopse","wpcat-3-id"],"aioseo_notices":[],"jetpack_publicize_connections":[],"jetpack_featured_media_url":"https:\/\/tvnovelas.com.br\/page2\/arquivo\/wp-content\/uploads\/2018\/02\/amanhaeparasempre01.jpg","jetpack_shortlink":"https:\/\/wp.me\/pfspD2-n5","jetpack-related-posts":[{"id":243,"url":"https:\/\/tvnovelas.com.br\/page2\/arquivo\/a-favorita-quem-e-quem\/","url_meta":{"origin":1431,"position":0},"title":"A Favorita: Quem \u00e9 Quem","author":"Paulo Ant\u00f4nio","date":"29\/01\/2017","format":false,"excerpt":"Gon\u00e7alo Fontini (Mauro Mendon\u00e7a) \u00c9 um homem inteligente, culto, \u00edntegro e dedicado \u00e0 fam\u00edlia. Sua autoridade \u00e9 imposta naturalmente. Quando jovem, Gon\u00e7alo tinha id\u00e9ias comunistas, mas, ao longo da vida, traiu seus ideais e tornou-se um homem riqu\u00edssimo. Apesar disso, \u00e9 discreto e n\u00e3o gosta de ostenta\u00e7\u00e3o nem de bajuladores.\u2026","rel":"","context":"Em &quot;Blog&quot;","block_context":{"text":"Blog","link":"https:\/\/tvnovelas.com.br\/page2\/arquivo\/category\/blog\/"},"img":{"alt_text":"","src":"","width":0,"height":0},"classes":[]},{"id":744,"url":"https:\/\/tvnovelas.com.br\/page2\/arquivo\/rubi\/","url_meta":{"origin":1431,"position":1},"title":"Rubi","author":"Paulo Ant\u00f4nio","date":"02\/02\/2017","format":false,"excerpt":"A obsess\u00e3o pelo amor e por dinheiro Com B\u00e1rbara Mori, Eduardo Santamarina e Jacqueline Bracamontes no elenco, Rubi \u00e9 uma novela produzida pela Televisa e exibida no Brasil pelo SBT. No cora\u00e7\u00e3o de Rub\u00ed (B\u00e1rbara Mori) reina uma luta constante entre o desejo de encontrar um grande amor e a\u2026","rel":"","context":"Em &quot;Blog&quot;","block_context":{"text":"Blog","link":"https:\/\/tvnovelas.com.br\/page2\/arquivo\/category\/blog\/"},"img":{"alt_text":"","src":"","width":0,"height":0},"classes":[]},{"id":85,"url":"https:\/\/tvnovelas.com.br\/page2\/arquivo\/maria-esperanca\/","url_meta":{"origin":1431,"position":2},"title":"Maria Esperan\u00e7a","author":"Paulo Ant\u00f4nio","date":"26\/01\/2017","format":false,"excerpt":"Os passos da gl\u00f3ria A novela 'Maria Esperan\u00e7a' narra a trajet\u00f3ria de Maria, uma garota doce que sustenta sozinha a fam\u00edlia, vendendo flores e bilhetes de loteria pelas ruas. Abandonada pela m\u00e3e ainda quando crian\u00e7a, ela vive com o pai, Ramiro, um alco\u00f3latra que nunca teve como sustentar os filhos,\u2026","rel":"","context":"Em &quot;Blog&quot;","block_context":{"text":"Blog","link":"https:\/\/tvnovelas.com.br\/page2\/arquivo\/category\/blog\/"},"img":{"alt_text":"","src":"","width":0,"height":0},"classes":[]},{"id":685,"url":"https:\/\/tvnovelas.com.br\/page2\/arquivo\/gotinha-de-amor\/","url_meta":{"origin":1431,"position":3},"title":"Gotinha de Amor","author":"Paulo Ant\u00f4nio","date":"02\/02\/2017","format":false,"excerpt":"Belinha \u00e9 uma crian\u00e7a muito especial, cheia de vida procura contornar as piores situa\u00e7\u00f5es sempre com um sorriso no rosto, situa\u00e7\u00f5es essas que n\u00e3o s\u00e3o poucas, a doce menina vive num orfanato aonde s\u00f3 tem como amiga a velha Trini. Para piorar sua vida, ela \u00e9 maltratada pela diretora do\u2026","rel":"","context":"Em &quot;Blog&quot;","block_context":{"text":"Blog","link":"https:\/\/tvnovelas.com.br\/page2\/arquivo\/category\/blog\/"},"img":{"alt_text":"","src":"","width":0,"height":0},"classes":[]},{"id":619,"url":"https:\/\/tvnovelas.com.br\/page2\/arquivo\/fascinacao\/","url_meta":{"origin":1431,"position":4},"title":"Fascina\u00e7\u00e3o","author":"Paulo Ant\u00f4nio","date":"02\/02\/2017","format":false,"excerpt":"Unidos pela cigana A trama, que se passa na d\u00e9cada de 30, conta a hist\u00f3ria de Clara (Regiane Alves), uma jovem humilde, filha de um carroceiro, que conhece Carlos Eduardo (Marcos Damigo), um garoto de fam\u00edlia rica, durante o baile de formatura. O que eles n\u00e3o esperavam, \u00e9 que um\u2026","rel":"","context":"Em &quot;Blog&quot;","block_context":{"text":"Blog","link":"https:\/\/tvnovelas.com.br\/page2\/arquivo\/category\/blog\/"},"img":{"alt_text":"","src":"https:\/\/i0.wp.com\/tvnovelas.com.br\/page2\/arquivo\/wp-content\/uploads\/sites\/3\/2017\/02\/fascinacao01-300x170.jpg?resize=350%2C200&ssl=1","width":350,"height":200},"classes":[]},{"id":2285,"url":"https:\/\/tvnovelas.com.br\/page2\/arquivo\/quando-me-apaixono-a-historia\/","url_meta":{"origin":1431,"position":5},"title":"Quando Me Apaixono &#8211; A hist\u00f3ria e personagens","author":"Paulo Ant\u00f4nio","date":"28\/07\/2020","format":false,"excerpt":"Quando Me Apaixono conta a hist\u00f3ria de Renata e Jer\u00f4nimo. Um amor sincero e profundo condenado ao sofrimento pelo rancor e a vingan\u00e7a de um \u00f3dio implac\u00e1vel provocado por uma terr\u00edvel mentira. Tudo come\u00e7a com o nascimento de duas meninas. Ambas s\u00e3o filhas de Roberto, mas, de m\u00e3es diferentes. Enquanto\u2026","rel":"","context":"Em &quot;Blog&quot;","block_context":{"text":"Blog","link":"https:\/\/tvnovelas.com.br\/page2\/arquivo\/category\/blog\/"},"img":{"alt_text":"Foto de divulga\u00e7\u00e3o","src":"https:\/\/i0.wp.com\/tvnovelas.com.br\/page2\/arquivo\/wp-content\/uploads\/2020\/07\/qdomeapaixono02.jpg?resize=350%2C200&ssl=1","width":350,"height":200,"srcset":"https:\/\/i0.wp.com\/tvnovelas.com.br\/page2\/arquivo\/wp-content\/uploads\/2020\/07\/qdomeapaixono02.jpg?resize=350%2C200&ssl=1 1x, https:\/\/i0.wp.com\/tvnovelas.com.br\/page2\/arquivo\/wp-content\/uploads\/2020\/07\/qdomeapaixono02.jpg?resize=525%2C300&ssl=1 1.5x"},"classes":[]}],"jetpack_sharing_enabled":true,"_links":{"self":[{"href":"https:\/\/tvnovelas.com.br\/page2\/arquivo\/wp-json\/wp\/v2\/posts\/1431","targetHints":{"allow":["GET"]}}],"collection":[{"href":"https:\/\/tvnovelas.com.br\/page2\/arquivo\/wp-json\/wp\/v2\/posts"}],"about":[{"href":"https:\/\/tvnovelas.com.br\/page2\/arquivo\/wp-json\/wp\/v2\/types\/post"}],"author":[{"embeddable":true,"href":"https:\/\/tvnovelas.com.br\/page2\/arquivo\/wp-json\/wp\/v2\/users\/1"}],"replies":[{"embeddable":true,"href":"https:\/\/tvnovelas.com.br\/page2\/arquivo\/wp-json\/wp\/v2\/comments?post=1431"}],"version-history":[{"count":2,"href":"https:\/\/tvnovelas.com.br\/page2\/arquivo\/wp-json\/wp\/v2\/posts\/1431\/revisions"}],"predecessor-version":[{"id":2756,"href":"https:\/\/tvnovelas.com.br\/page2\/arquivo\/wp-json\/wp\/v2\/posts\/1431\/revisions\/2756"}],"wp:featuredmedia":[{"embeddable":true,"href":"https:\/\/tvnovelas.com.br\/page2\/arquivo\/wp-json\/wp\/v2\/media\/1432"}],"wp:attachment":[{"href":"https:\/\/tvnovelas.com.br\/page2\/arquivo\/wp-json\/wp\/v2\/media?parent=1431"}],"wp:term":[{"taxonomy":"category","embeddable":true,"href":"https:\/\/tvnovelas.com.br\/page2\/arquivo\/wp-json\/wp\/v2\/categories?post=1431"},{"taxonomy":"post_tag","embeddable":true,"href":"https:\/\/tvnovelas.com.br\/page2\/arquivo\/wp-json\/wp\/v2\/tags?post=1431"}],"curies":[{"name":"wp","href":"https:\/\/api.w.org\/{rel}","templated":true}]}}