{"id":1317,"date":"2017-09-06T12:22:29","date_gmt":"2017-09-06T15:22:29","guid":{"rendered":"https:\/\/tvnovelas.com.br\/page2\/arquivo\/?p=1317"},"modified":"2018-05-26T15:02:25","modified_gmt":"2018-05-26T18:02:25","slug":"tempo-de-amar","status":"publish","type":"post","link":"https:\/\/tvnovelas.com.br\/page2\/arquivo\/tempo-de-amar\/","title":{"rendered":"Tempo de Amar: Separa\u00e7\u00e3o, encontros e desencontros"},"content":{"rendered":"<p><img loading=\"lazy\" decoding=\"async\" class=\"alignnone wp-image-1318 size-full\" title=\"(Foto: Jo\u00e3o Miguel J\u00fanior\/Globo)\" src=\"https:\/\/tvnovelas.com.br\/page2\/arquivo\/wp-content\/uploads\/sites\/3\/2017\/09\/tempodeamar01.jpg\" alt=\"Foto dos protagonistas da trama\" width=\"420\" height=\"236\" srcset=\"https:\/\/tvnovelas.com.br\/page2\/arquivo\/wp-content\/uploads\/2017\/09\/tempodeamar01.jpg 420w, https:\/\/tvnovelas.com.br\/page2\/arquivo\/wp-content\/uploads\/2017\/09\/tempodeamar01-300x169.jpg 300w, https:\/\/tvnovelas.com.br\/page2\/arquivo\/wp-content\/uploads\/2017\/09\/tempodeamar01-250x140.jpg 250w, https:\/\/tvnovelas.com.br\/page2\/arquivo\/wp-content\/uploads\/2017\/09\/tempodeamar01-150x84.jpg 150w\" sizes=\"auto, (max-width: 420px) 100vw, 420px\" \/><\/p>\n<p>Em Tempo de Amar, escrita por Alcides Nogueira, com dire\u00e7\u00e3o art\u00edstica de Jayme Monjardim e dire\u00e7\u00e3o geral de Adriano Melo, o p\u00fablico \u00e9 convidado a conhecer a hist\u00f3ria dos jovens Maria Vit\u00f3ria (Vit\u00f3ria Strada) e In\u00e1cio Ramos (Bruno Cabrerizo). Ap\u00f3s o amor \u00e0 primeira vista, eles sofrer\u00e3o com a inevit\u00e1vel separa\u00e7\u00e3o e as arma\u00e7\u00f5es de quem n\u00e3o deseja a felicidade do casal!<\/p>\n<p>Maria Vit\u00f3ria \u00e9 uma jovem letrada e de mente aberta, moradora de Morros Verdes, em Portugal, que ficou orf\u00e3 de m\u00e3e muito cedo e foi criada pelo pai. Durante uma prociss\u00e3o religiosa, ela conhece In\u00e1cio, um rapaz simples, que mora no vilarejo vizinho, e vive de trabalhos tempor\u00e1rios. Eles come\u00e7am a namorar, mas o casal logo se separa &#8211; ele tem viagem marcada para o Brasil, onde conseguiu um emprego no Rio de Janeiro. O problema \u00e9 que, ao partir, In\u00e1cio n\u00e3o deixou apenas Maria Vit\u00f3ria, mas tamb\u00e9m sua filha, fruto desse grande amor&#8230;<\/p>\n<p>Jos\u00e9 Augusto (Tony Ramos) \u00e9 um simples, por\u00e9m influente produtor de vinhos e azeites de Morros Verdes. Dono da Quinta da Carrasqueira, \u00e9 pai de Maria Vit\u00f3ria e cria a filha com mais liberdade do que as demais meninas da regi\u00e3o. Pouco se sabe sobre seu passado amoroso, mas h\u00e1 not\u00edcias sobre um envolvimento com a empregada da fam\u00edlia, Delfina (Let\u00edcia Sabatella). Ele \u00e9 amigo e muito pr\u00f3ximo do Padre Jo\u00e3o (Jos\u00e9 Augusto Branco), p\u00e1roco superquerido da regi\u00e3o. Mais do que ningu\u00e9m, ele deseja a felicidade da filha.<\/p>\n<p>Delfina chegou \u00e0 Quinta com apenas 12 anos, contratada para cuidar dos porcos, cabras e aves. Desde ent\u00e3o, ela se apaixonou por Jos\u00e9 Augusto e vive para agrad\u00e1-lo e faz\u00ea-lo feliz. Ela \u00e9 m\u00e3e de Tereza Leit\u00e3o (Ol\u00edvia Torres), uma jovem muito af\u00e1vel. A empregada sempre cuidou de Maria Vit\u00f3ria, embora seja falsa como uma cobra! Sua maior insatisfa\u00e7\u00e3o \u00e9 o fato de Jos\u00e9 Augusto nunca ter reconhecido a filha que tiveram juntos&#8230;<br \/>\nFern\u00e3o (Jayme Matarazzo) ser\u00e1 respons\u00e1vel por um dos primeiros obst\u00e1culos na vida do casal protagonista. O m\u00e9dico rec\u00e9m-formado em Coimbra revela um ci\u00fame doentio por Maria Vit\u00f3ria, pois ele deseja a jovem e acredita que ela \u00e9 sua prometida. E essa rivalidade render\u00e1 grandes embates na trama.<\/p>\n<p><strong>Brasil x Portugal<\/strong><br \/>\nMorando no Brasil e feliz com o novo emprego, In\u00e1cio recebe uma carta com a informa\u00e7\u00e3o sobre a gravidez da sua amada. Quando decide voltar para Portugal, ele sofre um assalto e vai parar na casa de Lucinda (Andreia Horta), filha do m\u00e9dico Reinaldo Macedo (C\u00e1ssio Gabus Mendes), que se apaixona por ele e far\u00e1 de tudo para que o jovem n\u00e3o volte para os bra\u00e7os de Maria Vit\u00f3ria!<\/p>\n<p>Em Portugal, Maria Vit\u00f3ria \u00e9 enviada ao Convento dos Santos Anjos, ap\u00f3s a descoberta da sua gravidez. L\u00e1 ela conhece a Irm\u00e3 Imaculada (Bete Mendes), uma mulher dura e que gosta de tudo preto no branco. Assim que nasce, o beb\u00ea da jovem \u00e9 dado para ado\u00e7\u00e3o, o que faz com que Maria Vit\u00f3ria fuja para o Brasil atr\u00e1s de In\u00e1cio. A partir da\u00ed, a trama se desenrola entre encontros e desencontros e mostra a esperan\u00e7a do casal em viver esse grande amor.<br \/>\nBaseada em um argumento de Rubem Fonseca, a trama de Alcides Nogueira \u00e9 escrita em parceria com Bia Corr\u00eaa do Lago e conta com a colabora\u00e7\u00e3o de Tarc\u00edsio Lara Puiati e B\u00edbi Da Pieve.<br \/>\nTempo de Amar \u00e9 a novela das seis da Globo a partir de setembro de 2017.<\/p>\n<h3>Personagens<\/h3>\n<p><strong>In\u00e1cio (Bruno Cabrerizo)<\/strong><br \/>\n<img loading=\"lazy\" decoding=\"async\" class=\"alignnone wp-image-1323 size-full\" title=\"(Foto: TV Globo\/Tempo de Amar)\" src=\"https:\/\/tvnovelas.com.br\/page2\/arquivo\/wp-content\/uploads\/sites\/3\/2017\/09\/tempodeamarqq01.jpg\" alt=\"Foto de Bruno Carerizo, como In\u00e1cio\" width=\"250\" height=\"142\" srcset=\"https:\/\/tvnovelas.com.br\/page2\/arquivo\/wp-content\/uploads\/2017\/09\/tempodeamarqq01.jpg 250w, https:\/\/tvnovelas.com.br\/page2\/arquivo\/wp-content\/uploads\/2017\/09\/tempodeamarqq01-150x85.jpg 150w\" sizes=\"auto, (max-width: 250px) 100vw, 250px\" \/><br \/>\n\u00c9 um jovem simples, honesto e muito trabalhador que demonstra muita gratid\u00e3o pela tia Henriqueta (N\u00edvea Maria), com quem mora. Se apaixona perdidamente por Maria Vit\u00f3ria (Vit\u00f3ria Strada), seu grande amor ao longo da trama. Vai trabalhar no Brasil, no emp\u00f3rio de Geraldo (Jackson Antunes). Ao ser assaltado e ficar gravemente ferido, \u00e9 salvo e passa a ser cuidado por Lucinda (Andreia Horta).<\/p>\n<p><strong>Maria Vit\u00f3ria (Vit\u00f3ria Strada)<\/strong><br \/>\n<img loading=\"lazy\" decoding=\"async\" class=\"alignnone wp-image-1325 size-full\" title=\"(Foto: TV Globo\/Tempo de Amar)\" src=\"https:\/\/tvnovelas.com.br\/page2\/arquivo\/wp-content\/uploads\/sites\/3\/2017\/09\/tempodeamarqq02.jpg\" alt=\"Foto de Vit\u00f3ria Strada, como Maria Vit\u00f3ria\" width=\"250\" height=\"142\" srcset=\"https:\/\/tvnovelas.com.br\/page2\/arquivo\/wp-content\/uploads\/2017\/09\/tempodeamarqq02.jpg 250w, https:\/\/tvnovelas.com.br\/page2\/arquivo\/wp-content\/uploads\/2017\/09\/tempodeamarqq02-150x85.jpg 150w\" sizes=\"auto, (max-width: 250px) 100vw, 250px\" \/><br \/>\nJovem alegre, corajosa e determinada. Mant\u00e9m uma \u00f3tima rela\u00e7\u00e3o com o pai, Jos\u00e9 Augusto que leva em considera\u00e7\u00e3o seus desejos. Apesar do interesse do amigo de inf\u00e2ncia Fern\u00e3o, se apaixona por In\u00e1cio, por quem vai lutar ao longo da trama.<\/p>\n<p><strong>Jos\u00e9 Augusto Correia (Tony Ramos)<\/strong><br \/>\n<img loading=\"lazy\" decoding=\"async\" class=\"alignnone wp-image-1327 size-full\" title=\"(Foto: TV Globo\/Tempo de Amar)\" src=\"https:\/\/tvnovelas.com.br\/page2\/arquivo\/wp-content\/uploads\/sites\/3\/2017\/09\/tempodeamarqq04.jpg\" alt=\"Foto de Tony Ramos, como Jos\u00e9 Augusto Correia\" width=\"250\" height=\"142\" srcset=\"https:\/\/tvnovelas.com.br\/page2\/arquivo\/wp-content\/uploads\/2017\/09\/tempodeamarqq04.jpg 250w, https:\/\/tvnovelas.com.br\/page2\/arquivo\/wp-content\/uploads\/2017\/09\/tempodeamarqq04-150x85.jpg 150w\" sizes=\"auto, (max-width: 250px) 100vw, 250px\" \/><br \/>\nProdutor de vinho e azeite, dono da Quinta da Carrasqueira e influente na regi\u00e3o. Pai de Maria Vit\u00f3ria a quem criou sozinho com certa liberdade. Patr\u00e3o de Delfina, que tamb\u00e9m \u00e9 sua amante.<\/p>\n<p><strong>Teodoro (Henri Castelli)<\/strong><br \/>\n<img loading=\"lazy\" decoding=\"async\" class=\"alignnone wp-image-1328 size-full\" title=\"(Foto: TV Globo\/Tempo de Amar)\" src=\"https:\/\/tvnovelas.com.br\/page2\/arquivo\/wp-content\/uploads\/sites\/3\/2017\/09\/tempodeamarqq05.jpg\" alt=\"Foto de Henri Castelli, como Teodoro\" width=\"250\" height=\"142\" srcset=\"https:\/\/tvnovelas.com.br\/page2\/arquivo\/wp-content\/uploads\/2017\/09\/tempodeamarqq05.jpg 250w, https:\/\/tvnovelas.com.br\/page2\/arquivo\/wp-content\/uploads\/2017\/09\/tempodeamarqq05-150x85.jpg 150w\" sizes=\"auto, (max-width: 250px) 100vw, 250px\" \/><br \/>\nDeputado de fam\u00edlia rica. \u00c9 arrogante, devasso e com a ideia fixa de subjugar Maria Vit\u00f3ria (Vit\u00f3ria Strada).<\/p>\n<p><strong>Delfina (Let\u00edcia Sabatella)<\/strong><br \/>\n<img loading=\"lazy\" decoding=\"async\" class=\"alignnone wp-image-1329 size-full\" title=\"(Foto: TV Globo\/Tempo de Amar)\" src=\"https:\/\/tvnovelas.com.br\/page2\/arquivo\/wp-content\/uploads\/sites\/3\/2017\/09\/tempodeamarqq06.jpg\" alt=\"Foto de Let\u00edcia Sabatella, como Delfina\" width=\"250\" height=\"142\" srcset=\"https:\/\/tvnovelas.com.br\/page2\/arquivo\/wp-content\/uploads\/2017\/09\/tempodeamarqq06.jpg 250w, https:\/\/tvnovelas.com.br\/page2\/arquivo\/wp-content\/uploads\/2017\/09\/tempodeamarqq06-150x85.jpg 150w\" sizes=\"auto, (max-width: 250px) 100vw, 250px\" \/><br \/>\nTrabalha para a fam\u00edlia de Jos\u00e9 Augusto desde a adolesc\u00eancia. \u00c9 amante do patr\u00e3o, com quem tem uma filha, Tereza, que ele n\u00e3o assume. Ajudou a criar Maria Vit\u00f3ria ap\u00f3s a morte da m\u00e3e da menina. Uma mulher severa e amargurada.<\/p>\n<p><strong>Fern\u00e3o (Jayme Matarazzo)<\/strong><br \/>\n<img loading=\"lazy\" decoding=\"async\" class=\"alignnone wp-image-1326 size-full\" title=\"(Foto: TV Globo\/Tempo de Amar)\" src=\"https:\/\/tvnovelas.com.br\/page2\/arquivo\/wp-content\/uploads\/sites\/3\/2017\/09\/tempodeamarqq03.jpg\" alt=\"Foto de Jayme Matarazzo, como Fern\u00e3o\" width=\"250\" height=\"142\" srcset=\"https:\/\/tvnovelas.com.br\/page2\/arquivo\/wp-content\/uploads\/2017\/09\/tempodeamarqq03.jpg 250w, https:\/\/tvnovelas.com.br\/page2\/arquivo\/wp-content\/uploads\/2017\/09\/tempodeamarqq03-150x85.jpg 150w\" sizes=\"auto, (max-width: 250px) 100vw, 250px\" \/><br \/>\nRec\u00e9m-formado em Medicina. Amigo de Maria Vit\u00f3ria desde a inf\u00e2ncia, \u00e9 apaixonado e acredita que se casar\u00e1 com a jovem e tomar\u00e1 conta da Quinta da Carrasqueira. N\u00e3o se conforma em ser preterido por um campon\u00eas.<\/p>\n<p><strong>Irm\u00e3 Assun\u00e7\u00e3o (Yasmin Gomlevsky)<\/strong><br \/>\n<img loading=\"lazy\" decoding=\"async\" class=\"alignnone wp-image-1330 size-full\" title=\"(Foto: TV Globo\/Tempo de Amar)\" src=\"https:\/\/tvnovelas.com.br\/page2\/arquivo\/wp-content\/uploads\/sites\/3\/2017\/09\/tempodeamarqq07.jpg\" alt=\"Foto de Yasmin Gomlevsky, como Irm\u00e3 Assun\u00e7\u00e3o\" width=\"250\" height=\"142\" srcset=\"https:\/\/tvnovelas.com.br\/page2\/arquivo\/wp-content\/uploads\/2017\/09\/tempodeamarqq07.jpg 250w, https:\/\/tvnovelas.com.br\/page2\/arquivo\/wp-content\/uploads\/2017\/09\/tempodeamarqq07-150x85.jpg 150w\" sizes=\"auto, (max-width: 250px) 100vw, 250px\" \/><br \/>\nFoi para o convento obrigada pela fam\u00edlia. \u00c9 amiga e confidente de Maria Vit\u00f3ria no convento.<\/p>\n<p><strong>Irm\u00e3 Imaculada (Bete Mendes)<\/strong><br \/>\n<img loading=\"lazy\" decoding=\"async\" class=\"alignnone wp-image-1331 size-full\" title=\"(Foto: TV Globo\/Tempo de Amar)\" src=\"https:\/\/tvnovelas.com.br\/page2\/arquivo\/wp-content\/uploads\/sites\/3\/2017\/09\/tempodeamarqq08.jpg\" alt=\"Foto de Bete Mendes, como Irm\u00e3 Imaculada\" width=\"250\" height=\"142\" srcset=\"https:\/\/tvnovelas.com.br\/page2\/arquivo\/wp-content\/uploads\/2017\/09\/tempodeamarqq08.jpg 250w, https:\/\/tvnovelas.com.br\/page2\/arquivo\/wp-content\/uploads\/2017\/09\/tempodeamarqq08-150x85.jpg 150w\" sizes=\"auto, (max-width: 250px) 100vw, 250px\" \/><br \/>\nSuperiora do Convento dos Santos Anjos, para onde Maria Vit\u00f3ria \u00e9 levada assim que seu pai descobre que est\u00e1 gr\u00e1vida. Dura e objetiva. N\u00e3o faz concess\u00f5es.<\/p>\n<p><strong>Lucinda (Andreia Horta)<\/strong><br \/>\n<img loading=\"lazy\" decoding=\"async\" class=\"alignnone wp-image-1332 size-full\" title=\"(Foto: TV Globo\/Tempo de Amar)\" src=\"https:\/\/tvnovelas.com.br\/page2\/arquivo\/wp-content\/uploads\/sites\/3\/2017\/09\/tempodeamarqq09.jpg\" alt=\"Foto de Andreia Horta, como Lucinda\" width=\"250\" height=\"142\" srcset=\"https:\/\/tvnovelas.com.br\/page2\/arquivo\/wp-content\/uploads\/2017\/09\/tempodeamarqq09.jpg 250w, https:\/\/tvnovelas.com.br\/page2\/arquivo\/wp-content\/uploads\/2017\/09\/tempodeamarqq09-150x85.jpg 150w\" sizes=\"auto, (max-width: 250px) 100vw, 250px\" \/><br \/>\nFilha de Reinaldo (Cassio Gabus Mendes). \u00c9 uma jovem reclusa traumatizada pelo fim do noivado. Sente-se culpada pela morte da m\u00e3e em uma explos\u00e3o que a deixou marcada na face e se apaixona por In\u00e1cio (Bruno Cabrerizo).<\/p>\n<p><strong>Ol\u00edmpia (Sabrina Petraglia)<\/strong><br \/>\n<img loading=\"lazy\" decoding=\"async\" class=\"alignnone wp-image-1333 size-full\" title=\"(Foto: TV Globo\/Tempo de Amar)\" src=\"https:\/\/tvnovelas.com.br\/page2\/arquivo\/wp-content\/uploads\/sites\/3\/2017\/09\/tempodeamarqq10.jpg\" alt=\"Foto de Sabrina Petraglia, como Ol\u00edmpia\" width=\"250\" height=\"142\" srcset=\"https:\/\/tvnovelas.com.br\/page2\/arquivo\/wp-content\/uploads\/2017\/09\/tempodeamarqq10.jpg 250w, https:\/\/tvnovelas.com.br\/page2\/arquivo\/wp-content\/uploads\/2017\/09\/tempodeamarqq10-150x85.jpg 150w\" sizes=\"auto, (max-width: 250px) 100vw, 250px\" \/><br \/>\nEstudou na Fran\u00e7a. Defende ideias feministas e vai se apaixonar por Edgar.<\/p>\n<p>Vicente (Bruno Ferrari)<br \/>\nAlzira (Deborah Evelyn)<br \/>\nAng\u00e9lica (L\u00edvian Arag\u00e3o)<br \/>\nBalbina (Walkiria Ribeiro)<br \/>\nBernardo (Nelson Freitas)<br \/>\nCeleste Herm\u00ednia (Marisa Orth)<br \/>\nCelina (Barbara Fran\u00e7a)<br \/>\nConselheiro Francisco (Werner Sch\u00fcnemann)<br \/>\nEdgar (Marcello Melo Jr.)<br \/>\nEm\u00edlia (Fran\u00e7oise Forton)<br \/>\nFel\u00edcia (Amanda de Godoi)<br \/>\nGeraldo (Jackson Antunes)<br \/>\nGilberte (Maria Eduarda de Carvalho)<br \/>\nGiuseppe (Guilherme Prates)<br \/>\nGreg\u00f3rio (Cristiano Garcia)<br \/>\nHenriqueta (N\u00edvea Maria)<br \/>\nIrm\u00e3 Margarida (Malu Valle)<br \/>\nMadame Lucerne (Regina Duarte)<br \/>\nNat\u00e1lia (Giulia Gayoso)<br \/>\nTereza (Olivia Torres)<br \/>\nTiana (Eli Ferreira)<br \/>\nTomaso (Ricardo Vianna)<\/p>\n","protected":false},"excerpt":{"rendered":"<p>Em Tempo de Amar, escrita por Alcides Nogueira, com dire\u00e7\u00e3o art\u00edstica de Jayme Monjardim e dire\u00e7\u00e3o geral de Adriano Melo,&#8230;<\/p>\n","protected":false},"author":1,"featured_media":1318,"comment_status":"closed","ping_status":"closed","sticky":false,"template":"","format":"standard","meta":{"_monsterinsights_skip_tracking":false,"_monsterinsights_sitenote_active":false,"_monsterinsights_sitenote_note":"","_monsterinsights_sitenote_category":0,"_jetpack_memberships_contains_paid_content":false,"footnotes":"","jetpack_publicize_message":"","jetpack_publicize_feature_enabled":true,"jetpack_social_post_already_shared":false,"jetpack_social_options":{"image_generator_settings":{"template":"highway","default_image_id":0,"font":"","enabled":false},"version":2}},"categories":[1,2],"tags":[11,8],"class_list":["post-1317","post","type-post","status-publish","format-standard","has-post-thumbnail","hentry","category-blog","category-globo","tag-globo","tag-sinopse","wpcat-1-id","wpcat-2-id"],"aioseo_notices":[],"jetpack_publicize_connections":[],"jetpack_featured_media_url":"https:\/\/tvnovelas.com.br\/page2\/arquivo\/wp-content\/uploads\/2017\/09\/tempodeamar01.jpg","jetpack_shortlink":"https:\/\/wp.me\/pfspD2-lf","jetpack-related-posts":[{"id":2261,"url":"https:\/\/tvnovelas.com.br\/page2\/arquivo\/forca-de-um-desejo\/","url_meta":{"origin":1317,"position":0},"title":"For\u00e7a de Um Desejo","author":"Paulo Ant\u00f4nio","date":"30\/08\/2018","format":false,"excerpt":"For\u00e7a de Um Desejo \u00e9 uma novela produzida pela Globo, escrita por Gilberto Braga e Alcides Nogueira, com colabora\u00e7\u00e3o de S\u00e9rgio Marques, M\u00e1rcia Prates. exibida a partir de maio de 1999. No elenco estavam Marcelo Serrado, Isabel Fillardis, Lav\u00ednia Vlasak, Denise Del Vecchio, Nathalia Timberg, Reginaldo Faria, Paulo Betti e\u2026","rel":"","context":"Em &quot;Blog&quot;","block_context":{"text":"Blog","link":"https:\/\/tvnovelas.com.br\/page2\/arquivo\/category\/blog\/"},"img":{"alt_text":"Foto de cena","src":"https:\/\/i0.wp.com\/tvnovelas.com.br\/page2\/arquivo\/wp-content\/uploads\/2020\/03\/forcadeumdesejo02.jpg?resize=350%2C200&ssl=1","width":350,"height":200},"classes":[]},{"id":188,"url":"https:\/\/tvnovelas.com.br\/page2\/arquivo\/o-privilegio-de-amar\/","url_meta":{"origin":1317,"position":1},"title":"O Privil\u00e9gio de Amar","author":"Paulo Ant\u00f4nio","date":"28\/01\/2017","format":false,"excerpt":"A \u00f3rf\u00e3 e o padre A novela produzida pela rede Televisa do M\u00e9xixo (El Privilegio de Amar), j\u00e1 foi exibida pelo SBT anteriormente (1999 e 2002). No centro da trama Luciana, uma bela garota \u00f3rf\u00e3, trabalha como empregada dom\u00e9stica na casa do jovem seminarista Jo\u00e3o da Cruz. Apaixonados, os dois\u2026","rel":"","context":"Em &quot;Blog&quot;","block_context":{"text":"Blog","link":"https:\/\/tvnovelas.com.br\/page2\/arquivo\/category\/blog\/"},"img":{"alt_text":"","src":"","width":0,"height":0},"classes":[]},{"id":961,"url":"https:\/\/tvnovelas.com.br\/page2\/arquivo\/alem-do-tempo\/","url_meta":{"origin":1317,"position":2},"title":"Al\u00e9m do Tempo: A chance de uma nova vida","author":"Paulo Ant\u00f4nio","date":"05\/02\/2017","format":false,"excerpt":"Encontros marcados. E um amor que n\u00e3o tem fim apesar dos contratempos. Al\u00e9m do Tempo tem como fio condutor o cultivo de uvas no sul do Brasil e a comercializa\u00e7\u00e3o do vinho. A saga de um amor \"imposs\u00edvel\u2019 come\u00e7a em pleno s\u00e9culo XIX. Mas e se fosse poss\u00edvel termos outra\u2026","rel":"","context":"Em &quot;Blog&quot;","block_context":{"text":"Blog","link":"https:\/\/tvnovelas.com.br\/page2\/arquivo\/category\/blog\/"},"img":{"alt_text":"","src":"","width":0,"height":0},"classes":[]},{"id":184,"url":"https:\/\/tvnovelas.com.br\/page2\/arquivo\/o-privilegio-de-amar-quem-e-quem\/","url_meta":{"origin":1317,"position":3},"title":"O Privil\u00e9gio de Amar &#8211; Quem \u00e9 quem","author":"Paulo Ant\u00f4nio","date":"28\/01\/2017","format":false,"excerpt":"Principais Personagens: Cristina (Adela Noriega) Cristina, a filha que Luciana abandonou, se transforma em uma linda garota de bons sentimentos, que aluga um apartamento para morar e o divide com Louren\u00e7a, uma jovem sincera, mas desbocada e com Magn\u00f3lia, que \u00e9 uma estudante universit\u00e1ria e muito trabalhadora. Cristina se cuida\u2026","rel":"","context":"Em &quot;Blog&quot;","block_context":{"text":"Blog","link":"https:\/\/tvnovelas.com.br\/page2\/arquivo\/category\/blog\/"},"img":{"alt_text":"","src":"","width":0,"height":0},"classes":[]},{"id":895,"url":"https:\/\/tvnovelas.com.br\/page2\/arquivo\/boogie-oogie\/","url_meta":{"origin":1317,"position":4},"title":"Boogie Oogie: Na era da discoteca","author":"Paulo Ant\u00f4nio","date":"05\/02\/2017","format":false,"excerpt":"Boogie Oogie \u00e9 uma telenovela produzida pela Rede Globo para a faixa das 18h, a partir de 4 de agosto de 2014. Escrita por Rui Vilhena, com colabora\u00e7\u00e3o de Maria Elisa Berredo, Joana Jorge, Jo\u00e3o Avelino, Let\u00edcia Mey, Ana Cristina Massa, Vin\u00edcius Marques e Alice de Andrade, tendo supervis\u00e3o de\u2026","rel":"","context":"Em &quot;Blog&quot;","block_context":{"text":"Blog","link":"https:\/\/tvnovelas.com.br\/page2\/arquivo\/category\/blog\/"},"img":{"alt_text":"","src":"","width":0,"height":0},"classes":[]},{"id":2380,"url":"https:\/\/tvnovelas.com.br\/page2\/arquivo\/triunfo-do-amor-o-destino-da-filha-desamparada\/","url_meta":{"origin":1317,"position":5},"title":"&#8216;Triunfo do Amor&#8217;: O destino da filha desamparada","author":"Paulo Ant\u00f4nio","date":"10\/11\/2020","format":false,"excerpt":"Estrelada por Maite Perroni, William Levy, Victoria Ruffo e Osvaldo R\u00edos, a novela 'Triunfo do Amor' conta a hist\u00f3ria de Vit\u00f3ria, uma das estilistas mais conhecidas do pa\u00eds. Vive numa elegante mans\u00e3o com seu esposo, Osvaldo, um ator famoso e com seus filhos: Fernanda (filha do casal) e Maximiliano (filho\u2026","rel":"","context":"Em &quot;SBT&quot;","block_context":{"text":"SBT","link":"https:\/\/tvnovelas.com.br\/page2\/arquivo\/category\/sbt\/"},"img":{"alt_text":"","src":"https:\/\/i0.wp.com\/tvnovelas.com.br\/page2\/arquivo\/wp-content\/uploads\/2020\/11\/pastedImagebase643-e1605017379619.png?resize=350%2C200&ssl=1","width":350,"height":200},"classes":[]}],"jetpack_sharing_enabled":true,"_links":{"self":[{"href":"https:\/\/tvnovelas.com.br\/page2\/arquivo\/wp-json\/wp\/v2\/posts\/1317","targetHints":{"allow":["GET"]}}],"collection":[{"href":"https:\/\/tvnovelas.com.br\/page2\/arquivo\/wp-json\/wp\/v2\/posts"}],"about":[{"href":"https:\/\/tvnovelas.com.br\/page2\/arquivo\/wp-json\/wp\/v2\/types\/post"}],"author":[{"embeddable":true,"href":"https:\/\/tvnovelas.com.br\/page2\/arquivo\/wp-json\/wp\/v2\/users\/1"}],"replies":[{"embeddable":true,"href":"https:\/\/tvnovelas.com.br\/page2\/arquivo\/wp-json\/wp\/v2\/comments?post=1317"}],"version-history":[{"count":5,"href":"https:\/\/tvnovelas.com.br\/page2\/arquivo\/wp-json\/wp\/v2\/posts\/1317\/revisions"}],"predecessor-version":[{"id":1490,"href":"https:\/\/tvnovelas.com.br\/page2\/arquivo\/wp-json\/wp\/v2\/posts\/1317\/revisions\/1490"}],"wp:featuredmedia":[{"embeddable":true,"href":"https:\/\/tvnovelas.com.br\/page2\/arquivo\/wp-json\/wp\/v2\/media\/1318"}],"wp:attachment":[{"href":"https:\/\/tvnovelas.com.br\/page2\/arquivo\/wp-json\/wp\/v2\/media?parent=1317"}],"wp:term":[{"taxonomy":"category","embeddable":true,"href":"https:\/\/tvnovelas.com.br\/page2\/arquivo\/wp-json\/wp\/v2\/categories?post=1317"},{"taxonomy":"post_tag","embeddable":true,"href":"https:\/\/tvnovelas.com.br\/page2\/arquivo\/wp-json\/wp\/v2\/tags?post=1317"}],"curies":[{"name":"wp","href":"https:\/\/api.w.org\/{rel}","templated":true}]}}