{"id":122,"date":"2017-01-27T23:28:09","date_gmt":"2017-01-28T01:28:09","guid":{"rendered":"https:\/\/tvnovelas.com.br\/page2\/arquivo\/?p=122"},"modified":"2017-01-27T23:28:09","modified_gmt":"2017-01-28T01:28:09","slug":"caminhos-do-coracao","status":"publish","type":"post","link":"https:\/\/tvnovelas.com.br\/page2\/arquivo\/caminhos-do-coracao\/","title":{"rendered":"Caminhos do Cora\u00e7\u00e3o"},"content":{"rendered":"<p><strong>Muta\u00e7\u00f5es resultantes de experi\u00eancias cient\u00edficas secretas<\/strong><br \/>\n<img decoding=\"async\" src=\"http:\/\/www.caetenews.com.br\/page\/media\/62\/novela_ex_caminhosdocrcao00.jpg\" \/><br \/>\nAmor, aventura e a\u00e7\u00e3o se misturam em uma trama cercada de mist\u00e9rios. A trama central envolve a personagem Maria (Bianca Rinaldi), acrobata do Circo Don Pepe.<br \/>\nLogo no in\u00edcio da hist\u00f3ria, a doce e simples artista circense se v\u00ea como a principal suspeita de matar o milion\u00e1rio Dr. S\u00f3crates Mayer (Walmor Chagas), dono da Prog\u00eanese, uma das maiores redes de hospitais, cl\u00ednicas e laborat\u00f3rios do Brasil.<br \/>\nH\u00e1 uma arma\u00e7\u00e3o para que ela seja acusada do crime e Maria cai na armadilha sem entender as raz\u00f5es de estar sendo implicada no assassinato.<br \/>\nNa luta para proteger-se das tramas malignas que a enredam, Maria conta com a ajuda de seus pais, Ana Luz (Faf\u00e1 de Bel\u00e9m) e Pepe (Perfeito Fortuna), grandes artistas, palha\u00e7os maravilhosos, propriet\u00e1rios e apresentadores do monumental Circo Don Pepe, um templo de celebra\u00e7\u00e3o das artes c\u00eanicas e do entretenimento.<br \/>\nOs mist\u00e9rios da novela come\u00e7am a se desenrolar quando Maria descobre que n\u00e3o \u00e9 filha biol\u00f3gica dos donos do circo. Para tentar provar sua inoc\u00eancia e conhecer sua verdadeira origem, a acrobata se torna uma fugitiva e conta com a ajuda do policial federal Marcelo (Leonardo Vieira), que trabalha numa investiga\u00e7\u00e3o para descobrir quem envenenou sua mulher Mabel (Sabrina Greve &#8211; participa\u00e7\u00e3o especial).<br \/>\nV\u00e1rias pessoas t\u00eam interesse na morte do dono do imp\u00e9rio Prog\u00eanese. Sem herdeiros diretos, j\u00e1 que sua mulher e sua filha desapareceram h\u00e1 anos, a heran\u00e7a de Dr. S\u00f3crates passa a ser disputada por seus irm\u00e3os Plat\u00e3o (Ricardo Petraglia) e Arist\u00f3teles (Andr\u00e9 di Biase), por sua gananciosa cunhada Irma (Patricya Travassos) e por todos os seus sobrinhos, o que aumenta a lista de suspeitos do crime.<br \/>\nA mans\u00e3o do Morumbi fica mais agitada a cada dia depois da morte do patriarca, especialmente por causa das eternas brigas entre Irma e seu cunhado Arist\u00f3teles, que travam uma guerra tamb\u00e9m pelo controle das empresas.<br \/>\nSubitamente v\u00e1rias mortes sem explica\u00e7\u00e3o v\u00e3o acontecendo. H\u00e1 o mandante de um crime, mas ningu\u00e9m, al\u00e9m de Eric (Tuca Andrada), que executa os crimes, sabe quem \u00e9. Nem mesmo a interesseira Helga (Preta Gil) consegue extrair a informa\u00e7\u00e3o de seu marido, apesar de participar das arma\u00e7\u00f5es ao lado dele e de Ramon (Alexandre Barilari) sem saber nenhum detalhe.<br \/>\nCaminhos do Cora\u00e7\u00e3o tem tamb\u00e9m uma trama de realismo fant\u00e1stico, que a-presenta crian\u00e7as mutantes. Uma m\u00e9dica, a Dra. J\u00falia (\u00cdtala Nandi), faz secretos experimentos gen\u00e9ticos com embri\u00f5es fertilizados in vitro na cl\u00ednica Prog\u00ea-nese, onde trabalha.<br \/>\nOs anos passam, essas crian\u00e7as crescem e come\u00e7am a apresentar caracter\u00edsticas diferentes dos humanos comuns. Entre os tra\u00e7os &#8220;especiais&#8221;, est\u00e3o: vis\u00e3o mais agu\u00e7ada (\u00c1gata &#8211; Juliana Xavier), a capacidade de ler pensamentos (Lucas &#8211; Jean Fercondini), asas (\u00c2ngela &#8211; J\u00falia Magessi), uma for\u00e7a f\u00edsica inacredit\u00e1vel (Aquiles &#8211; S\u00e9rgio Malheiros), entre outros poderes sobre-humanos.<br \/>\nA fam\u00edlia dessas crian\u00e7as se assusta com o que sup\u00f5e ser um &#8220;dom especial&#8221; e faz o que pode para proteg\u00ea-las do julgamento dos outros. A situa\u00e7\u00e3o fica ainda mais cr\u00edtica quando essas crian\u00e7as mutantes come\u00e7am a ser perseguidas.<br \/>\nUma dessas crian\u00e7as com caracter\u00edsticas especiais \u00e9 Tatiana (Let\u00edcia Medina), que consegue mover coisas \u00e0 dist\u00e2ncia usando apenas o poder do pensamento. Procurando entender o porqu\u00ea de a filha ter esse dom, Marcelo acaba dando in\u00edcio \u00e0 investiga\u00e7\u00e3o de uma s\u00e9rie de crimes misteriosos relacionados a um projeto secreto de muta\u00e7\u00e3o gen\u00e9tica de seres humanos, que resultou no surgimento de crian\u00e7as e adolescentes com poderes especiais, entre eles a sua pr\u00f3pria filha.<br \/>\nMarcelo descobre que a muta\u00e7\u00e3o gen\u00e9tica nas crian\u00e7as e adolescentes \u00e9 resultado das experi\u00eancias cient\u00edficas secretas da vision\u00e1ria e louca Dra. Julia Zaccarias, na Cl\u00ednica de Reprodu\u00e7\u00e3o Humana Prog\u00eanese, no Guaruj\u00e1.<br \/>\nNo decorrer da novela, Marcelo e Maria &#8211; com a ajuda de Ana Luz e Pepe &#8211; proteger\u00e3o as crian\u00e7as e adolescentes com poderes especiais.<br \/>\nAos poucos as pe\u00e7as v\u00e3o se encaixando e cada vez a identidade do &#8220;mandante&#8221; ficar\u00e1 mais pr\u00f3xima de ser revelada.<br \/>\n<b>Novela de:<\/b> Tiago Santiago<br \/>\n<b>Dire\u00e7\u00e3o Geral:<\/b> Alexandre Avancini<br \/>\n<b>Dire\u00e7\u00e3o:<\/b> Alexandre Avancini, Vicente Barcellos, Vivianne Jundi, Daniel Ghivelder e Guto Arruda Botelho.<br \/>\n<b>Colaboradores:<\/b> Altenir Silva, Camilo Pellegrini, Gibran Dipp, Maria Claudia Oliveira, Vivian Oliveira e Doc Comparato.<\/p>\n<p><a href=\"https:\/\/tvnovelas.com.br\/page2\/arquivo\/caminhos-do-coracao-quem-e-quem\/\"><b>Caminhos do Cora\u00e7\u00e3o: Confira o Quem \u00e9 Quem<\/b><\/a><\/p>\n","protected":false},"excerpt":{"rendered":"<p>Muta\u00e7\u00f5es resultantes de experi\u00eancias cient\u00edficas secretas Amor, aventura e a\u00e7\u00e3o se misturam em uma trama cercada de mist\u00e9rios. A trama central envolve a personagem Maria (Bianca Rinaldi), acrobata do Circo Don Pepe. Logo no in\u00edcio da hist\u00f3ria, a doce e simples artista circense se v\u00ea como a principal suspeita de matar o milion\u00e1rio Dr. S\u00f3crates &#8230; <a title=\"Caminhos do Cora\u00e7\u00e3o\" class=\"read-more\" href=\"https:\/\/tvnovelas.com.br\/page2\/arquivo\/caminhos-do-coracao\/\" aria-label=\"More on Caminhos do Cora\u00e7\u00e3o\">Ler mais<\/a><\/p>\n","protected":false},"author":1,"featured_media":0,"comment_status":"closed","ping_status":"open","sticky":false,"template":"","format":"standard","meta":{"_monsterinsights_skip_tracking":false,"_jetpack_newsletter_access":"","_jetpack_dont_email_post_to_subs":false,"_jetpack_newsletter_tier_id":0,"_jetpack_memberships_contains_paywalled_content":false,"_jetpack_feature_clip_id":0,"_jetpack_memberships_contains_paid_content":false,"footnotes":"","jetpack_post_was_ever_published":false},"categories":[1,5],"tags":[10,8],"class_list":["post-122","post","type-post","status-publish","format-standard","hentry","category-blog","category-record","tag-record","tag-sinopse"],"aioseo_notices":[],"aioseo_head":"\n\t\t<!-- All in One SEO 5.0.1.1 - aioseo.com -->\n\t<meta name=\"description\" content=\"Arquivo de novelas da Globo, SBT, Record, Band, com sinopses e principais personagens. Not\u00edcias e Resumos de novelas\" \/>\n\t<meta name=\"robots\" content=\"max-image-preview:large\" \/>\n\t<meta name=\"author\" content=\"Paulo Ant\u00f4nio\"\/>\n\t<link rel=\"canonical\" href=\"https:\/\/tvnovelas.com.br\/page2\/arquivo\/caminhos-do-coracao\/\" \/>\n\t<meta name=\"generator\" content=\"All in One SEO (AIOSEO) 5.0.1.1\" \/>\n\t\t<meta property=\"og:locale\" content=\"pt_BR\" \/>\n\t\t<meta property=\"og:site_name\" content=\"Arquivo de Novelas | Tramas e personagens\" \/>\n\t\t<meta property=\"og:type\" content=\"article\" \/>\n\t\t<meta property=\"og:title\" content=\"Caminhos do Cora\u00e7\u00e3o | Arquivo de Novelas\" \/>\n\t\t<meta property=\"og:description\" content=\"Arquivo de novelas da Globo, SBT, Record, Band, com sinopses e principais personagens. Not\u00edcias e Resumos de novelas\" \/>\n\t\t<meta property=\"og:url\" content=\"https:\/\/tvnovelas.com.br\/page2\/arquivo\/caminhos-do-coracao\/\" \/>\n\t\t<meta property=\"article:published_time\" content=\"2017-01-28T01:28:09+00:00\" \/>\n\t\t<meta property=\"article:modified_time\" content=\"2017-01-28T01:28:09+00:00\" \/>\n\t\t<meta property=\"article:publisher\" content=\"https:\/\/www.facebook.com\/tevenovelas\" \/>\n\t\t<meta name=\"twitter:card\" content=\"summary_large_image\" \/>\n\t\t<meta name=\"twitter:site\" content=\"@tvnovelas\" \/>\n\t\t<meta name=\"twitter:title\" content=\"Caminhos do Cora\u00e7\u00e3o | Arquivo de Novelas\" \/>\n\t\t<meta name=\"twitter:description\" content=\"Arquivo de novelas da Globo, SBT, Record, Band, com sinopses e principais personagens. Not\u00edcias e Resumos de novelas\" \/>\n\t\t<meta name=\"twitter:creator\" content=\"@tvnovelas\" \/>\n\t\t<script type=\"application\/ld+json\" class=\"aioseo-schema\">\n\t\t\t{\"@context\":\"https:\\\/\\\/schema.org\",\"@graph\":[{\"@type\":\"Article\",\"@id\":\"https:\\\/\\\/tvnovelas.com.br\\\/page2\\\/arquivo\\\/caminhos-do-coracao\\\/#article\",\"name\":\"Caminhos do Cora\\u00e7\\u00e3o | Arquivo de Novelas\",\"headline\":\"Caminhos do Cora\\u00e7\\u00e3o\",\"author\":{\"@id\":\"https:\\\/\\\/tvnovelas.com.br\\\/page2\\\/arquivo\\\/author\\\/pauloantoniocaetenews-com-br\\\/#author\"},\"publisher\":{\"@id\":\"https:\\\/\\\/tvnovelas.com.br\\\/page2\\\/arquivo\\\/#organization\"},\"image\":{\"@type\":\"ImageObject\",\"url\":\"http:\\\/\\\/www.caetenews.com.br\\\/page\\\/media\\\/62\\\/novela_ex_caminhosdocrcao00.jpg\",\"@id\":\"https:\\\/\\\/tvnovelas.com.br\\\/page2\\\/arquivo\\\/caminhos-do-coracao\\\/#articleImage\"},\"datePublished\":\"2017-01-27T23:28:09-02:00\",\"dateModified\":\"2017-01-27T23:28:09-02:00\",\"inLanguage\":\"pt-BR\",\"mainEntityOfPage\":{\"@id\":\"https:\\\/\\\/tvnovelas.com.br\\\/page2\\\/arquivo\\\/caminhos-do-coracao\\\/#webpage\"},\"isPartOf\":{\"@id\":\"https:\\\/\\\/tvnovelas.com.br\\\/page2\\\/arquivo\\\/caminhos-do-coracao\\\/#webpage\"},\"articleSection\":\"Blog, Record, Record, sinopse\"},{\"@type\":\"BreadcrumbList\",\"@id\":\"https:\\\/\\\/tvnovelas.com.br\\\/page2\\\/arquivo\\\/caminhos-do-coracao\\\/#breadcrumblist\",\"itemListElement\":[{\"@type\":\"ListItem\",\"@id\":\"https:\\\/\\\/tvnovelas.com.br\\\/page2\\\/arquivo#listItem\",\"position\":1,\"name\":\"Home\",\"item\":\"https:\\\/\\\/tvnovelas.com.br\\\/page2\\\/arquivo\",\"nextItem\":{\"@type\":\"ListItem\",\"@id\":\"https:\\\/\\\/tvnovelas.com.br\\\/page2\\\/arquivo\\\/category\\\/blog\\\/#listItem\",\"name\":\"Blog\"}},{\"@type\":\"ListItem\",\"@id\":\"https:\\\/\\\/tvnovelas.com.br\\\/page2\\\/arquivo\\\/category\\\/blog\\\/#listItem\",\"position\":2,\"name\":\"Blog\",\"item\":\"https:\\\/\\\/tvnovelas.com.br\\\/page2\\\/arquivo\\\/category\\\/blog\\\/\",\"nextItem\":{\"@type\":\"ListItem\",\"@id\":\"https:\\\/\\\/tvnovelas.com.br\\\/page2\\\/arquivo\\\/caminhos-do-coracao\\\/#listItem\",\"name\":\"Caminhos do Cora\\u00e7\\u00e3o\"},\"previousItem\":{\"@type\":\"ListItem\",\"@id\":\"https:\\\/\\\/tvnovelas.com.br\\\/page2\\\/arquivo#listItem\",\"name\":\"Home\"}},{\"@type\":\"ListItem\",\"@id\":\"https:\\\/\\\/tvnovelas.com.br\\\/page2\\\/arquivo\\\/caminhos-do-coracao\\\/#listItem\",\"position\":3,\"name\":\"Caminhos do Cora\\u00e7\\u00e3o\",\"previousItem\":{\"@type\":\"ListItem\",\"@id\":\"https:\\\/\\\/tvnovelas.com.br\\\/page2\\\/arquivo\\\/category\\\/blog\\\/#listItem\",\"name\":\"Blog\"}}]},{\"@type\":\"Organization\",\"@id\":\"https:\\\/\\\/tvnovelas.com.br\\\/page2\\\/arquivo\\\/#organization\",\"name\":\"TV Novelas\",\"description\":\"Tramas e personagens\",\"url\":\"https:\\\/\\\/tvnovelas.com.br\\\/page2\\\/arquivo\\\/\",\"logo\":{\"@type\":\"ImageObject\",\"url\":\"https:\\\/\\\/tvnovelas.com.br\\\/page2\\\/arquivo\\\/wp-content\\\/uploads\\\/2020\\\/11\\\/logo192.jpg\",\"@id\":\"https:\\\/\\\/tvnovelas.com.br\\\/page2\\\/arquivo\\\/caminhos-do-coracao\\\/#organizationLogo\",\"width\":192,\"height\":192},\"image\":{\"@id\":\"https:\\\/\\\/tvnovelas.com.br\\\/page2\\\/arquivo\\\/caminhos-do-coracao\\\/#organizationLogo\"},\"sameAs\":[\"https:\\\/\\\/www.facebook.com\\\/tevenovelas\",\"https:\\\/\\\/twitter.com\\\/tvnovelas\",\"https:\\\/\\\/www.instagram.com\\\/tvnovelas3\\\/\"]},{\"@type\":\"Person\",\"@id\":\"https:\\\/\\\/tvnovelas.com.br\\\/page2\\\/arquivo\\\/author\\\/pauloantoniocaetenews-com-br\\\/#author\",\"url\":\"https:\\\/\\\/tvnovelas.com.br\\\/page2\\\/arquivo\\\/author\\\/pauloantoniocaetenews-com-br\\\/\",\"name\":\"Paulo Ant\\u00f4nio\",\"image\":{\"@type\":\"ImageObject\",\"@id\":\"https:\\\/\\\/tvnovelas.com.br\\\/page2\\\/arquivo\\\/caminhos-do-coracao\\\/#authorImage\",\"url\":\"https:\\\/\\\/secure.gravatar.com\\\/avatar\\\/3c5bcbd6b5d39e79ed20e5ee737f6db06858bc0fdbc87619a75f2aaad80807e2?s=96&d=mm&r=g\",\"width\":96,\"height\":96,\"caption\":\"Paulo Ant\\u00f4nio\"}},{\"@type\":\"WebPage\",\"@id\":\"https:\\\/\\\/tvnovelas.com.br\\\/page2\\\/arquivo\\\/caminhos-do-coracao\\\/#webpage\",\"url\":\"https:\\\/\\\/tvnovelas.com.br\\\/page2\\\/arquivo\\\/caminhos-do-coracao\\\/\",\"name\":\"Caminhos do Cora\\u00e7\\u00e3o | Arquivo de Novelas\",\"description\":\"Arquivo de novelas da Globo, SBT, Record, Band, com sinopses e principais personagens. Not\\u00edcias e Resumos de novelas\",\"inLanguage\":\"pt-BR\",\"isPartOf\":{\"@id\":\"https:\\\/\\\/tvnovelas.com.br\\\/page2\\\/arquivo\\\/#website\"},\"breadcrumb\":{\"@id\":\"https:\\\/\\\/tvnovelas.com.br\\\/page2\\\/arquivo\\\/caminhos-do-coracao\\\/#breadcrumblist\"},\"author\":{\"@id\":\"https:\\\/\\\/tvnovelas.com.br\\\/page2\\\/arquivo\\\/author\\\/pauloantoniocaetenews-com-br\\\/#author\"},\"creator\":{\"@id\":\"https:\\\/\\\/tvnovelas.com.br\\\/page2\\\/arquivo\\\/author\\\/pauloantoniocaetenews-com-br\\\/#author\"},\"datePublished\":\"2017-01-27T23:28:09-02:00\",\"dateModified\":\"2017-01-27T23:28:09-02:00\"},{\"@type\":\"WebSite\",\"@id\":\"https:\\\/\\\/tvnovelas.com.br\\\/page2\\\/arquivo\\\/#website\",\"url\":\"https:\\\/\\\/tvnovelas.com.br\\\/page2\\\/arquivo\\\/\",\"name\":\"Arquivo de Novelas\",\"description\":\"Tramas e personagens\",\"inLanguage\":\"pt-BR\",\"publisher\":{\"@id\":\"https:\\\/\\\/tvnovelas.com.br\\\/page2\\\/arquivo\\\/#organization\"}}]}\n\t\t<\/script>\n\t\t<!-- All in One SEO -->\n\n","aioseo_head_json":{"title":"Caminhos do Cora\u00e7\u00e3o | Arquivo de Novelas","description":"Arquivo de novelas da Globo, SBT, Record, Band, com sinopses e principais personagens. Not\u00edcias e Resumos de novelas","canonical_url":"https:\/\/tvnovelas.com.br\/page2\/arquivo\/caminhos-do-coracao\/","robots":"max-image-preview:large","keywords":"","webmasterTools":{"miscellaneous":""},"schema":{"@context":"https:\/\/schema.org","@graph":[{"@type":"Article","@id":"https:\/\/tvnovelas.com.br\/page2\/arquivo\/caminhos-do-coracao\/#article","name":"Caminhos do Cora\u00e7\u00e3o | Arquivo de Novelas","headline":"Caminhos do Cora\u00e7\u00e3o","author":{"@id":"https:\/\/tvnovelas.com.br\/page2\/arquivo\/author\/pauloantoniocaetenews-com-br\/#author"},"publisher":{"@id":"https:\/\/tvnovelas.com.br\/page2\/arquivo\/#organization"},"image":{"@type":"ImageObject","url":"http:\/\/www.caetenews.com.br\/page\/media\/62\/novela_ex_caminhosdocrcao00.jpg","@id":"https:\/\/tvnovelas.com.br\/page2\/arquivo\/caminhos-do-coracao\/#articleImage"},"datePublished":"2017-01-27T23:28:09-02:00","dateModified":"2017-01-27T23:28:09-02:00","inLanguage":"pt-BR","mainEntityOfPage":{"@id":"https:\/\/tvnovelas.com.br\/page2\/arquivo\/caminhos-do-coracao\/#webpage"},"isPartOf":{"@id":"https:\/\/tvnovelas.com.br\/page2\/arquivo\/caminhos-do-coracao\/#webpage"},"articleSection":"Blog, Record, Record, sinopse"},{"@type":"BreadcrumbList","@id":"https:\/\/tvnovelas.com.br\/page2\/arquivo\/caminhos-do-coracao\/#breadcrumblist","itemListElement":[{"@type":"ListItem","@id":"https:\/\/tvnovelas.com.br\/page2\/arquivo#listItem","position":1,"name":"Home","item":"https:\/\/tvnovelas.com.br\/page2\/arquivo","nextItem":{"@type":"ListItem","@id":"https:\/\/tvnovelas.com.br\/page2\/arquivo\/category\/blog\/#listItem","name":"Blog"}},{"@type":"ListItem","@id":"https:\/\/tvnovelas.com.br\/page2\/arquivo\/category\/blog\/#listItem","position":2,"name":"Blog","item":"https:\/\/tvnovelas.com.br\/page2\/arquivo\/category\/blog\/","nextItem":{"@type":"ListItem","@id":"https:\/\/tvnovelas.com.br\/page2\/arquivo\/caminhos-do-coracao\/#listItem","name":"Caminhos do Cora\u00e7\u00e3o"},"previousItem":{"@type":"ListItem","@id":"https:\/\/tvnovelas.com.br\/page2\/arquivo#listItem","name":"Home"}},{"@type":"ListItem","@id":"https:\/\/tvnovelas.com.br\/page2\/arquivo\/caminhos-do-coracao\/#listItem","position":3,"name":"Caminhos do Cora\u00e7\u00e3o","previousItem":{"@type":"ListItem","@id":"https:\/\/tvnovelas.com.br\/page2\/arquivo\/category\/blog\/#listItem","name":"Blog"}}]},{"@type":"Organization","@id":"https:\/\/tvnovelas.com.br\/page2\/arquivo\/#organization","name":"TV Novelas","description":"Tramas e personagens","url":"https:\/\/tvnovelas.com.br\/page2\/arquivo\/","logo":{"@type":"ImageObject","url":"https:\/\/tvnovelas.com.br\/page2\/arquivo\/wp-content\/uploads\/2020\/11\/logo192.jpg","@id":"https:\/\/tvnovelas.com.br\/page2\/arquivo\/caminhos-do-coracao\/#organizationLogo","width":192,"height":192},"image":{"@id":"https:\/\/tvnovelas.com.br\/page2\/arquivo\/caminhos-do-coracao\/#organizationLogo"},"sameAs":["https:\/\/www.facebook.com\/tevenovelas","https:\/\/twitter.com\/tvnovelas","https:\/\/www.instagram.com\/tvnovelas3\/"]},{"@type":"Person","@id":"https:\/\/tvnovelas.com.br\/page2\/arquivo\/author\/pauloantoniocaetenews-com-br\/#author","url":"https:\/\/tvnovelas.com.br\/page2\/arquivo\/author\/pauloantoniocaetenews-com-br\/","name":"Paulo Ant\u00f4nio","image":{"@type":"ImageObject","@id":"https:\/\/tvnovelas.com.br\/page2\/arquivo\/caminhos-do-coracao\/#authorImage","url":"https:\/\/secure.gravatar.com\/avatar\/3c5bcbd6b5d39e79ed20e5ee737f6db06858bc0fdbc87619a75f2aaad80807e2?s=96&d=mm&r=g","width":96,"height":96,"caption":"Paulo Ant\u00f4nio"}},{"@type":"WebPage","@id":"https:\/\/tvnovelas.com.br\/page2\/arquivo\/caminhos-do-coracao\/#webpage","url":"https:\/\/tvnovelas.com.br\/page2\/arquivo\/caminhos-do-coracao\/","name":"Caminhos do Cora\u00e7\u00e3o | Arquivo de Novelas","description":"Arquivo de novelas da Globo, SBT, Record, Band, com sinopses e principais personagens. Not\u00edcias e Resumos de novelas","inLanguage":"pt-BR","isPartOf":{"@id":"https:\/\/tvnovelas.com.br\/page2\/arquivo\/#website"},"breadcrumb":{"@id":"https:\/\/tvnovelas.com.br\/page2\/arquivo\/caminhos-do-coracao\/#breadcrumblist"},"author":{"@id":"https:\/\/tvnovelas.com.br\/page2\/arquivo\/author\/pauloantoniocaetenews-com-br\/#author"},"creator":{"@id":"https:\/\/tvnovelas.com.br\/page2\/arquivo\/author\/pauloantoniocaetenews-com-br\/#author"},"datePublished":"2017-01-27T23:28:09-02:00","dateModified":"2017-01-27T23:28:09-02:00"},{"@type":"WebSite","@id":"https:\/\/tvnovelas.com.br\/page2\/arquivo\/#website","url":"https:\/\/tvnovelas.com.br\/page2\/arquivo\/","name":"Arquivo de Novelas","description":"Tramas e personagens","inLanguage":"pt-BR","publisher":{"@id":"https:\/\/tvnovelas.com.br\/page2\/arquivo\/#organization"}}]},"og:locale":"pt_BR","og:site_name":"Arquivo de Novelas | Tramas e personagens","og:type":"article","og:title":"Caminhos do Cora\u00e7\u00e3o | Arquivo de Novelas","og:description":"Arquivo de novelas da Globo, SBT, Record, Band, com sinopses e principais personagens. Not\u00edcias e Resumos de novelas","og:url":"https:\/\/tvnovelas.com.br\/page2\/arquivo\/caminhos-do-coracao\/","article:published_time":"2017-01-28T01:28:09+00:00","article:modified_time":"2017-01-28T01:28:09+00:00","article:publisher":"https:\/\/www.facebook.com\/tevenovelas","twitter:card":"summary_large_image","twitter:site":"@tvnovelas","twitter:title":"Caminhos do Cora\u00e7\u00e3o | Arquivo de Novelas","twitter:description":"Arquivo de novelas da Globo, SBT, Record, Band, com sinopses e principais personagens. Not\u00edcias e Resumos de novelas","twitter:creator":"@tvnovelas"},"aioseo_meta_data":{"post_id":"122","title":null,"description":null,"keywords":null,"keyphrases":null,"primary_term":null,"canonical_url":null,"og_title":null,"og_description":null,"og_object_type":"default","og_image_type":"default","og_image_url":null,"og_image_width":null,"og_image_height":null,"og_image_custom_url":null,"og_image_custom_fields":null,"og_video":null,"og_custom_url":null,"og_article_section":null,"og_article_tags":null,"twitter_use_og":false,"twitter_card":"default","twitter_image_type":"default","twitter_image_url":null,"twitter_image_custom_url":null,"twitter_image_custom_fields":null,"twitter_title":null,"twitter_description":null,"schema":{"blockGraphs":[],"customGraphs":[],"default":{"data":{"Article":[],"Course":[],"Dataset":[],"FAQPage":[],"Movie":[],"Person":[],"Product":[],"ProductReview":[],"Car":[],"Recipe":[],"Service":[],"SoftwareApplication":[],"WebPage":[]},"graphName":"","isEnabled":true},"graphs":[],"defaultGraph":"","defaultPostTypeGraph":""},"schema_type":null,"schema_type_options":null,"pillar_content":false,"robots_default":true,"robots_noindex":false,"robots_noarchive":false,"robots_nosnippet":false,"robots_nofollow":false,"robots_noimageindex":false,"robots_noodp":false,"robots_notranslate":false,"robots_max_snippet":null,"robots_max_videopreview":null,"robots_max_imagepreview":"large","priority":null,"frequency":null,"local_seo":null,"breadcrumb_settings":null,"limit_modified_date":false,"ai":null,"created":"2021-07-26 15:42:46","updated":"2025-06-03 22:05:55","seo_analyzer_scan_date":null,"focus_keyword":null,"additional_keywords":null,"truseo_locale":null},"aioseo_breadcrumb":"<div class=\"aioseo-breadcrumbs\"><span class=\"aioseo-breadcrumb\">\n\t\t\t<a href=\"https:\/\/tvnovelas.com.br\/page2\/arquivo\" title=\"Home\">Home<\/a>\n\t\t<\/span><span class=\"aioseo-breadcrumb-separator\">&raquo;<\/span><span class=\"aioseo-breadcrumb\">\n\t\t\t<a href=\"https:\/\/tvnovelas.com.br\/page2\/arquivo\/category\/blog\/\" title=\"Blog\">Blog<\/a>\n\t\t<\/span><span class=\"aioseo-breadcrumb-separator\">&raquo;<\/span><span class=\"aioseo-breadcrumb\">\n\t\t\tCaminhos do Cora\u00e7\u00e3o\n\t\t<\/span><\/div>","aioseo_breadcrumb_json":[{"label":"Home","link":"https:\/\/tvnovelas.com.br\/page2\/arquivo"},{"label":"Blog","link":"https:\/\/tvnovelas.com.br\/page2\/arquivo\/category\/blog\/"},{"label":"Caminhos do Cora\u00e7\u00e3o","link":"https:\/\/tvnovelas.com.br\/page2\/arquivo\/caminhos-do-coracao\/"}],"jetpack_shortlink":"https:\/\/wp.me\/pfspD2-1Y","jetpack-related-posts":[{"id":120,"url":"https:\/\/tvnovelas.com.br\/page2\/arquivo\/caminhos-do-coracao-quem-e-quem\/","url_meta":{"origin":122,"position":0},"title":"Caminhos do Cora\u00e7\u00e3o: Quem \u00e9 Quem","author":"Paulo Ant\u00f4nio","date":"27\/01\/2017","format":false,"excerpt":"N\u00facleo Circo MARIA (Bianca Rinaldi) Protagonista da novela. Filha adotiva de Ana Luz e Pepe. Trabalha no Circo Don Pepe fazendo acrobacias. Sua vida vira um turbilh\u00e3o da noite para o dia, quando descobre que h\u00e1 um mist\u00e9rio em torno de seu nascimento e \u00e9 incriminada pela morte do pai,\u2026","rel":"","context":"Em &quot;Blog&quot;","block_context":{"text":"Blog","link":"https:\/\/tvnovelas.com.br\/page2\/arquivo\/category\/blog\/"},"img":{"alt_text":"","src":"","width":0,"height":0},"classes":[]},{"id":2841,"url":"https:\/\/tvnovelas.com.br\/page2\/arquivo\/na-corda-bamba-qual-o-limite-para-realizar-um-sonho\/","url_meta":{"origin":122,"position":1},"title":"\u2018Na Corda Bamba\u2019: qual o limite para realizar um sonho?","author":"Paulo Ant\u00f4nio","date":"09\/03\/2022","format":false,"excerpt":"Em Arquivo: Na Corda Bamba: Na Corda Bamba \u00e9 uma novela portuguesa transmitida pela TVI entre 15 de setembro de 2019 a 15 de maio de 2020 Foi produzida pela Plural Entertainment e escrita por Rui Vilhena. Uma hist\u00f3ria de segredos e reviravoltas. A novela portuguesa \u2018Na Corda Bamba\u2019, indicada\u2026","rel":"","context":"Em &quot;Blog&quot;","block_context":{"text":"Blog","link":"https:\/\/tvnovelas.com.br\/page2\/arquivo\/category\/blog\/"},"img":{"alt_text":"Foto de Dalila Carmo, como protagonista de \u2018Na Corda Bamba\u2019","src":"https:\/\/i0.wp.com\/tvnovelas.com.br\/page2\/arquivo\/wp-content\/uploads\/2022\/03\/nacordabamba01.jpg?resize=350%2C200&ssl=1","width":350,"height":200,"srcset":"https:\/\/i0.wp.com\/tvnovelas.com.br\/page2\/arquivo\/wp-content\/uploads\/2022\/03\/nacordabamba01.jpg?resize=350%2C200&ssl=1 1x, https:\/\/i0.wp.com\/tvnovelas.com.br\/page2\/arquivo\/wp-content\/uploads\/2022\/03\/nacordabamba01.jpg?resize=525%2C300&ssl=1 1.5x"},"classes":[]},{"id":3522,"url":"https:\/\/tvnovelas.com.br\/page2\/arquivo\/dona-de-mim-disputa-em-familia-pelo-poder-de-uma-fabrica-de-lingerie\/","url_meta":{"origin":122,"position":2},"title":"Dona de Mim: A trama da novela","author":"Paulo Ant\u00f4nio","date":"19\/04\/2025","format":false,"excerpt":"A trama traz a hist\u00f3ria de Leona (Clara Moneke), que tem sua vida transformada pela rela\u00e7\u00e3o com Sofia (Elis Cabral), uma menina de sete anos de quem passa a ser bab\u00e1. Sofia \u00e9 uma crian\u00e7a que perdeu a m\u00e3e ainda beb\u00ea e cresceu se sentindo sozinha na casa da fam\u00edlia\u2026","rel":"","context":"Em &quot;Globo&quot;","block_context":{"text":"Globo","link":"https:\/\/tvnovelas.com.br\/page2\/arquivo\/category\/globo\/"},"img":{"alt_text":"Foto em Dona de Mim: Disputa em fam\u00edlia","src":"https:\/\/i0.wp.com\/tvnovelas.com.br\/page2\/arquivo\/wp-content\/uploads\/2025\/04\/10966.jpg?resize=350%2C200&ssl=1","width":350,"height":200,"srcset":"https:\/\/i0.wp.com\/tvnovelas.com.br\/page2\/arquivo\/wp-content\/uploads\/2025\/04\/10966.jpg?resize=350%2C200&ssl=1 1x, https:\/\/i0.wp.com\/tvnovelas.com.br\/page2\/arquivo\/wp-content\/uploads\/2025\/04\/10966.jpg?resize=525%2C300&ssl=1 1.5x, https:\/\/i0.wp.com\/tvnovelas.com.br\/page2\/arquivo\/wp-content\/uploads\/2025\/04\/10966.jpg?resize=700%2C400&ssl=1 2x"},"classes":[]},{"id":250,"url":"https:\/\/tvnovelas.com.br\/page2\/arquivo\/os-mutantes-quem-e-quem\/","url_meta":{"origin":122,"position":3},"title":"Os Mutantes &#8211; Quem \u00e9 Quem","author":"Paulo Ant\u00f4nio","date":"29\/01\/2017","format":false,"excerpt":"\u00c1gata (Juliana Xavier) \u00c9 uma mutante com genes de \u00e1guia, que lhe d\u00e3o vis\u00e3o telesc\u00f3pica e microsc\u00f3pica. \u00c9 irm\u00e3 de Aquiles. Gosta de Eug\u00eanio e faz parte da Liga do Bem. Aline (Milena Ferrari) Policial, muito linda, faz parte da equipe do DEPECOM, vai combater os mutantes do mal e\u2026","rel":"","context":"Em &quot;Blog&quot;","block_context":{"text":"Blog","link":"https:\/\/tvnovelas.com.br\/page2\/arquivo\/category\/blog\/"},"img":{"alt_text":"","src":"","width":0,"height":0},"classes":[]},{"id":2451,"url":"https:\/\/tvnovelas.com.br\/page2\/arquivo\/era-uma-vez-amor-aventura-e-magia\/","url_meta":{"origin":122,"position":4},"title":"Era Uma Vez: amor, aventura e magia","author":"Paulo Ant\u00f4nio","date":"29\/01\/2020","format":false,"excerpt":"A novela conta a hist\u00f3ria do vi\u00favo \u00c1lvaro (Herson Capri) que mora com seus quatro filhos - Glorinha (Luiza Curvo), Z\u00e9 Maria (Alexandre Lemos), Mariz\u00e9 (Alessandra Aguiar) e Faf\u00e1 (Pedro Agum) - no modesto s\u00edtio de seu pai, Pepe (Elias Gleizer). O rico e poderoso Xistus (Cl\u00e1udio Marzo) - av\u00f4\u2026","rel":"","context":"Em &quot;Globo&quot;","block_context":{"text":"Globo","link":"https:\/\/tvnovelas.com.br\/page2\/arquivo\/category\/globo\/"},"img":{"alt_text":"Foto de Drica Moraes e Herson Capri na novela Era uma vez","src":"https:\/\/i0.wp.com\/tvnovelas.com.br\/page2\/arquivo\/wp-content\/uploads\/2021\/01\/eraumavez01.jpg?resize=350%2C200&ssl=1","width":350,"height":200,"srcset":"https:\/\/i0.wp.com\/tvnovelas.com.br\/page2\/arquivo\/wp-content\/uploads\/2021\/01\/eraumavez01.jpg?resize=350%2C200&ssl=1 1x, https:\/\/i0.wp.com\/tvnovelas.com.br\/page2\/arquivo\/wp-content\/uploads\/2021\/01\/eraumavez01.jpg?resize=525%2C300&ssl=1 1.5x"},"classes":[]},{"id":1920,"url":"https:\/\/tvnovelas.com.br\/page2\/arquivo\/a-dona-do-pedaco-o-poder-feminino\/","url_meta":{"origin":122,"position":5},"title":"&#8216;A Dona do Peda\u00e7o&#8217;: O poder feminino","author":"Paulo Ant\u00f4nio","date":"23\/04\/2019","format":false,"excerpt":"A Dona do Peda\u00e7o, escrita por Walcyr Carrasco, com dire\u00e7\u00e3o art\u00edstica de Amora Mautner, enaltece o poder feminino por meio da trajet\u00f3ria de Maria da Paz (Juliana Paes), uma jovem humilde, da cidade fict\u00edcia de Rio Vermelho, no Esp\u00edrito Santo. Maria vem de uma fam\u00edlia de justiceiros profissionais, os Ramirez,\u2026","rel":"","context":"Em &quot;Globo&quot;","block_context":{"text":"Globo","link":"https:\/\/tvnovelas.com.br\/page2\/arquivo\/category\/globo\/"},"img":{"alt_text":"Foto de Juliana Paes, como Maria","src":"https:\/\/i0.wp.com\/tvnovelas.com.br\/page2\/arquivo\/wp-content\/uploads\/2019\/04\/adonadopedaco01.jpg?resize=350%2C200&ssl=1","width":350,"height":200},"classes":[]}],"jetpack_sharing_enabled":true,"jetpack_featured_media_url":"","_links":{"self":[{"href":"https:\/\/tvnovelas.com.br\/page2\/arquivo\/wp-json\/wp\/v2\/posts\/122","targetHints":{"allow":["GET"]}}],"collection":[{"href":"https:\/\/tvnovelas.com.br\/page2\/arquivo\/wp-json\/wp\/v2\/posts"}],"about":[{"href":"https:\/\/tvnovelas.com.br\/page2\/arquivo\/wp-json\/wp\/v2\/types\/post"}],"author":[{"embeddable":true,"href":"https:\/\/tvnovelas.com.br\/page2\/arquivo\/wp-json\/wp\/v2\/users\/1"}],"replies":[{"embeddable":true,"href":"https:\/\/tvnovelas.com.br\/page2\/arquivo\/wp-json\/wp\/v2\/comments?post=122"}],"version-history":[{"count":1,"href":"https:\/\/tvnovelas.com.br\/page2\/arquivo\/wp-json\/wp\/v2\/posts\/122\/revisions"}],"predecessor-version":[{"id":123,"href":"https:\/\/tvnovelas.com.br\/page2\/arquivo\/wp-json\/wp\/v2\/posts\/122\/revisions\/123"}],"wp:attachment":[{"href":"https:\/\/tvnovelas.com.br\/page2\/arquivo\/wp-json\/wp\/v2\/media?parent=122"}],"wp:term":[{"taxonomy":"category","embeddable":true,"href":"https:\/\/tvnovelas.com.br\/page2\/arquivo\/wp-json\/wp\/v2\/categories?post=122"},{"taxonomy":"post_tag","embeddable":true,"href":"https:\/\/tvnovelas.com.br\/page2\/arquivo\/wp-json\/wp\/v2\/tags?post=122"}],"curies":[{"name":"wp","href":"https:\/\/api.w.org\/{rel}","templated":true}]}}