{"id":874,"date":"2017-11-08T12:30:49","date_gmt":"2017-11-08T14:30:49","guid":{"rendered":"https:\/\/tvnovelas.com.br\/news\/mundo\/?p=874"},"modified":"2017-11-08T12:31:08","modified_gmt":"2017-11-08T14:31:08","slug":"prefeito-cocaiense-e-escolhido-empresario-do-ano-2017","status":"publish","type":"post","link":"https:\/\/tvnovelas.com.br\/news\/prefeito-cocaiense-e-escolhido-empresario-do-ano-2017\/","title":{"rendered":"Prefeito cocaiense \u00e9 escolhido empres\u00e1rio do ano 2017"},"content":{"rendered":"<p>O empres\u00e1rio e odont\u00f3logo cocaiense D\u00e9cio Geraldo dos Santos, prefeito de Bar\u00e3o de Cocais, foi escolhido empres\u00e1rio do ano 2017 pela Associa\u00e7\u00e3o Comercial Industrial e Agropecu\u00e1ria de Bar\u00e3o de Cocais (Aciabac), na \u00faltima reuni\u00e3o da entidade, que promoveu o Caf\u00e9 Empresarial no antigo Espa\u00e7o Rosina Rodrigues, no bairro Sagrada Fam\u00edlia.<\/p>\n<p>D\u00e9cio Santos ser\u00e1 homenageado duas vezes, ap\u00f3s a escolha de empres\u00e1rio do ano. A primeira, ser\u00e1 no dia 25 de novembro, em Arax\u00e1 (MG), pela Federa\u00e7\u00e3o das Associa\u00e7\u00f5es Comerciais e Empresariais de Minas Gerais (Federaminas). A segunda homenagem ser\u00e1 no dia 2 de dezembro, em Bar\u00e3o de Cocais, quando ser\u00e1 entregue o t\u00edtulo de Empres\u00e1rio do Ano, durante o M\u00e9rito Empresarial, promovido pela Aciabac, no Espa\u00e7o Locartel. O prefeito D\u00e9cio Santos foi eleito Empres\u00e1rio do Ano, por ser empres\u00e1rio do ramo de constru\u00e7\u00e3o civil. Ele \u00e9 tamb\u00e9m investidor do ramo imobili\u00e1rio e tem participa\u00e7\u00e3o em outros empreendimentos, todos no munic\u00edpio, antes de entrar na pol\u00edtica no ano passado. <\/p>\n<p>O homenageado foi eleito por vota\u00e7\u00e3o realizada entre os diretores da Aciabac e o resultado foi divulgado na semana passada, durante o Caf\u00e9 Empresarial, que teve como convidada a Vale. A escolha foi em tr\u00eas etapas e o odont\u00f3logo e empres\u00e1rio D\u00e9cio Santos venceu por uma diferen\u00e7a de quatro votos.<br \/>\n<em><strong>*Leonel Marques<\/strong><\/em><\/p>\n<h3>Coment\u00e1rio<\/h3>\n<div class=\"fb-comments\" data-href=\"https:\/\/tvnovelas.com.br\/news\/mundo\/noticias\/874\" data-width=\"100%\" data-order-by=\"reverse_time\" data-numposts=\"10\"><\/div>\n","protected":false},"excerpt":{"rendered":"<p>O empres\u00e1rio e odont\u00f3logo cocaiense D\u00e9cio Geraldo dos Santos, prefeito de Bar\u00e3o de Cocais, foi escolhido empres\u00e1rio do ano 2017 pela Associa\u00e7\u00e3o Comercial Industrial e Agropecu\u00e1ria de Bar\u00e3o de Cocais (Aciabac), na \u00faltima reuni\u00e3o da entidade, que promoveu o Caf\u00e9 Empresarial no antigo Espa\u00e7o Rosina Rodrigues, no bairro Sagrada Fam\u00edlia. D\u00e9cio Santos ser\u00e1 homenageado duas&#8230;<\/p>\n","protected":false},"author":1,"featured_media":0,"comment_status":"closed","ping_status":"closed","sticky":false,"template":"","format":"standard","meta":{"_monsterinsights_skip_tracking":false,"_monsterinsights_sitenote_active":false,"_monsterinsights_sitenote_note":"","_monsterinsights_sitenote_category":0,"magazine_newspaper_sidebar_layout":"","footnotes":"","jetpack_publicize_message":"","jetpack_publicize_feature_enabled":true,"jetpack_social_post_already_shared":false,"jetpack_social_options":{"image_generator_settings":{"template":"highway","default_image_id":0,"font":"","enabled":false},"version":2}},"categories":[1],"tags":[],"class_list":["post-874","post","type-post","status-publish","format-standard","hentry","category-blog"],"aioseo_notices":[],"jetpack_publicize_connections":[],"jetpack_featured_media_url":"","jetpack_sharing_enabled":true,"jetpack_likes_enabled":true,"jetpack-related-posts":[],"jetpack_shortlink":"https:\/\/wp.me\/pfB4mB-e6","_links":{"self":[{"href":"https:\/\/tvnovelas.com.br\/news\/wp-json\/wp\/v2\/posts\/874","targetHints":{"allow":["GET"]}}],"collection":[{"href":"https:\/\/tvnovelas.com.br\/news\/wp-json\/wp\/v2\/posts"}],"about":[{"href":"https:\/\/tvnovelas.com.br\/news\/wp-json\/wp\/v2\/types\/post"}],"author":[{"embeddable":true,"href":"https:\/\/tvnovelas.com.br\/news\/wp-json\/wp\/v2\/users\/1"}],"replies":[{"embeddable":true,"href":"https:\/\/tvnovelas.com.br\/news\/wp-json\/wp\/v2\/comments?post=874"}],"version-history":[{"count":2,"href":"https:\/\/tvnovelas.com.br\/news\/wp-json\/wp\/v2\/posts\/874\/revisions"}],"predecessor-version":[{"id":876,"href":"https:\/\/tvnovelas.com.br\/news\/wp-json\/wp\/v2\/posts\/874\/revisions\/876"}],"wp:attachment":[{"href":"https:\/\/tvnovelas.com.br\/news\/wp-json\/wp\/v2\/media?parent=874"}],"wp:term":[{"taxonomy":"category","embeddable":true,"href":"https:\/\/tvnovelas.com.br\/news\/wp-json\/wp\/v2\/categories?post=874"},{"taxonomy":"post_tag","embeddable":true,"href":"https:\/\/tvnovelas.com.br\/news\/wp-json\/wp\/v2\/tags?post=874"}],"curies":[{"name":"wp","href":"https:\/\/api.w.org\/{rel}","templated":true}]}}