{"id":831,"date":"2017-10-27T17:16:07","date_gmt":"2017-10-27T19:16:07","guid":{"rendered":"https:\/\/tvnovelas.com.br\/news\/mundo\/?p=831"},"modified":"2017-10-27T17:16:43","modified_gmt":"2017-10-27T19:16:43","slug":"pedestres-e-ciclistas-podem-ser-multados-no-transito","status":"publish","type":"post","link":"https:\/\/tvnovelas.com.br\/news\/pedestres-e-ciclistas-podem-ser-multados-no-transito\/","title":{"rendered":"Regulamentado: Pedestres e ciclistas podem ser multados no tr\u00e2nsito"},"content":{"rendered":"<p><img data-recalc-dims=\"1\" loading=\"lazy\" decoding=\"async\" class=\"alignnone wp-image-832 size-full\" title=\"(Foto: Felix Carneiro\/Governo do Tocantins)\" src=\"https:\/\/i0.wp.com\/tvnovelas.com.br\/news\/mundo\/wp-content\/uploads\/2017\/10\/ultimas27102017_pedestre.jpg?resize=420%2C236&#038;ssl=1\" alt=\"Foto de pedestres atravessando na faixa\" width=\"420\" height=\"236\" srcset=\"https:\/\/i0.wp.com\/tvnovelas.com.br\/news\/wp-content\/uploads\/2017\/10\/ultimas27102017_pedestre.jpg?w=420&amp;ssl=1 420w, https:\/\/i0.wp.com\/tvnovelas.com.br\/news\/wp-content\/uploads\/2017\/10\/ultimas27102017_pedestre.jpg?resize=300%2C169&amp;ssl=1 300w, https:\/\/i0.wp.com\/tvnovelas.com.br\/news\/wp-content\/uploads\/2017\/10\/ultimas27102017_pedestre.jpg?resize=150%2C84&amp;ssl=1 150w\" sizes=\"auto, (max-width: 420px) 100vw, 420px\" \/><\/p>\n<p>Uma resolu\u00e7\u00e3o do Conselho Nacional de Tr\u00e2nsito (Contran) publicada na edi\u00e7\u00e3o desta sexta-feira, dia 27 de outubro, do Di\u00e1rio Oficial da Uni\u00e3o, regulamentou os procedimentos para autuar e multar pedestres e ciclistas por infra\u00e7\u00f5es no tr\u00e2nsito.<\/p>\n<p>Os direitos e deveres de pedestres e ciclistas e tamb\u00e9m a previs\u00e3o de penalidades est\u00e3o estabelecidos no C\u00f3digo de Tr\u00e2nsito Brasileiro (CTB), mas faltava uma regulamenta\u00e7\u00e3o com a padroniza\u00e7\u00e3o de procedimentos. O prazo de implanta\u00e7\u00e3o \u00e9 de 180 dias, de acordo com a Resolu\u00e7\u00e3o 706\/17.<\/p>\n<p>A resolu\u00e7\u00e3o estabelece que constatada a infra\u00e7\u00e3o pela autoridade de tr\u00e2nsito, o auto de infra\u00e7\u00e3o dever\u00e1 ser registrado com o nome completo e n\u00famero do documento de identifica\u00e7\u00e3o do infrator e, quando poss\u00edvel, endere\u00e7o e n\u00famero do CPF. Quando o autuado for um ciclista, o agente de tr\u00e2nsito deve anotar as informa\u00e7\u00f5es dispon\u00edveis da bicicleta tais como marca e modelo.<\/p>\n<p>O Artigo 254 do c\u00f3digo de tr\u00e2nsito registra que pode ser autuado o pedestre que, por exemplo, cruzar pistas em viadutos, pontes, ou t\u00faneis, salvo onde existir permiss\u00e3o. Tamb\u00e9m quem atravessar vias dentro das \u00e1reas de cruzamento, exceto se houver sinaliza\u00e7\u00e3o para esse fim. O valor da multa \u00e9 R$ 44,19, valor equivalente a 50% do valor da infra\u00e7\u00e3o de natureza leve.<\/p>\n<p>No caso do ciclista, o Artigo 255 determina que \u00e9 considerada infra\u00e7\u00e3o conduzir bicicleta em passeios onde n\u00e3o seja permitida sua circula\u00e7\u00e3o, ou de forma agressiva. A infra\u00e7\u00e3o ser\u00e1 considerada de gravidade m\u00e9dia, no valor de R$ 130,16. Al\u00e9m da multa haver\u00e1 remo\u00e7\u00e3o da bicicleta. De acordo com o c\u00f3digo, o ciclista desmontado empurrando a bicicleta equipara-se ao pedestre em direitos e deveres.<\/p>\n<p>A resolu\u00e7\u00e3o publicada hoje traz a padroniza\u00e7\u00e3o administrativa para a lavratura de auto de infra\u00e7\u00e3o, expedi\u00e7\u00e3o de notifica\u00e7\u00e3o de autua\u00e7\u00e3o e de notifica\u00e7\u00e3o de penalidades.<\/p>\n<h3>Coment\u00e1rio<\/h3>\n<div class=\"fb-comments\" data-href=\"https:\/\/tvnovelas.com.br\/news\/mundo\/noticias\/831\" data-width=\"100%\" data-order-by=\"reverse_time\" data-numposts=\"10\"><\/div>\n","protected":false},"excerpt":{"rendered":"<p>Uma resolu\u00e7\u00e3o do Conselho Nacional de Tr\u00e2nsito (Contran) publicada na edi\u00e7\u00e3o desta sexta-feira, dia 27 de outubro, do Di\u00e1rio Oficial da Uni\u00e3o, regulamentou os procedimentos para autuar e multar pedestres e ciclistas por infra\u00e7\u00f5es no tr\u00e2nsito. Os direitos e deveres de pedestres e ciclistas e tamb\u00e9m a previs\u00e3o de penalidades est\u00e3o estabelecidos no C\u00f3digo de&#8230;<\/p>\n","protected":false},"author":1,"featured_media":0,"comment_status":"closed","ping_status":"closed","sticky":false,"template":"","format":"standard","meta":{"_monsterinsights_skip_tracking":false,"_monsterinsights_sitenote_active":false,"_monsterinsights_sitenote_note":"","_monsterinsights_sitenote_category":0,"magazine_newspaper_sidebar_layout":"","footnotes":"","jetpack_publicize_message":"","jetpack_publicize_feature_enabled":true,"jetpack_social_post_already_shared":false,"jetpack_social_options":{"image_generator_settings":{"template":"highway","default_image_id":0,"font":"","enabled":false},"version":2}},"categories":[1],"tags":[16],"class_list":["post-831","post","type-post","status-publish","format-standard","hentry","category-blog","tag-geral"],"aioseo_notices":[],"jetpack_publicize_connections":[],"jetpack_featured_media_url":"","jetpack_sharing_enabled":true,"jetpack_likes_enabled":true,"jetpack-related-posts":[],"jetpack_shortlink":"https:\/\/wp.me\/pfB4mB-dp","_links":{"self":[{"href":"https:\/\/tvnovelas.com.br\/news\/wp-json\/wp\/v2\/posts\/831","targetHints":{"allow":["GET"]}}],"collection":[{"href":"https:\/\/tvnovelas.com.br\/news\/wp-json\/wp\/v2\/posts"}],"about":[{"href":"https:\/\/tvnovelas.com.br\/news\/wp-json\/wp\/v2\/types\/post"}],"author":[{"embeddable":true,"href":"https:\/\/tvnovelas.com.br\/news\/wp-json\/wp\/v2\/users\/1"}],"replies":[{"embeddable":true,"href":"https:\/\/tvnovelas.com.br\/news\/wp-json\/wp\/v2\/comments?post=831"}],"version-history":[{"count":2,"href":"https:\/\/tvnovelas.com.br\/news\/wp-json\/wp\/v2\/posts\/831\/revisions"}],"predecessor-version":[{"id":834,"href":"https:\/\/tvnovelas.com.br\/news\/wp-json\/wp\/v2\/posts\/831\/revisions\/834"}],"wp:attachment":[{"href":"https:\/\/tvnovelas.com.br\/news\/wp-json\/wp\/v2\/media?parent=831"}],"wp:term":[{"taxonomy":"category","embeddable":true,"href":"https:\/\/tvnovelas.com.br\/news\/wp-json\/wp\/v2\/categories?post=831"},{"taxonomy":"post_tag","embeddable":true,"href":"https:\/\/tvnovelas.com.br\/news\/wp-json\/wp\/v2\/tags?post=831"}],"curies":[{"name":"wp","href":"https:\/\/api.w.org\/{rel}","templated":true}]}}