{"id":760,"date":"2017-10-14T10:42:01","date_gmt":"2017-10-14T13:42:01","guid":{"rendered":"https:\/\/tvnovelas.com.br\/news\/mundo\/?p=760"},"modified":"2017-10-14T10:43:00","modified_gmt":"2017-10-14T13:43:00","slug":"pode-ser-o-ultimo-horario-de-verao-comeca-a-meia-noite","status":"publish","type":"post","link":"https:\/\/tvnovelas.com.br\/news\/pode-ser-o-ultimo-horario-de-verao-comeca-a-meia-noite\/","title":{"rendered":"Pode ser o \u00faltimo: hor\u00e1rio de Ver\u00e3o come\u00e7a \u00e0 meia noite"},"content":{"rendered":"<p><img data-recalc-dims=\"1\" loading=\"lazy\" decoding=\"async\" class=\"alignnone wp-image-761 size-full\" src=\"https:\/\/i0.wp.com\/tvnovelas.com.br\/news\/mundo\/wp-content\/uploads\/2017\/10\/ultimas14102017_relogio.jpg?resize=420%2C236&#038;ssl=1\" alt=\"Foto ilustrativa de rel\u00f3gio\" width=\"420\" height=\"236\" srcset=\"https:\/\/i0.wp.com\/tvnovelas.com.br\/news\/wp-content\/uploads\/2017\/10\/ultimas14102017_relogio.jpg?w=420&amp;ssl=1 420w, https:\/\/i0.wp.com\/tvnovelas.com.br\/news\/wp-content\/uploads\/2017\/10\/ultimas14102017_relogio.jpg?resize=300%2C169&amp;ssl=1 300w, https:\/\/i0.wp.com\/tvnovelas.com.br\/news\/wp-content\/uploads\/2017\/10\/ultimas14102017_relogio.jpg?resize=150%2C84&amp;ssl=1 150w\" sizes=\"auto, (max-width: 420px) 100vw, 420px\" \/><br \/>\nO Hor\u00e1rio de Ver\u00e3o come\u00e7a \u00e0 0h deste domingo, 15 de outubro, quando os rel\u00f3gios dever\u00e3o ser adiantados em uma hora para se adequar \u00e0 medida. Rel\u00f3gios dever\u00e3o ser adiantados em uma hora nas regi\u00f5es Sul, Sudeste e Centro-Oeste Arquivo\/Ag\u00eancia Brasil. Este ano, o Hor\u00e1rio de Ver\u00e3o valer\u00e1 para as regi\u00f5es Sul, Sudeste e Centro-Oeste. Nos estados do Norte e do Nordeste n\u00e3o haver\u00e1 mudan\u00e7a nos rel\u00f3gios.<\/p>\n<p>A mudan\u00e7a vai valer at\u00e9 o dia 18 de fevereiro de 2018. \u00c9 poss\u00edvel que esta seja a \u00faltima vez que o Hor\u00e1rio de Ver\u00e3o seja adotado no Brasil. Isso porque autoridades do setor el\u00e9trico constataram mudan\u00e7as nos h\u00e1bitos de consumo de energia dos brasileiros. De acordo com o Operador Nacional do Sistema El\u00e9trico (ONS), o que mais tem influenciado o hor\u00e1rio de pico do consumo de energia n\u00e3o \u00e9 mais a incid\u00eancia de luz solar, e sim a temperatura.<\/p>\n<p>A justificativa para a ado\u00e7\u00e3o da medida ano ap\u00f3s ano \u00e9 o aproveitamento do maior per\u00edodo de luz solar para economizar energia el\u00e9trica. Em 2013, o pa\u00eds economizou R$ 405 milh\u00f5es, ou 2.565 megawatts (MW), com a ado\u00e7\u00e3o do Hor\u00e1rio de Ver\u00e3o. No ano seguinte, essa economia baixou para R$ 278 milh\u00f5es (2.035 MW) e, em 2015 caiu ainda mais, para R$ 162 milh\u00f5es. Em 2016, o valor economizado com Hor\u00e1rio de Ver\u00e3o baixou novamente, para R$147,5 milh\u00f5es.<\/p>\n<p>Segundo o ONS, a redu\u00e7\u00e3o na economia de energia com o Hor\u00e1rio de Ver\u00e3o tem a ver com uma mudan\u00e7a no perfil e na composi\u00e7\u00e3o da carga el\u00e9trica no pa\u00eds. Se antes o que determinava o hor\u00e1rio de pico do consumo de energia era a incid\u00eancia da luz solar, hoje \u00e9 a temperatura. Com isso, o pico de consumo passou a ser entre 14h e 15h e n\u00e3o mais entre 17h e 20h.<\/p>\n<p>Segundo o coordenador da \u00c1rea de Regula\u00e7\u00e3o do Grupo de Estudos do Setor El\u00e9trico da Universidade Federal do Rio de Janeiro (Gesel-UFRJ), Roberto Brand\u00e3o, a mudan\u00e7a no perfil de consumo de energia tamb\u00e9m est\u00e1 relacionada ao uso de aparelhos de ar-condicionado, que costumam ser ligados nos hor\u00e1rios mais quentes do dia; e, por outro lado, \u00e0 substitui\u00e7\u00e3o de l\u00e2mpadas incandescentes por modelos mais econ\u00f4micos, o que reduz o gasto de energia com ilumina\u00e7\u00e3o.<\/p>\n<p>Por causa do ar-condicionado, o ver\u00e3o pode inclusive elevar a um aumento na conta de luz dos consumidores, segundo o professor Reinaldo Castro Souza, do Departamento de Engenharia Industrial do Centro T\u00e9cnico Cient\u00edfico da Pontif\u00edcia Universidade Cat\u00f3lica do Rio de Janeiro (CTC\/PUC Rio). Um aparelho de ar-condicionado de mil watts de pot\u00eancia, por exemplo, se for ligado oito horas por dia, resulta em cerca de R$ 160 na fatura mensal, em m\u00e9dia. Se o uso se estender para 16 horas por dia, o valor dobra, de acordo com o especialista.<\/p>\n<p>Em agosto, o Comit\u00ea de Monitoramento do Setor El\u00e9trico (CMSE), o ONS e o Minist\u00e9rio de Minas e Energia chegaram \u00e0 conclus\u00e3o que, por causa dessa mudan\u00e7a de perfil de consumo de energia, a ado\u00e7\u00e3o do Hor\u00e1rio de Ver\u00e3o atualmente \u201ctraz resultados pr\u00f3ximos \u00e0 neutralidade para o consumidor brasileiro de energia el\u00e9trica, tanto em rela\u00e7\u00e3o \u00e0 economia de energia, quanto para a redu\u00e7\u00e3o da demanda m\u00e1xima do sistema\u201d.<\/p>\n<h3>Coment\u00e1rio<\/h3>\n<div class=\"fb-comments\" data-href=\"https:\/\/tvnovelas.com.br\/news\/mundo\/noticias\/760\" data-width=\"100%\" data-order-by=\"reverse_time\" data-numposts=\"10\"><\/div>\n","protected":false},"excerpt":{"rendered":"<p>O Hor\u00e1rio de Ver\u00e3o come\u00e7a \u00e0 0h deste domingo, 15 de outubro, quando os rel\u00f3gios dever\u00e3o ser adiantados em uma hora para se adequar \u00e0 medida. Rel\u00f3gios dever\u00e3o ser adiantados em uma hora nas regi\u00f5es Sul, Sudeste e Centro-Oeste Arquivo\/Ag\u00eancia Brasil. Este ano, o Hor\u00e1rio de Ver\u00e3o valer\u00e1 para as regi\u00f5es Sul, Sudeste e Centro-Oeste&#8230;.<\/p>\n","protected":false},"author":1,"featured_media":0,"comment_status":"closed","ping_status":"closed","sticky":false,"template":"","format":"standard","meta":{"_monsterinsights_skip_tracking":false,"_monsterinsights_sitenote_active":false,"_monsterinsights_sitenote_note":"","_monsterinsights_sitenote_category":0,"magazine_newspaper_sidebar_layout":"","footnotes":"","jetpack_publicize_message":"","jetpack_publicize_feature_enabled":true,"jetpack_social_post_already_shared":false,"jetpack_social_options":{"image_generator_settings":{"template":"highway","default_image_id":0,"font":"","enabled":false},"version":2}},"categories":[1],"tags":[15,16],"class_list":["post-760","post","type-post","status-publish","format-standard","hentry","category-blog","tag-economia","tag-geral"],"aioseo_notices":[],"jetpack_publicize_connections":[],"jetpack_featured_media_url":"","jetpack_sharing_enabled":true,"jetpack_likes_enabled":true,"jetpack-related-posts":[],"jetpack_shortlink":"https:\/\/wp.me\/pfB4mB-cg","_links":{"self":[{"href":"https:\/\/tvnovelas.com.br\/news\/wp-json\/wp\/v2\/posts\/760","targetHints":{"allow":["GET"]}}],"collection":[{"href":"https:\/\/tvnovelas.com.br\/news\/wp-json\/wp\/v2\/posts"}],"about":[{"href":"https:\/\/tvnovelas.com.br\/news\/wp-json\/wp\/v2\/types\/post"}],"author":[{"embeddable":true,"href":"https:\/\/tvnovelas.com.br\/news\/wp-json\/wp\/v2\/users\/1"}],"replies":[{"embeddable":true,"href":"https:\/\/tvnovelas.com.br\/news\/wp-json\/wp\/v2\/comments?post=760"}],"version-history":[{"count":2,"href":"https:\/\/tvnovelas.com.br\/news\/wp-json\/wp\/v2\/posts\/760\/revisions"}],"predecessor-version":[{"id":763,"href":"https:\/\/tvnovelas.com.br\/news\/wp-json\/wp\/v2\/posts\/760\/revisions\/763"}],"wp:attachment":[{"href":"https:\/\/tvnovelas.com.br\/news\/wp-json\/wp\/v2\/media?parent=760"}],"wp:term":[{"taxonomy":"category","embeddable":true,"href":"https:\/\/tvnovelas.com.br\/news\/wp-json\/wp\/v2\/categories?post=760"},{"taxonomy":"post_tag","embeddable":true,"href":"https:\/\/tvnovelas.com.br\/news\/wp-json\/wp\/v2\/tags?post=760"}],"curies":[{"name":"wp","href":"https:\/\/api.w.org\/{rel}","templated":true}]}}