{"id":753,"date":"2017-10-11T16:21:20","date_gmt":"2017-10-11T19:21:20","guid":{"rendered":"https:\/\/tvnovelas.com.br\/news\/mundo\/?p=753"},"modified":"2017-10-11T16:22:11","modified_gmt":"2017-10-11T19:22:11","slug":"feriadao-deve-passar-sem-chuva-e-com-tempo-seco","status":"publish","type":"post","link":"https:\/\/tvnovelas.com.br\/news\/feriadao-deve-passar-sem-chuva-e-com-tempo-seco\/","title":{"rendered":"Feriad\u00e3o deve passar sem chuva e com tempo seco"},"content":{"rendered":"<p><img data-recalc-dims=\"1\" loading=\"lazy\" decoding=\"async\" class=\"alignnone wp-image-54 size-full\" src=\"https:\/\/i0.wp.com\/tvnovelas.com.br\/news\/mundo\/wp-content\/uploads\/2017\/04\/ultimas1203201701_tempo.jpg?resize=350%2C233&#038;ssl=1\" alt=\"Foto ilustrativa de tempo claro, com sol\" width=\"350\" height=\"233\" srcset=\"https:\/\/i0.wp.com\/tvnovelas.com.br\/news\/wp-content\/uploads\/2017\/04\/ultimas1203201701_tempo.jpg?w=350&amp;ssl=1 350w, https:\/\/i0.wp.com\/tvnovelas.com.br\/news\/wp-content\/uploads\/2017\/04\/ultimas1203201701_tempo.jpg?resize=300%2C200&amp;ssl=1 300w, https:\/\/i0.wp.com\/tvnovelas.com.br\/news\/wp-content\/uploads\/2017\/04\/ultimas1203201701_tempo.jpg?resize=150%2C100&amp;ssl=1 150w\" sizes=\"auto, (max-width: 350px) 100vw, 350px\" \/><\/p>\n<p>Segundo Adelmo Ant\u00f4nio Correia, meteorologista da Cemig, entre os dias 12 e 15 de outubro, uma massa de ar seco atuar\u00e1 em boa parte da regi\u00e3o Sudeste, contribuindo para um feriado sem previs\u00e3o de chuvas em grande parte de Minas Gerais. H\u00e1 possibilidade de pancadas de chuva isoladas no Sul de Minas e Mata, principalmente no pr\u00f3ximo fim de semana.<\/p>\n<p>Na Regi\u00e3o Metropolitana de Belo Horizonte (RMBH), a previs\u00e3o \u00e9 de tempo com c\u00e9u claro e com poucas nuvens. Durante o feriado prolongado, as temperaturas se elevam, podendo chegar a 31\u00b0C no domingo (15\/10).\u00a0 A umidade do ar estar\u00e1 em queda e deve ficar com m\u00ednimas abaixo de 30% na quinta e sexta-feira e pr\u00f3ximas dos 20% no fim de semana.<\/p>\n<p><strong>Interior<\/strong><br \/>\nNo interior do estado, a previs\u00e3o \u00e9 de c\u00e9u claro, podendo variar de c\u00e9u claro a parcialmente nublado, sem chuvas. A umidade do ar ficar\u00e1 abaixo de 20%, com destaque para o Tri\u00e2ngulo, que pode apresentar valores abaixo de 13%. As temperaturas m\u00e1ximas ficar\u00e3o pr\u00f3ximas aos 40\u00b0C no Pontal do Tri\u00e2ngulo Mineiro e em torno dos 35\u00b0C no Norte e Noroeste de Minas. As temperaturas m\u00ednimas continuar\u00e3o baixas, mas j\u00e1 em eleva\u00e7\u00e3o, com destaque para o Sul de Minas, que ainda deve apresentar valores abaixo de 10\u00b0C ao longo do feriado.<\/p>\n<p><strong>Litoral<\/strong><br \/>\nNo litoral do Esp\u00edrito Santo, n\u00e3o h\u00e1 previs\u00e3o de chuva durante o feriado, enquanto que, no Rio de Janeiro e S\u00e3o Paulo, h\u00e1 previs\u00e3o de chuva no litoral apenas no domingo. As temperaturas dever\u00e3o superar os 32\u00b0C no litoral do Sudeste. J\u00e1 no Sul da Bahia, h\u00e1 possibilidade de chuvas isoladas na quinta e sexta-feira, com temperaturas m\u00e1ximas em torno dos 28\u00b0C na regi\u00e3o de Nova Vi\u00e7osa (BA).<\/p>\n<p><strong>Cidades hist\u00f3ricas<\/strong><br \/>\nAo longo do feriado, n\u00e3o h\u00e1 previs\u00e3o de chuvas significativas para Ouro Preto, Mariana, S\u00e3o Jo\u00e3o Del Rei, Tiradentes e Diamantina. As temperaturas estar\u00e3o elevadas, variando entre 14 e 27\u00b0C em Diamantina. Em Ouro Preto e Mariana, devem oscilar entre 16 e 31\u00b0C, enquanto em S\u00e3o Jo\u00e3o Del Rei e Tiradentes devem ficar entre 16 e 32\u00b0C.<\/p>\n<h3>Coment\u00e1rio<\/h3>\n<div class=\"fb-comments\" data-href=\"https:\/\/tvnovelas.com.br\/news\/mundo\/noticias\/753\" data-width=\"100%\" data-order-by=\"reverse_time\" data-numposts=\"10\"><\/div>\n","protected":false},"excerpt":{"rendered":"<p>Segundo Adelmo Ant\u00f4nio Correia, meteorologista da Cemig, entre os dias 12 e 15 de outubro, uma massa de ar seco atuar\u00e1 em boa parte da regi\u00e3o Sudeste, contribuindo para um feriado sem previs\u00e3o de chuvas em grande parte de Minas Gerais. H\u00e1 possibilidade de pancadas de chuva isoladas no Sul de Minas e Mata, principalmente&#8230;<\/p>\n","protected":false},"author":1,"featured_media":0,"comment_status":"closed","ping_status":"closed","sticky":false,"template":"","format":"standard","meta":{"_monsterinsights_skip_tracking":false,"_monsterinsights_sitenote_active":false,"_monsterinsights_sitenote_note":"","_monsterinsights_sitenote_category":0,"magazine_newspaper_sidebar_layout":"","footnotes":"","jetpack_publicize_message":"","jetpack_publicize_feature_enabled":true,"jetpack_social_post_already_shared":false,"jetpack_social_options":{"image_generator_settings":{"template":"highway","default_image_id":0,"font":"","enabled":false},"version":2}},"categories":[1],"tags":[16],"class_list":["post-753","post","type-post","status-publish","format-standard","hentry","category-blog","tag-geral"],"aioseo_notices":[],"jetpack_publicize_connections":[],"jetpack_featured_media_url":"","jetpack_sharing_enabled":true,"jetpack_likes_enabled":true,"jetpack-related-posts":[],"jetpack_shortlink":"https:\/\/wp.me\/pfB4mB-c9","_links":{"self":[{"href":"https:\/\/tvnovelas.com.br\/news\/wp-json\/wp\/v2\/posts\/753","targetHints":{"allow":["GET"]}}],"collection":[{"href":"https:\/\/tvnovelas.com.br\/news\/wp-json\/wp\/v2\/posts"}],"about":[{"href":"https:\/\/tvnovelas.com.br\/news\/wp-json\/wp\/v2\/types\/post"}],"author":[{"embeddable":true,"href":"https:\/\/tvnovelas.com.br\/news\/wp-json\/wp\/v2\/users\/1"}],"replies":[{"embeddable":true,"href":"https:\/\/tvnovelas.com.br\/news\/wp-json\/wp\/v2\/comments?post=753"}],"version-history":[{"count":2,"href":"https:\/\/tvnovelas.com.br\/news\/wp-json\/wp\/v2\/posts\/753\/revisions"}],"predecessor-version":[{"id":755,"href":"https:\/\/tvnovelas.com.br\/news\/wp-json\/wp\/v2\/posts\/753\/revisions\/755"}],"wp:attachment":[{"href":"https:\/\/tvnovelas.com.br\/news\/wp-json\/wp\/v2\/media?parent=753"}],"wp:term":[{"taxonomy":"category","embeddable":true,"href":"https:\/\/tvnovelas.com.br\/news\/wp-json\/wp\/v2\/categories?post=753"},{"taxonomy":"post_tag","embeddable":true,"href":"https:\/\/tvnovelas.com.br\/news\/wp-json\/wp\/v2\/tags?post=753"}],"curies":[{"name":"wp","href":"https:\/\/api.w.org\/{rel}","templated":true}]}}