{"id":6082,"date":"2019-11-21T08:59:09","date_gmt":"2019-11-21T11:59:09","guid":{"rendered":"https:\/\/tvnovelas.com.br\/news\/mundo\/?p=6082"},"modified":"2019-11-21T08:59:30","modified_gmt":"2019-11-21T11:59:30","slug":"toffoli-vota-por-limitar-compartilhamento-de-dados-financeiros","status":"publish","type":"post","link":"https:\/\/tvnovelas.com.br\/news\/toffoli-vota-por-limitar-compartilhamento-de-dados-financeiros\/","title":{"rendered":"STF: Toffoli vota por limitar compartilhamento de dados financeiros"},"content":{"rendered":"<p><a href=\"https:\/\/i0.wp.com\/tvnovelas.com.br\/news\/mundo\/wp-content\/uploads\/2019\/11\/teve28298.jpg?ssl=1\"><img data-recalc-dims=\"1\" loading=\"lazy\" decoding=\"async\" src=\"https:\/\/i0.wp.com\/tvnovelas.com.br\/news\/mundo\/wp-content\/uploads\/2019\/11\/teve28298.jpg?resize=500%2C334&#038;ssl=1\" alt=\"Foto do procurado geral, Augusto Aras e presidente do STF, Dias Toffoli \" width=\"500\" height=\"334\" class=\"alignnone wp-image-6083 size-full\" title=\"(Foto: Leonardo Prado\/Secom\/PGR)\" srcset=\"https:\/\/i0.wp.com\/tvnovelas.com.br\/news\/wp-content\/uploads\/2019\/11\/teve28298.jpg?w=500&amp;ssl=1 500w, https:\/\/i0.wp.com\/tvnovelas.com.br\/news\/wp-content\/uploads\/2019\/11\/teve28298.jpg?resize=300%2C200&amp;ssl=1 300w, https:\/\/i0.wp.com\/tvnovelas.com.br\/news\/wp-content\/uploads\/2019\/11\/teve28298.jpg?resize=450%2C300&amp;ssl=1 450w, https:\/\/i0.wp.com\/tvnovelas.com.br\/news\/wp-content\/uploads\/2019\/11\/teve28298.jpg?resize=360%2C240&amp;ssl=1 360w\" sizes=\"auto, (max-width: 500px) 100vw, 500px\" \/><\/a><\/p>\n<p>O presidente do Supremo Tribunal Federal (STF), Dias Toffoli, votou nesta quarta (20), a favor da limita\u00e7\u00e3o do compartilhamento de dados financeiros da Unidade de Intelig\u00eancia Financeira (UIF), do Banco Central, antigo Conselho de Controle de Atividades Financeiras (Coaf), e da Receita Federal com o Minist\u00e9rio P\u00fablico. Na sess\u00e3o desta quarta-feira, somente o presidente, que \u00e9 relator do caso, proferiu seu voto. O julgamento ser\u00e1 retomado hoje (21) para a manifesta\u00e7\u00e3o de mais dez ministros.<\/p>\n<p>O STF come\u00e7ou a julgar se dados financeiros da UIF e da Receita Federal, \u00f3rg\u00e3os de controle contra fraudes, podem ser enviados ao Minist\u00e9rio P\u00fablico sem autoriza\u00e7\u00e3o judicial. As informa\u00e7\u00f5es financeiras s\u00e3o usadas pelo MP e pela pol\u00edcia para investigar casos de corrup\u00e7\u00e3o, lavagem de dinheiro, tr\u00e1fico de drogas e movimenta\u00e7\u00f5es financeiras de organiza\u00e7\u00f5es criminosas.<\/p>\n<p>Em seu voto o ministro disse que o MP s\u00f3 pode ter acesso a dados globais de supostos il\u00edcitos, sem documentos que possam quebrar o sigilo das informa\u00e7\u00f5es.<\/p>\n<p>No entendimento de Toffoli, o MP n\u00e3o pode requisitar \u00e0 UIF relat\u00f3rios de intelig\u00eancia financeira (RIFs) &#8220;por encomenda&#8221;, sem que nunca tenha recebido um alerta dos \u00f3rg\u00e3os de controle e para verificar se &#8220;tem algo contra fulano&#8221;. Da mesma forma, a Receita n\u00e3o pode repassar extratos banc\u00e1rios e declara\u00e7\u00f5es de imposto de renda aos procuradores sem decis\u00e3o judicial autorizando a quebra de sigilo fiscal.<\/p>\n<p>&#8220;N\u00e3o pode haver RIF por encomenda contra cidad\u00e3os sem qualquer investiga\u00e7\u00e3o criminal pr\u00e9-existente ou se n\u00e3o houve alerta anterior emitido de of\u00edcio [espont\u00e2neo] pela UIF, com fundamento na an\u00e1lise de informa\u00e7\u00f5es de intelig\u00eancia contida nas suas bases de dados&#8221;, afirmou.<\/p>\n<p>PGR<\/p>\n<p>Na manh\u00e3 desta quarta-feira, o procurador-geral da Rep\u00fablica, Augusto Aras defendeu, em sustenta\u00e7\u00e3o oral, o compartilhamento direto dos dados com o MPF, sem a necessidade de crivo judicial.<\/p>\n<p>Aras afirmou que o procedimento \u00e9 crucial no combate a crimes como corrup\u00e7\u00e3o, lavagem de dinheiro e financiamento ao terrorismo, sendo observado em 184 pa\u00edses do mundo, e que a restri\u00e7\u00e3o de tal comunica\u00e7\u00e3o direta pode ser prejudicial \u00e0 reputa\u00e7\u00e3o do Brasil na comunidade internacional.<\/p>\n<p>\u201cCorremos o grave risco de o Brasil vir a ser considerado tecnicamente um para\u00edso fiscal, m\u00e1cula excessivamente nociva a um pa\u00eds que necessita retomar o curso do crescimento econ\u00f4mico e estabelecer o bem-estar social\u201d, disse o PGR.<\/p>\n<p>Por outro lado, o advogado e jurista Gustavo Badar\u00f3, que representa o Instituto Brasileiro de Ci\u00eancias Criminais (IBCCrim) na condi\u00e7\u00e3o de interessado na causa, defendeu maior restri\u00e7\u00e3o na disponibiliza\u00e7\u00e3o dos dados, de modo a resguardar a privacidade e a intimidade dos indiv\u00edduos. Para ele, por ser o \u00f3rg\u00e3o capaz de denunciar pessoas, o MP somente poderia ter acesso a tais informa\u00e7\u00f5es sens\u00edveis sob a supervis\u00e3o de um juiz, o que impediria abusos, argumentou.<\/p>\n<p>Processos parados<br \/>\nCentenas de investiga\u00e7\u00f5es e processos criminais est\u00e3o parados desde julho, decis\u00e3o do presidente do STF, Dias Toffoli, em pedido do senador Fl\u00e1vio Bolsonaro (PSL-RJ).<br \/>\nO senador passou a ser investigado pelo Minist\u00e9rio P\u00fablico do Rio de Janeiro no ano passado por suposto desvio de recursos do seu gabinete de deputado estadual fluminense depois que um relat\u00f3rio do Coaf identificou movimenta\u00e7\u00f5es suspeitas em sua conta banc\u00e1ria. O Coaf teve seu nome alterado para Unidade de Intelig\u00eancia Financeira (UIF)<br \/>\nA defesa do senador argumentam que os procuradores solicitaram informa\u00e7\u00f5es ao Coaf sem pedir autoriza\u00e7\u00e3o da Justi\u00e7a.<\/p>\n","protected":false},"excerpt":{"rendered":"<p>O presidente do Supremo Tribunal Federal (STF), Dias Toffoli, votou nesta quarta (20), a favor da limita\u00e7\u00e3o do compartilhamento de dados financeiros da Unidade de Intelig\u00eancia Financeira (UIF), do Banco Central, antigo Conselho de Controle de Atividades Financeiras (Coaf), e da Receita Federal com o Minist\u00e9rio P\u00fablico. Na sess\u00e3o desta quarta-feira, somente o presidente, que&#8230;<\/p>\n","protected":false},"author":1,"featured_media":6083,"comment_status":"closed","ping_status":"closed","sticky":false,"template":"","format":"standard","meta":{"_monsterinsights_skip_tracking":false,"_monsterinsights_sitenote_active":false,"_monsterinsights_sitenote_note":"","_monsterinsights_sitenote_category":0,"magazine_newspaper_sidebar_layout":"","footnotes":"","jetpack_publicize_message":"","jetpack_publicize_feature_enabled":true,"jetpack_social_post_already_shared":false,"jetpack_social_options":{"image_generator_settings":{"template":"highway","default_image_id":0,"font":"","enabled":false},"version":2}},"categories":[68],"tags":[1628,1624,1627,505,504,203,206,1629],"class_list":["post-6082","post","type-post","status-publish","format-standard","has-post-thumbnail","hentry","category-justica","tag-augusto-aras","tag-coaf","tag-compartilhamento-de-dados","tag-dias-toffoli","tag-flavio-bolsonaro","tag-pgr","tag-stf","tag-uif"],"aioseo_notices":[],"jetpack_publicize_connections":[],"jetpack_featured_media_url":"https:\/\/i0.wp.com\/tvnovelas.com.br\/news\/wp-content\/uploads\/2019\/11\/teve28298.jpg?fit=500%2C334&ssl=1","jetpack_sharing_enabled":true,"jetpack_likes_enabled":true,"jetpack-related-posts":[],"jetpack_shortlink":"https:\/\/wp.me\/pfB4mB-1A6","_links":{"self":[{"href":"https:\/\/tvnovelas.com.br\/news\/wp-json\/wp\/v2\/posts\/6082","targetHints":{"allow":["GET"]}}],"collection":[{"href":"https:\/\/tvnovelas.com.br\/news\/wp-json\/wp\/v2\/posts"}],"about":[{"href":"https:\/\/tvnovelas.com.br\/news\/wp-json\/wp\/v2\/types\/post"}],"author":[{"embeddable":true,"href":"https:\/\/tvnovelas.com.br\/news\/wp-json\/wp\/v2\/users\/1"}],"replies":[{"embeddable":true,"href":"https:\/\/tvnovelas.com.br\/news\/wp-json\/wp\/v2\/comments?post=6082"}],"version-history":[{"count":2,"href":"https:\/\/tvnovelas.com.br\/news\/wp-json\/wp\/v2\/posts\/6082\/revisions"}],"predecessor-version":[{"id":6085,"href":"https:\/\/tvnovelas.com.br\/news\/wp-json\/wp\/v2\/posts\/6082\/revisions\/6085"}],"wp:featuredmedia":[{"embeddable":true,"href":"https:\/\/tvnovelas.com.br\/news\/wp-json\/wp\/v2\/media\/6083"}],"wp:attachment":[{"href":"https:\/\/tvnovelas.com.br\/news\/wp-json\/wp\/v2\/media?parent=6082"}],"wp:term":[{"taxonomy":"category","embeddable":true,"href":"https:\/\/tvnovelas.com.br\/news\/wp-json\/wp\/v2\/categories?post=6082"},{"taxonomy":"post_tag","embeddable":true,"href":"https:\/\/tvnovelas.com.br\/news\/wp-json\/wp\/v2\/tags?post=6082"}],"curies":[{"name":"wp","href":"https:\/\/api.w.org\/{rel}","templated":true}]}}