{"id":5996,"date":"2019-11-16T09:03:30","date_gmt":"2019-11-16T12:03:30","guid":{"rendered":"https:\/\/tvnovelas.com.br\/news\/mundo\/?p=5996"},"modified":"2019-11-16T09:03:30","modified_gmt":"2019-11-16T12:03:30","slug":"assinantes-de-tv-paga-do-norte-e-do-centro-oeste-receberao-alertas","status":"publish","type":"post","link":"https:\/\/tvnovelas.com.br\/news\/assinantes-de-tv-paga-do-norte-e-do-centro-oeste-receberao-alertas\/","title":{"rendered":"Assinantes de TV paga do Norte e do Centro-Oeste receber\u00e3o alertas"},"content":{"rendered":"<p><a href=\"https:\/\/i0.wp.com\/tvnovelas.com.br\/news\/mundo\/wp-content\/uploads\/2019\/11\/geral697.jpg?ssl=1\"><img data-recalc-dims=\"1\" loading=\"lazy\" decoding=\"async\" src=\"https:\/\/i0.wp.com\/tvnovelas.com.br\/news\/mundo\/wp-content\/uploads\/2019\/11\/geral697.jpg?resize=500%2C333&#038;ssl=1\" alt=\"Imagem ilustrativa, TV\" width=\"500\" height=\"333\" class=\"alignnone wp-image-5997 size-full\" title=\"(Foto: Valter Campanato\/Ag\u00eancia Brasil)\" srcset=\"https:\/\/i0.wp.com\/tvnovelas.com.br\/news\/wp-content\/uploads\/2019\/11\/geral697.jpg?w=500&amp;ssl=1 500w, https:\/\/i0.wp.com\/tvnovelas.com.br\/news\/wp-content\/uploads\/2019\/11\/geral697.jpg?resize=300%2C200&amp;ssl=1 300w, https:\/\/i0.wp.com\/tvnovelas.com.br\/news\/wp-content\/uploads\/2019\/11\/geral697.jpg?resize=450%2C300&amp;ssl=1 450w, https:\/\/i0.wp.com\/tvnovelas.com.br\/news\/wp-content\/uploads\/2019\/11\/geral697.jpg?resize=360%2C240&amp;ssl=1 360w\" sizes=\"auto, (max-width: 500px) 100vw, 500px\" \/><\/a><br \/>\nClientes de TV por Assinatura de 11 estados do Norte e do Centro-Oeste receber\u00e3o mensagens de alerta partir de segunda-feira (18). Os avisos informar\u00e3o a possibilidade de desastres como alagamentos, enxurradas, deslizamentos de terra, vendavais, chuvas de granizo, entre outros.<\/p>\n<p>O projeto \u00e9 coordenado pela Ag\u00eancia Nacional de Telecomunica\u00e7\u00f5es (Anatel) em conjunto com as prestadoras de TV por Assinatura e os \u00f3rg\u00e3os vinculados \u00e0 Defesa Civil, representados pelo Centro Nacional de Gerenciamento de Riscos e Desastres (Cenad).<\/p>\n<p>A decis\u00e3o sobre o envio dos alertas e os respectivos conte\u00fados s\u00e3o de responsabilidade do Cenad e da Defesa Civil dos estados e munic\u00edpios. As prestadoras s\u00e3o respons\u00e1veis pela disponibiliza\u00e7\u00e3o do meio (ferramenta) que viabiliza o envio dos alertas.<\/p>\n<p>O recurso j\u00e1 est\u00e1 dispon\u00edvel aos assinantes das empresas Claro (NET), NossaTV, Oi, Sky e Vivo, nos estados de Alagoas, Esp\u00edrito Santo, Minas Gerais, Paran\u00e1, Rio Grande do Sul, Rio de Janeiro, Santa Catarina e S\u00e3o Paulo.<\/p>\n<p>At\u00e9 o fim do ano, o sistema funcionar\u00e1 em todo o pa\u00eds. Pelo cronograma da Anatel, a Regi\u00e3o Nordeste (Bahia, Cear\u00e1, Maranh\u00e3o, Para\u00edba, Pernambuco, Piau\u00ed, Rio Grande do Norte e Sergipe) ter\u00e1 o servi\u00e7o a partir de 12 de dezembro.<\/p>\n<p>Pop-up<br \/>\nO cliente de TV por Assinatura receber\u00e1 a mensagem de alerta em formato de pop-up (imagem sobreposta \u00e0 tela) com tempo de exposi\u00e7\u00e3o de 10 segundos, com op\u00e7\u00e3o de o assinante fechar o pop-up se desejar.<\/p>\n<p>O assinante n\u00e3o precisa cadastrar-se para receber as notifica\u00e7\u00f5es de emerg\u00eancia pela TV paga. A Anatel esclarece que n\u00e3o \u00e9 poss\u00edvel bloquear o recebimento das mensagens.<\/p>\n","protected":false},"excerpt":{"rendered":"<p>Clientes de TV por Assinatura de 11 estados do Norte e do Centro-Oeste receber\u00e3o mensagens de alerta partir de segunda-feira (18). Os avisos informar\u00e3o a possibilidade de desastres como alagamentos, enxurradas, deslizamentos de terra, vendavais, chuvas de granizo, entre outros. O projeto \u00e9 coordenado pela Ag\u00eancia Nacional de Telecomunica\u00e7\u00f5es (Anatel) em conjunto com as prestadoras&#8230;<\/p>\n","protected":false},"author":1,"featured_media":5997,"comment_status":"closed","ping_status":"closed","sticky":false,"template":"","format":"standard","meta":{"_monsterinsights_skip_tracking":false,"_monsterinsights_sitenote_active":false,"_monsterinsights_sitenote_note":"","_monsterinsights_sitenote_category":0,"magazine_newspaper_sidebar_layout":"","footnotes":"","jetpack_publicize_message":"","jetpack_publicize_feature_enabled":true,"jetpack_social_post_already_shared":false,"jetpack_social_options":{"image_generator_settings":{"template":"highway","default_image_id":0,"font":"","enabled":false},"version":2}},"categories":[1],"tags":[1566,1565,1570,1568,1567,243,1569],"class_list":["post-5996","post","type-post","status-publish","format-standard","has-post-thumbnail","hentry","category-blog","tag-alagamentos","tag-alertas-de-risco","tag-chuvas-de-granizo","tag-deslizamentos-de-terra","tag-enxurradas","tag-tv-por-assinatura","tag-vendavais"],"aioseo_notices":[],"jetpack_publicize_connections":[],"jetpack_featured_media_url":"https:\/\/i0.wp.com\/tvnovelas.com.br\/news\/wp-content\/uploads\/2019\/11\/geral697.jpg?fit=500%2C333&ssl=1","jetpack_sharing_enabled":true,"jetpack_likes_enabled":true,"jetpack-related-posts":[],"jetpack_shortlink":"https:\/\/wp.me\/pfB4mB-1yI","_links":{"self":[{"href":"https:\/\/tvnovelas.com.br\/news\/wp-json\/wp\/v2\/posts\/5996","targetHints":{"allow":["GET"]}}],"collection":[{"href":"https:\/\/tvnovelas.com.br\/news\/wp-json\/wp\/v2\/posts"}],"about":[{"href":"https:\/\/tvnovelas.com.br\/news\/wp-json\/wp\/v2\/types\/post"}],"author":[{"embeddable":true,"href":"https:\/\/tvnovelas.com.br\/news\/wp-json\/wp\/v2\/users\/1"}],"replies":[{"embeddable":true,"href":"https:\/\/tvnovelas.com.br\/news\/wp-json\/wp\/v2\/comments?post=5996"}],"version-history":[{"count":1,"href":"https:\/\/tvnovelas.com.br\/news\/wp-json\/wp\/v2\/posts\/5996\/revisions"}],"predecessor-version":[{"id":5998,"href":"https:\/\/tvnovelas.com.br\/news\/wp-json\/wp\/v2\/posts\/5996\/revisions\/5998"}],"wp:featuredmedia":[{"embeddable":true,"href":"https:\/\/tvnovelas.com.br\/news\/wp-json\/wp\/v2\/media\/5997"}],"wp:attachment":[{"href":"https:\/\/tvnovelas.com.br\/news\/wp-json\/wp\/v2\/media?parent=5996"}],"wp:term":[{"taxonomy":"category","embeddable":true,"href":"https:\/\/tvnovelas.com.br\/news\/wp-json\/wp\/v2\/categories?post=5996"},{"taxonomy":"post_tag","embeddable":true,"href":"https:\/\/tvnovelas.com.br\/news\/wp-json\/wp\/v2\/tags?post=5996"}],"curies":[{"name":"wp","href":"https:\/\/api.w.org\/{rel}","templated":true}]}}