{"id":5993,"date":"2019-11-15T13:29:41","date_gmt":"2019-11-15T16:29:41","guid":{"rendered":"https:\/\/tvnovelas.com.br\/news\/mundo\/?p=5993"},"modified":"2019-11-15T13:29:41","modified_gmt":"2019-11-15T16:29:41","slug":"celulares-pre-pagos-com-cadastros-desatualizados-serao-bloqueados-em-17-estados","status":"publish","type":"post","link":"https:\/\/tvnovelas.com.br\/news\/celulares-pre-pagos-com-cadastros-desatualizados-serao-bloqueados-em-17-estados\/","title":{"rendered":"Celulares pr\u00e9-pagos com cadastros desatualizados ser\u00e3o bloqueados em 17 estados"},"content":{"rendered":"<p><a href=\"https:\/\/i0.wp.com\/tvnovelas.com.br\/news\/mundo\/wp-content\/uploads\/2019\/11\/geral696.jpg?ssl=1\"><img data-recalc-dims=\"1\" loading=\"lazy\" decoding=\"async\" src=\"https:\/\/i0.wp.com\/tvnovelas.com.br\/news\/mundo\/wp-content\/uploads\/2019\/11\/geral696.jpg?resize=500%2C322&#038;ssl=1\" alt=\"Imagem ilustrativa, celular\" width=\"500\" height=\"322\" class=\"alignnone wp-image-5994 size-full\" title=\"(Foto: Anatel)\" srcset=\"https:\/\/i0.wp.com\/tvnovelas.com.br\/news\/wp-content\/uploads\/2019\/11\/geral696.jpg?w=500&amp;ssl=1 500w, https:\/\/i0.wp.com\/tvnovelas.com.br\/news\/wp-content\/uploads\/2019\/11\/geral696.jpg?resize=300%2C193&amp;ssl=1 300w\" sizes=\"auto, (max-width: 500px) 100vw, 500px\" \/><\/a><br \/>\nNa segunda-feira (18\/11), os titulares de linhas m\u00f3veis pr\u00e9-pagas que n\u00e3o atualizaram seus cadastros ap\u00f3s terem recebido notifica\u00e7\u00e3o das prestadoras ter\u00e3o as linhas bloqueadas. A medida vale para consumidores dos estados de Alagoas, Amazonas, Amap\u00e1, Bahia, Cear\u00e1, Esp\u00edrito Santo, Maranh\u00e3o, Par\u00e1, Para\u00edba, Pernambuco, Piau\u00ed, Rio Grande do Norte, Rio Grande do Sul, Rio de Janeiro, Roraima, Sergipe e S\u00e3o Paulo. Menos de 1% dos 91 milh\u00f5es de celulares pr\u00e9-pagos dessas regi\u00f5es apresenta alguma pend\u00eancia cadastral.<\/p>\n<p>Esta \u00e9 \u00faltima fase da campanha de comunica\u00e7\u00e3o aos consumidores com cadastros desatualizados, realizada pelas prestadoras Algar, Claro, Oi, Sercomtel, Tim e Vivo, dentro do Projeto Cadastro Pr\u00e9-Pago, acompanhado pela Anatel. O objetivo da iniciativa \u00e9 garantir uma base cadastral correta e atualizada, a fim de evitar a ocorr\u00eancia de fraudes de subscri\u00e7\u00e3o (linhas associadas indevidamente a CPFs) e, dessa forma, ampliar a seguran\u00e7a dos consumidores.<\/p>\n<p><strong>Como atualizar o cadastro.<\/strong> Quem tiver a linha pr\u00e9-paga bloqueada poder\u00e1 proceder \u00e0 atualiza\u00e7\u00e3o dos dados cadastrais junto \u00e0 sua prestadora por meio dos canais de atendimento dispon\u00edveis, como call center e espa\u00e7o reservado ao consumidor na internet. Nesse contato, devem ser informados o nome completo e o endere\u00e7o com o n\u00famero do CEP. No caso de pessoa f\u00edsica, \u00e9 necess\u00e1rio informar o n\u00famero do CPF e, para pessoa jur\u00eddica, o CNPJ. Tamb\u00e9m poder\u00e3o ser solicitadas informa\u00e7\u00f5es adicionais de valida\u00e7\u00e3o do cadastro.<\/p>\n<p>Para garantir que o SMS de solicita\u00e7\u00e3o de recadastramento recebido foi, de fato, encaminhado pela prestadora contratada, o consumidor pode conferir os n\u00fameros utilizados pelas prestadoras para envio destas mensagens na p\u00e1gina Cadastro Pr\u00e9-Pago, no portal da Anatel na internet.<\/p>\n","protected":false},"excerpt":{"rendered":"<p>Na segunda-feira (18\/11), os titulares de linhas m\u00f3veis pr\u00e9-pagas que n\u00e3o atualizaram seus cadastros ap\u00f3s terem recebido notifica\u00e7\u00e3o das prestadoras ter\u00e3o as linhas bloqueadas. A medida vale para consumidores dos estados de Alagoas, Amazonas, Amap\u00e1, Bahia, Cear\u00e1, Esp\u00edrito Santo, Maranh\u00e3o, Par\u00e1, Para\u00edba, Pernambuco, Piau\u00ed, Rio Grande do Norte, Rio Grande do Sul, Rio de Janeiro,&#8230;<\/p>\n","protected":false},"author":1,"featured_media":5994,"comment_status":"closed","ping_status":"closed","sticky":false,"template":"","format":"standard","meta":{"_monsterinsights_skip_tracking":false,"_monsterinsights_sitenote_active":false,"_monsterinsights_sitenote_note":"","_monsterinsights_sitenote_category":0,"magazine_newspaper_sidebar_layout":"","footnotes":"","jetpack_publicize_message":"","jetpack_publicize_feature_enabled":true,"jetpack_social_post_already_shared":false,"jetpack_social_options":{"image_generator_settings":{"template":"highway","default_image_id":0,"font":"","enabled":false},"version":2}},"categories":[1],"tags":[1563,1562,1561,1560,619,620,1116,1564],"class_list":["post-5993","post","type-post","status-publish","format-standard","has-post-thumbnail","hentry","category-blog","tag-algar","tag-anael","tag-celula","tag-celulr-bloqueado","tag-claro","tag-oi","tag-sercomtel","tag-tim-e-vivo"],"aioseo_notices":[],"jetpack_publicize_connections":[],"jetpack_featured_media_url":"https:\/\/i0.wp.com\/tvnovelas.com.br\/news\/wp-content\/uploads\/2019\/11\/geral696.jpg?fit=500%2C322&ssl=1","jetpack_sharing_enabled":true,"jetpack_likes_enabled":true,"jetpack-related-posts":[],"jetpack_shortlink":"https:\/\/wp.me\/pfB4mB-1yF","_links":{"self":[{"href":"https:\/\/tvnovelas.com.br\/news\/wp-json\/wp\/v2\/posts\/5993","targetHints":{"allow":["GET"]}}],"collection":[{"href":"https:\/\/tvnovelas.com.br\/news\/wp-json\/wp\/v2\/posts"}],"about":[{"href":"https:\/\/tvnovelas.com.br\/news\/wp-json\/wp\/v2\/types\/post"}],"author":[{"embeddable":true,"href":"https:\/\/tvnovelas.com.br\/news\/wp-json\/wp\/v2\/users\/1"}],"replies":[{"embeddable":true,"href":"https:\/\/tvnovelas.com.br\/news\/wp-json\/wp\/v2\/comments?post=5993"}],"version-history":[{"count":1,"href":"https:\/\/tvnovelas.com.br\/news\/wp-json\/wp\/v2\/posts\/5993\/revisions"}],"predecessor-version":[{"id":5995,"href":"https:\/\/tvnovelas.com.br\/news\/wp-json\/wp\/v2\/posts\/5993\/revisions\/5995"}],"wp:featuredmedia":[{"embeddable":true,"href":"https:\/\/tvnovelas.com.br\/news\/wp-json\/wp\/v2\/media\/5994"}],"wp:attachment":[{"href":"https:\/\/tvnovelas.com.br\/news\/wp-json\/wp\/v2\/media?parent=5993"}],"wp:term":[{"taxonomy":"category","embeddable":true,"href":"https:\/\/tvnovelas.com.br\/news\/wp-json\/wp\/v2\/categories?post=5993"},{"taxonomy":"post_tag","embeddable":true,"href":"https:\/\/tvnovelas.com.br\/news\/wp-json\/wp\/v2\/tags?post=5993"}],"curies":[{"name":"wp","href":"https:\/\/api.w.org\/{rel}","templated":true}]}}