{"id":5984,"date":"2019-11-15T09:30:31","date_gmt":"2019-11-15T12:30:31","guid":{"rendered":"https:\/\/tvnovelas.com.br\/news\/mundo\/?p=5984"},"modified":"2019-11-15T09:37:46","modified_gmt":"2019-11-15T12:37:46","slug":"apreensoes-de-47-toneladas-em-2019-cocaina-atingem-recorde","status":"publish","type":"post","link":"https:\/\/tvnovelas.com.br\/news\/apreensoes-de-47-toneladas-em-2019-cocaina-atingem-recorde\/","title":{"rendered":"Apreens\u00f5es de 47 toneladas em 2019 coca\u00edna s\u00e3o recorde"},"content":{"rendered":"<p><a href=\"https:\/\/i0.wp.com\/tvnovelas.com.br\/news\/mundo\/wp-content\/uploads\/2019\/11\/geral694.jpg?ssl=1\"><img data-recalc-dims=\"1\" loading=\"lazy\" decoding=\"async\" src=\"https:\/\/i0.wp.com\/tvnovelas.com.br\/news\/mundo\/wp-content\/uploads\/2019\/11\/geral694.jpg?resize=500%2C330&#038;ssl=1\" alt=\"Foto de coca\u00edna apreendida\" width=\"500\" height=\"330\" class=\"alignnone wp-image-5986 size-full\" title=\"(foto:PF\/Divulga\u00e7\u00e3o)\" srcset=\"https:\/\/i0.wp.com\/tvnovelas.com.br\/news\/wp-content\/uploads\/2019\/11\/geral694.jpg?w=500&amp;ssl=1 500w, https:\/\/i0.wp.com\/tvnovelas.com.br\/news\/wp-content\/uploads\/2019\/11\/geral694.jpg?resize=300%2C198&amp;ssl=1 300w\" sizes=\"auto, (max-width: 500px) 100vw, 500px\" \/><\/a><\/p>\n<p>A apreens\u00e3o de coca\u00edna pela Receita Federal alcan\u00e7ou a marca de 47,1 toneladas no per\u00edodo de janeiro a outubro de 2019. O resultado, que \u00e9 o recorde hist\u00f3rico da institui\u00e7\u00e3o, j\u00e1 supera em quase 50% o alcan\u00e7ado em todo o ano de 2018, quando as apreens\u00f5es totalizaram 31,5 toneladas.<\/p>\n<p>As principais apreens\u00f5es neste ano ocorreram nos portos de Santos\/SP (18,9 toneladas), Paranagu\u00e1-PR (13,5 toneladas), Natal\/RN (4,4 toneladas) e Itaja\u00ed (3,7 toneladas) e foram identificadas, em sua maioria, em cargas que seriam exportadas para a Europa e a \u00c1frica.<\/p>\n<p>Para o subsecret\u00e1rio de Administra\u00e7\u00e3o Aduaneira da Receita Federal, Fausto Vieira Coutinho, o incremento no volume de apreens\u00f5es de drogas est\u00e1 relacionado ao aperfei\u00e7oamento das t\u00e9cnicas de controle aduaneiro com uso intensivo de gest\u00e3o de riscos, de a\u00e7\u00f5es de intelig\u00eancia e de integra\u00e7\u00e3o institucional.<\/p>\n<p>De acordo com o subsecret\u00e1rio, o resultado \u00e9 fruto do investimento em tecnologia, capacita\u00e7\u00e3o dos servidores e utiliza\u00e7\u00e3o do equipamento adequado como scanners, c\u00e3es de faro e a pr\u00f3pria intensifica\u00e7\u00e3o das opera\u00e7\u00f5es de vigil\u00e2ncia e repress\u00e3o<\/p>\n","protected":false},"excerpt":{"rendered":"<p>A apreens\u00e3o de coca\u00edna pela Receita Federal alcan\u00e7ou a marca de 47,1 toneladas no per\u00edodo de janeiro a outubro de 2019. O resultado, que \u00e9 o recorde hist\u00f3rico da institui\u00e7\u00e3o, j\u00e1 supera em quase 50% o alcan\u00e7ado em todo o ano de 2018, quando as apreens\u00f5es totalizaram 31,5 toneladas. As principais apreens\u00f5es neste ano ocorreram&#8230;<\/p>\n","protected":false},"author":1,"featured_media":5986,"comment_status":"closed","ping_status":"closed","sticky":false,"template":"","format":"standard","meta":{"_monsterinsights_skip_tracking":false,"_monsterinsights_sitenote_active":false,"_monsterinsights_sitenote_note":"","_monsterinsights_sitenote_category":0,"magazine_newspaper_sidebar_layout":"","footnotes":"","jetpack_publicize_message":"","jetpack_publicize_feature_enabled":true,"jetpack_social_post_already_shared":false,"jetpack_social_options":{"image_generator_settings":{"template":"highway","default_image_id":0,"font":"","enabled":false},"version":2}},"categories":[1],"tags":[1555,1556],"class_list":["post-5984","post","type-post","status-publish","format-standard","has-post-thumbnail","hentry","category-blog","tag-cocaina","tag-receia-federal"],"aioseo_notices":[],"jetpack_publicize_connections":[],"jetpack_featured_media_url":"https:\/\/i0.wp.com\/tvnovelas.com.br\/news\/wp-content\/uploads\/2019\/11\/geral694.jpg?fit=500%2C330&ssl=1","jetpack_sharing_enabled":true,"jetpack_likes_enabled":true,"jetpack-related-posts":[],"jetpack_shortlink":"https:\/\/wp.me\/pfB4mB-1yw","_links":{"self":[{"href":"https:\/\/tvnovelas.com.br\/news\/wp-json\/wp\/v2\/posts\/5984","targetHints":{"allow":["GET"]}}],"collection":[{"href":"https:\/\/tvnovelas.com.br\/news\/wp-json\/wp\/v2\/posts"}],"about":[{"href":"https:\/\/tvnovelas.com.br\/news\/wp-json\/wp\/v2\/types\/post"}],"author":[{"embeddable":true,"href":"https:\/\/tvnovelas.com.br\/news\/wp-json\/wp\/v2\/users\/1"}],"replies":[{"embeddable":true,"href":"https:\/\/tvnovelas.com.br\/news\/wp-json\/wp\/v2\/comments?post=5984"}],"version-history":[{"count":2,"href":"https:\/\/tvnovelas.com.br\/news\/wp-json\/wp\/v2\/posts\/5984\/revisions"}],"predecessor-version":[{"id":5990,"href":"https:\/\/tvnovelas.com.br\/news\/wp-json\/wp\/v2\/posts\/5984\/revisions\/5990"}],"wp:featuredmedia":[{"embeddable":true,"href":"https:\/\/tvnovelas.com.br\/news\/wp-json\/wp\/v2\/media\/5986"}],"wp:attachment":[{"href":"https:\/\/tvnovelas.com.br\/news\/wp-json\/wp\/v2\/media?parent=5984"}],"wp:term":[{"taxonomy":"category","embeddable":true,"href":"https:\/\/tvnovelas.com.br\/news\/wp-json\/wp\/v2\/categories?post=5984"},{"taxonomy":"post_tag","embeddable":true,"href":"https:\/\/tvnovelas.com.br\/news\/wp-json\/wp\/v2\/tags?post=5984"}],"curies":[{"name":"wp","href":"https:\/\/api.w.org\/{rel}","templated":true}]}}