{"id":5955,"date":"2019-11-14T09:17:49","date_gmt":"2019-11-14T12:17:49","guid":{"rendered":"https:\/\/tvnovelas.com.br\/news\/mundo\/?p=5955"},"modified":"2019-11-14T09:17:49","modified_gmt":"2019-11-14T12:17:49","slug":"aeroportos-devem-movimentar-14-milhao-de-passageiros-durante-feriadao","status":"publish","type":"post","link":"https:\/\/tvnovelas.com.br\/news\/aeroportos-devem-movimentar-14-milhao-de-passageiros-durante-feriadao\/","title":{"rendered":"Aeroportos devem movimentar 1,4 milh\u00e3o de passageiros durante feriad\u00e3o"},"content":{"rendered":"<p><a href=\"https:\/\/i0.wp.com\/tvnovelas.com.br\/news\/mundo\/wp-content\/uploads\/2019\/11\/geral689.jpg?ssl=1\"><img data-recalc-dims=\"1\" loading=\"lazy\" decoding=\"async\" src=\"https:\/\/i0.wp.com\/tvnovelas.com.br\/news\/mundo\/wp-content\/uploads\/2019\/11\/geral689.jpg?resize=500%2C333&#038;ssl=1\" alt=\"\" width=\"500\" height=\"333\" class=\"alignnone wp-image-5956 size-full\" title=\"(Foto: T\u00e2nia R\u00eago\/Ag\u00eancia Brasil\/Arquivo)\" srcset=\"https:\/\/i0.wp.com\/tvnovelas.com.br\/news\/wp-content\/uploads\/2019\/11\/geral689.jpg?w=500&amp;ssl=1 500w, https:\/\/i0.wp.com\/tvnovelas.com.br\/news\/wp-content\/uploads\/2019\/11\/geral689.jpg?resize=300%2C200&amp;ssl=1 300w, https:\/\/i0.wp.com\/tvnovelas.com.br\/news\/wp-content\/uploads\/2019\/11\/geral689.jpg?resize=450%2C300&amp;ssl=1 450w, https:\/\/i0.wp.com\/tvnovelas.com.br\/news\/wp-content\/uploads\/2019\/11\/geral689.jpg?resize=360%2C240&amp;ssl=1 360w\" sizes=\"auto, (max-width: 500px) 100vw, 500px\" \/><\/a><\/p>\n<p>Os 47 aeroportos da Infraero com voos regulares devem receber mais de 1,4 milh\u00e3o de passageiros, entre embarques e desembarques, durante o feriado da Proclama\u00e7\u00e3o da Rep\u00fablica, entre os dias 13 e 18 de novembro.<\/p>\n<p>O n\u00famero \u00e9 4,6% superior em rela\u00e7\u00e3o ao fluxo registrado no mesmo feriado do ano passado, quando foram contabilizados 1,34 milh\u00e3o de viajantes. A movimenta\u00e7\u00e3o de aeronaves tamb\u00e9m deve crescer. S\u00e3o esperadas 11.294 opera\u00e7\u00f5es de pousos e decolagens, 8% a mais que as 10.455 registradas no mesmo per\u00edodo de 2018.<\/p>\n<p>Os dias de maior movimento devem ser quinta (14\/11) e segunda-feira (18\/11). A estimativa leva em conta a oferta de assentos das empresas a\u00e9reas.<\/p>\n<p>Para garantir a seguran\u00e7a e o bem-estar dos viajantes, a Infraero adota uma s\u00e9rie de medidas preventivas em per\u00edodos de maiores movimenta\u00e7\u00f5es em seus terminais. Entre elas, est\u00e3o o refor\u00e7o do quadro de limpeza, intensifica\u00e7\u00e3o do monitoramento de equipamentos como elevadores, bem como das equipes de seguran\u00e7a, opera\u00e7\u00f5es e manuten\u00e7\u00e3o.<\/p>\n","protected":false},"excerpt":{"rendered":"<p>Os 47 aeroportos da Infraero com voos regulares devem receber mais de 1,4 milh\u00e3o de passageiros, entre embarques e desembarques, durante o feriado da Proclama\u00e7\u00e3o da Rep\u00fablica, entre os dias 13 e 18 de novembro. O n\u00famero \u00e9 4,6% superior em rela\u00e7\u00e3o ao fluxo registrado no mesmo feriado do ano passado, quando foram contabilizados 1,34&#8230;<\/p>\n","protected":false},"author":1,"featured_media":5956,"comment_status":"closed","ping_status":"closed","sticky":false,"template":"","format":"standard","meta":{"_monsterinsights_skip_tracking":false,"_monsterinsights_sitenote_active":false,"_monsterinsights_sitenote_note":"","_monsterinsights_sitenote_category":0,"magazine_newspaper_sidebar_layout":"","footnotes":"","jetpack_publicize_message":"","jetpack_publicize_feature_enabled":true,"jetpack_social_post_already_shared":false,"jetpack_social_options":{"image_generator_settings":{"template":"highway","default_image_id":0,"font":"","enabled":false},"version":2}},"categories":[914],"tags":[617,159,225],"class_list":["post-5955","post","type-post","status-publish","format-standard","has-post-thumbnail","hentry","category-transporte-sem-categoria","tag-aeroportos","tag-feriadao","tag-infraero"],"aioseo_notices":[],"jetpack_publicize_connections":[],"jetpack_featured_media_url":"https:\/\/i0.wp.com\/tvnovelas.com.br\/news\/wp-content\/uploads\/2019\/11\/geral689.jpg?fit=500%2C333&ssl=1","jetpack_sharing_enabled":true,"jetpack_likes_enabled":true,"jetpack-related-posts":[],"jetpack_shortlink":"https:\/\/wp.me\/pfB4mB-1y3","_links":{"self":[{"href":"https:\/\/tvnovelas.com.br\/news\/wp-json\/wp\/v2\/posts\/5955","targetHints":{"allow":["GET"]}}],"collection":[{"href":"https:\/\/tvnovelas.com.br\/news\/wp-json\/wp\/v2\/posts"}],"about":[{"href":"https:\/\/tvnovelas.com.br\/news\/wp-json\/wp\/v2\/types\/post"}],"author":[{"embeddable":true,"href":"https:\/\/tvnovelas.com.br\/news\/wp-json\/wp\/v2\/users\/1"}],"replies":[{"embeddable":true,"href":"https:\/\/tvnovelas.com.br\/news\/wp-json\/wp\/v2\/comments?post=5955"}],"version-history":[{"count":1,"href":"https:\/\/tvnovelas.com.br\/news\/wp-json\/wp\/v2\/posts\/5955\/revisions"}],"predecessor-version":[{"id":5957,"href":"https:\/\/tvnovelas.com.br\/news\/wp-json\/wp\/v2\/posts\/5955\/revisions\/5957"}],"wp:featuredmedia":[{"embeddable":true,"href":"https:\/\/tvnovelas.com.br\/news\/wp-json\/wp\/v2\/media\/5956"}],"wp:attachment":[{"href":"https:\/\/tvnovelas.com.br\/news\/wp-json\/wp\/v2\/media?parent=5955"}],"wp:term":[{"taxonomy":"category","embeddable":true,"href":"https:\/\/tvnovelas.com.br\/news\/wp-json\/wp\/v2\/categories?post=5955"},{"taxonomy":"post_tag","embeddable":true,"href":"https:\/\/tvnovelas.com.br\/news\/wp-json\/wp\/v2\/tags?post=5955"}],"curies":[{"name":"wp","href":"https:\/\/api.w.org\/{rel}","templated":true}]}}