{"id":5931,"date":"2019-11-13T09:41:17","date_gmt":"2019-11-13T12:41:17","guid":{"rendered":"https:\/\/tvnovelas.com.br\/news\/mundo\/?p=5931"},"modified":"2019-11-13T09:41:17","modified_gmt":"2019-11-13T12:41:17","slug":"conab-estima-novo-recorde-para-safra-de-graos-2019-2020","status":"publish","type":"post","link":"https:\/\/tvnovelas.com.br\/news\/conab-estima-novo-recorde-para-safra-de-graos-2019-2020\/","title":{"rendered":"Conab estima novo recorde para safra de gr\u00e3os 2019\/2020"},"content":{"rendered":"<p><a href=\"https:\/\/i0.wp.com\/tvnovelas.com.br\/news\/mundo\/wp-content\/uploads\/2019\/09\/geral491.jpg?ssl=1\"><img data-recalc-dims=\"1\" loading=\"lazy\" decoding=\"async\" src=\"https:\/\/i0.wp.com\/tvnovelas.com.br\/news\/mundo\/wp-content\/uploads\/2019\/09\/geral491.jpg?resize=500%2C333&#038;ssl=1\" alt=\"Foto de estocagem de gr\u00e3os\" width=\"500\" height=\"333\" class=\"alignnone size-full wp-image-5041\" srcset=\"https:\/\/i0.wp.com\/tvnovelas.com.br\/news\/wp-content\/uploads\/2019\/09\/geral491.jpg?w=500&amp;ssl=1 500w, https:\/\/i0.wp.com\/tvnovelas.com.br\/news\/wp-content\/uploads\/2019\/09\/geral491.jpg?resize=300%2C200&amp;ssl=1 300w, https:\/\/i0.wp.com\/tvnovelas.com.br\/news\/wp-content\/uploads\/2019\/09\/geral491.jpg?resize=450%2C300&amp;ssl=1 450w, https:\/\/i0.wp.com\/tvnovelas.com.br\/news\/wp-content\/uploads\/2019\/09\/geral491.jpg?resize=360%2C240&amp;ssl=1 360w\" sizes=\"auto, (max-width: 500px) 100vw, 500px\" \/><\/a><br \/>\nA estimativa da safra 2019\/2020 de gr\u00e3os aponta para um novo recorde, com 246,4 milh\u00f5es de toneladas, um aumento de 1,8% ou 4,3 milh\u00f5es de toneladas em compara\u00e7\u00e3o \u00e0 safra 2018\/19. Os n\u00fameros s\u00e3o do 2\u00ba levantamento divulgado nesta quarta-feira (13) pela Companhia Nacional de Abastecimento (Conab). A pesquisa de campo foi realizada no per\u00edodo de 28\/10 a 1\u00ba\/11, com mais de 900 informantes em todo o pa\u00eds.<\/p>\n<p>A inten\u00e7\u00e3o de plantio sinaliza uma varia\u00e7\u00e3o positiva de 1,4% quando comparado \u00e0 \u00e1rea da \u00faltima safra, chegando a 64,1 milh\u00f5es de hectares.<\/p>\n<p>A \u00e1rea a ser semeada com soja aponta para um crescimento de 2,3% em rela\u00e7\u00e3o \u00e0 safra passada. O plantio no Brasil atinge 56% da \u00e1rea. A produ\u00e7\u00e3o est\u00e1 estimada em 120,9 milh\u00f5es de toneladas, mesmo com os problemas clim\u00e1ticos que atrasaram o plantio em Mato Grosso do Sul.<\/p>\n<p>J\u00e1 o milho primeira safra, que nos \u00faltimos levantamentos perdia espa\u00e7o para a soja, mostrou aumento de \u00e1rea e alcan\u00e7ou 4,1 milh\u00f5es de hectares. A produ\u00e7\u00e3o pode chegar a 26,3 milh\u00f5es de toneladas, 2,4% superior a 2018\/19. As condi\u00e7\u00f5es das lavouras no RS e PR est\u00e3o boas. A partir de janeiro, come\u00e7a o plantio da segunda safra do cereal, que representa mais de 70% da produ\u00e7\u00e3o de milho no pa\u00eds.<\/p>\n<p>O algod\u00e3o, cuja janela de plantio come\u00e7a no final deste m\u00eas, mant\u00e9m a proje\u00e7\u00e3o de crescimento tanto em \u00e1rea, alcan\u00e7ando mais de 1,6 milh\u00e3o de hectares, quanto no volume total esperado, podendo chegar a 2,7 milh\u00f5es de toneladas de pluma. O produtor segue apostando na demanda externa pela pluma brasileira. Em outubro, o Brasil exportou o maior volume mensal da hist\u00f3ria: 279 mil t de pluma.<\/p>\n<p>Para o feij\u00e3o primeira safra, a estimativa \u00e9 de redu\u00e7\u00e3o da \u00e1rea, devendo ficar em 917,8 mil hectares. Ainda assim, a perspectiva \u00e9 de produ\u00e7\u00e3o superior \u00e0 safra passada, podendo chegar a mais de 1 milh\u00e3o de toneladas. Com o atraso das chuvas e a op\u00e7\u00e3o por culturas mais rent\u00e1veis, o produtor tamb\u00e9m prefere investir na segunda safra, para garantir uma colheita com maior qualidade.<\/p>\n<p>Outras culturas, como o arroz, deve ter redu\u00e7\u00e3o de 1,8% na \u00e1rea cultivada. Apesar do atraso no plantio, em fun\u00e7\u00e3o do excesso de chuvas no RS e SC, a produ\u00e7\u00e3o dever\u00e1 ser 0,2% maior que a safra passada, chegando a 10,5 milh\u00f5es de toneladas.<\/p>\n<p>O clima, especialmente na Regi\u00e3o Sul, tem prejudicado a finaliza\u00e7\u00e3o da colheita dos cereais de inverno. O trigo, por exemplo, deve apresentar redu\u00e7\u00e3o de 2,8% na produ\u00e7\u00e3o final, alcan\u00e7ando 5,3 milh\u00f5es de toneladas. No entanto, outras culturas como aveia branca, centeio e cevada apontam para aumento no volume produzido em compara\u00e7\u00e3o ao ano anterior.<\/p>\n","protected":false},"excerpt":{"rendered":"<p>A estimativa da safra 2019\/2020 de gr\u00e3os aponta para um novo recorde, com 246,4 milh\u00f5es de toneladas, um aumento de 1,8% ou 4,3 milh\u00f5es de toneladas em compara\u00e7\u00e3o \u00e0 safra 2018\/19. Os n\u00fameros s\u00e3o do 2\u00ba levantamento divulgado nesta quarta-feira (13) pela Companhia Nacional de Abastecimento (Conab). A pesquisa de campo foi realizada no per\u00edodo&#8230;<\/p>\n","protected":false},"author":1,"featured_media":5041,"comment_status":"closed","ping_status":"closed","sticky":false,"template":"","format":"standard","meta":{"_monsterinsights_skip_tracking":false,"_monsterinsights_sitenote_active":false,"_monsterinsights_sitenote_note":"","_monsterinsights_sitenote_category":0,"magazine_newspaper_sidebar_layout":"","footnotes":"","jetpack_publicize_message":"","jetpack_publicize_feature_enabled":true,"jetpack_social_post_already_shared":false,"jetpack_social_options":{"image_generator_settings":{"template":"highway","default_image_id":0,"font":"","enabled":false},"version":2}},"categories":[1],"tags":[499,1528,1529,1530,468,793,181,490,1527],"class_list":["post-5931","post","type-post","status-publish","format-standard","has-post-thumbnail","hentry","category-blog","tag-algodao","tag-arroz-aveia","tag-centeio","tag-cevada","tag-conab","tag-feijao","tag-milho","tag-safra-de-graos","tag-safra-de-graos-2019-2020"],"aioseo_notices":[],"jetpack_publicize_connections":[],"jetpack_featured_media_url":"https:\/\/i0.wp.com\/tvnovelas.com.br\/news\/wp-content\/uploads\/2019\/09\/geral491.jpg?fit=500%2C333&ssl=1","jetpack_sharing_enabled":true,"jetpack_likes_enabled":true,"jetpack-related-posts":[],"jetpack_shortlink":"https:\/\/wp.me\/pfB4mB-1xF","_links":{"self":[{"href":"https:\/\/tvnovelas.com.br\/news\/wp-json\/wp\/v2\/posts\/5931","targetHints":{"allow":["GET"]}}],"collection":[{"href":"https:\/\/tvnovelas.com.br\/news\/wp-json\/wp\/v2\/posts"}],"about":[{"href":"https:\/\/tvnovelas.com.br\/news\/wp-json\/wp\/v2\/types\/post"}],"author":[{"embeddable":true,"href":"https:\/\/tvnovelas.com.br\/news\/wp-json\/wp\/v2\/users\/1"}],"replies":[{"embeddable":true,"href":"https:\/\/tvnovelas.com.br\/news\/wp-json\/wp\/v2\/comments?post=5931"}],"version-history":[{"count":2,"href":"https:\/\/tvnovelas.com.br\/news\/wp-json\/wp\/v2\/posts\/5931\/revisions"}],"predecessor-version":[{"id":5934,"href":"https:\/\/tvnovelas.com.br\/news\/wp-json\/wp\/v2\/posts\/5931\/revisions\/5934"}],"wp:featuredmedia":[{"embeddable":true,"href":"https:\/\/tvnovelas.com.br\/news\/wp-json\/wp\/v2\/media\/5041"}],"wp:attachment":[{"href":"https:\/\/tvnovelas.com.br\/news\/wp-json\/wp\/v2\/media?parent=5931"}],"wp:term":[{"taxonomy":"category","embeddable":true,"href":"https:\/\/tvnovelas.com.br\/news\/wp-json\/wp\/v2\/categories?post=5931"},{"taxonomy":"post_tag","embeddable":true,"href":"https:\/\/tvnovelas.com.br\/news\/wp-json\/wp\/v2\/tags?post=5931"}],"curies":[{"name":"wp","href":"https:\/\/api.w.org\/{rel}","templated":true}]}}