{"id":590,"date":"2017-09-06T13:37:40","date_gmt":"2017-09-06T16:37:40","guid":{"rendered":"https:\/\/tvnovelas.com.br\/news\/mundo\/?p=590"},"modified":"2017-09-06T13:37:59","modified_gmt":"2017-09-06T16:37:59","slug":"feriadao-deve-ser-de-ceu-claro-e-poucas-nuvens","status":"publish","type":"post","link":"https:\/\/tvnovelas.com.br\/news\/feriadao-deve-ser-de-ceu-claro-e-poucas-nuvens\/","title":{"rendered":"Feriad\u00e3o deve ser de c\u00e9u claro e poucas nuvens"},"content":{"rendered":"<p><img data-recalc-dims=\"1\" loading=\"lazy\" decoding=\"async\" class=\"alignnone size-full wp-image-54\" src=\"https:\/\/i0.wp.com\/tvnovelas.com.br\/news\/mundo\/wp-content\/uploads\/2017\/04\/ultimas1203201701_tempo.jpg?resize=350%2C233&#038;ssl=1\" alt=\"\" width=\"350\" height=\"233\" srcset=\"https:\/\/i0.wp.com\/tvnovelas.com.br\/news\/wp-content\/uploads\/2017\/04\/ultimas1203201701_tempo.jpg?w=350&amp;ssl=1 350w, https:\/\/i0.wp.com\/tvnovelas.com.br\/news\/wp-content\/uploads\/2017\/04\/ultimas1203201701_tempo.jpg?resize=300%2C200&amp;ssl=1 300w, https:\/\/i0.wp.com\/tvnovelas.com.br\/news\/wp-content\/uploads\/2017\/04\/ultimas1203201701_tempo.jpg?resize=150%2C100&amp;ssl=1 150w\" sizes=\"auto, (max-width: 350px) 100vw, 350px\" \/><br \/>\nSegundo Arthur Chaves de Paiva Neto, meteorologista da Cemig, entre os dias 7 e 10 setembro, uma massa de ar seco atuar\u00e1 em grande parte da regi\u00e3o Sudeste. Dessa forma, n\u00e3o h\u00e1 previs\u00e3o de chuvas para o feriado em Minas Gerais.<br \/>\nNa Regi\u00e3o Metropolitana de Belo Horizonte (RMBH), a previs\u00e3o \u00e9 de c\u00e9u claro e poucas nuvens.<br \/>\nDurante o feriado prolongado, as temperaturas se elevam, podendo chegar a 30\u00b0 no domingo (10\/9).\u00a0 A umidade do ar continua baixa em todo estado, com m\u00ednimas abaixo de 25% na quinta e sexta-feira e pr\u00f3xima dos 20% no fim de semana.<\/p>\n<p>Interior e litoral<br \/>\nNo interior do estado, a previs\u00e3o \u00e9 de c\u00e9u claro, podendo variar de c\u00e9u claro a parcialmente nublado, sem chuvas. Apenas nos vales do Rio Doce, Jequitinhonha e Mucuri h\u00e1 presen\u00e7a de nebulosidade significativa. Nas demais regi\u00f5es, a umidade ficar\u00e1 abaixo de 25%, com destaque para o Tri\u00e2ngulo, que pode apresentar valores abaixo de 13%. As temperaturas m\u00e1ximas ficar\u00e3o acima dos 33\u00b0 C no Tri\u00e2ngulo e ligeiramente abaixo desse valor no Noroeste e Norte de Minas. As temperaturas m\u00ednimas continuar\u00e3o baixas, mas j\u00e1 em eleva\u00e7\u00e3o, com destaque para o Sul de Minas, que deve apresentar valores abaixo de 10\u00b0C ao longo do feriado.<br \/>\nNos litorais do Esp\u00edrito Santo, Rio de Janeiro e S\u00e3o Paulo, n\u00e3o h\u00e1 previs\u00e3o de chuvas, enquanto que, no litoral sul da Bahia, h\u00e1 previs\u00e3o de chuvas isoladas no fim de semana. As temperaturas ficar\u00e3o com m\u00e1ximas em torno dos 29\u00b0C no litoral do sul da Bahia, do Esp\u00edrito Santo e de S\u00e3o Paulo e acima dos 32\u00b0C no litoral carioca.<\/p>\n<h3>Coment\u00e1rio<\/h3>\n<div class=\"fb-comments\" data-href=\"https:\/\/tvnovelas.com.br\/news\/mundo\/noticias\/590\" data-width=\"100%\" data-numposts=\"10\"><\/div>\n","protected":false},"excerpt":{"rendered":"<p>Segundo Arthur Chaves de Paiva Neto, meteorologista da Cemig, entre os dias 7 e 10 setembro, uma massa de ar seco atuar\u00e1 em grande parte da regi\u00e3o Sudeste. Dessa forma, n\u00e3o h\u00e1 previs\u00e3o de chuvas para o feriado em Minas Gerais. Na Regi\u00e3o Metropolitana de Belo Horizonte (RMBH), a previs\u00e3o \u00e9 de c\u00e9u claro e&#8230;<\/p>\n","protected":false},"author":1,"featured_media":0,"comment_status":"closed","ping_status":"closed","sticky":false,"template":"","format":"standard","meta":{"_monsterinsights_skip_tracking":false,"_monsterinsights_sitenote_active":false,"_monsterinsights_sitenote_note":"","_monsterinsights_sitenote_category":0,"magazine_newspaper_sidebar_layout":"","footnotes":"","jetpack_publicize_message":"","jetpack_publicize_feature_enabled":true,"jetpack_social_post_already_shared":false,"jetpack_social_options":{"image_generator_settings":{"template":"highway","default_image_id":0,"font":"","enabled":false},"version":2}},"categories":[1],"tags":[16],"class_list":["post-590","post","type-post","status-publish","format-standard","hentry","category-blog","tag-geral"],"aioseo_notices":[],"jetpack_publicize_connections":[],"jetpack_featured_media_url":"","jetpack_sharing_enabled":true,"jetpack_likes_enabled":true,"jetpack-related-posts":[],"jetpack_shortlink":"https:\/\/wp.me\/pfB4mB-9w","_links":{"self":[{"href":"https:\/\/tvnovelas.com.br\/news\/wp-json\/wp\/v2\/posts\/590","targetHints":{"allow":["GET"]}}],"collection":[{"href":"https:\/\/tvnovelas.com.br\/news\/wp-json\/wp\/v2\/posts"}],"about":[{"href":"https:\/\/tvnovelas.com.br\/news\/wp-json\/wp\/v2\/types\/post"}],"author":[{"embeddable":true,"href":"https:\/\/tvnovelas.com.br\/news\/wp-json\/wp\/v2\/users\/1"}],"replies":[{"embeddable":true,"href":"https:\/\/tvnovelas.com.br\/news\/wp-json\/wp\/v2\/comments?post=590"}],"version-history":[{"count":2,"href":"https:\/\/tvnovelas.com.br\/news\/wp-json\/wp\/v2\/posts\/590\/revisions"}],"predecessor-version":[{"id":592,"href":"https:\/\/tvnovelas.com.br\/news\/wp-json\/wp\/v2\/posts\/590\/revisions\/592"}],"wp:attachment":[{"href":"https:\/\/tvnovelas.com.br\/news\/wp-json\/wp\/v2\/media?parent=590"}],"wp:term":[{"taxonomy":"category","embeddable":true,"href":"https:\/\/tvnovelas.com.br\/news\/wp-json\/wp\/v2\/categories?post=590"},{"taxonomy":"post_tag","embeddable":true,"href":"https:\/\/tvnovelas.com.br\/news\/wp-json\/wp\/v2\/tags?post=590"}],"curies":[{"name":"wp","href":"https:\/\/api.w.org\/{rel}","templated":true}]}}