{"id":5893,"date":"2019-11-11T10:01:27","date_gmt":"2019-11-11T13:01:27","guid":{"rendered":"https:\/\/tvnovelas.com.br\/news\/mundo\/?p=5893"},"modified":"2019-11-11T10:01:27","modified_gmt":"2019-11-11T13:01:27","slug":"sao-miguel-das-missoes-rs-recebe-ministros-da-cultura-do-mercosul","status":"publish","type":"post","link":"https:\/\/tvnovelas.com.br\/news\/sao-miguel-das-missoes-rs-recebe-ministros-da-cultura-do-mercosul\/","title":{"rendered":"S\u00e3o Miguel das Miss\u00f5es (RS) recebe ministros da cultura do Mercosul"},"content":{"rendered":"<p><a href=\"https:\/\/i0.wp.com\/tvnovelas.com.br\/news\/mundo\/wp-content\/uploads\/2019\/11\/geral675.jpg?ssl=1\"><img data-recalc-dims=\"1\" loading=\"lazy\" decoding=\"async\" src=\"https:\/\/i0.wp.com\/tvnovelas.com.br\/news\/mundo\/wp-content\/uploads\/2019\/11\/geral675.jpg?resize=500%2C331&#038;ssl=1\" alt=\"\" width=\"500\" height=\"331\" class=\"alignnone size-full wp-image-5894\" srcset=\"https:\/\/i0.wp.com\/tvnovelas.com.br\/news\/wp-content\/uploads\/2019\/11\/geral675.jpg?w=500&amp;ssl=1 500w, https:\/\/i0.wp.com\/tvnovelas.com.br\/news\/wp-content\/uploads\/2019\/11\/geral675.jpg?resize=300%2C199&amp;ssl=1 300w\" sizes=\"auto, (max-width: 500px) 100vw, 500px\" \/><\/a><\/p>\n<p>S\u00e3o Miguel das Miss\u00f5es, no Rio Grande do Sul, recebe hje (11) ministros da Cultura do Mercosul, bloco formado por Brasil, Bol\u00edvia, Paraguai, Uruguai e Argentina. A comitiva internacional est\u00e1 no Brasil em raz\u00e3o da 46\u00aa Reuni\u00e3o de Ministros de Cultura do Mercosul, que ser\u00e1 realizada ter\u00e7a-feira (12), em Porto Alegre.<\/p>\n<p>Em Miss\u00f5es, ser\u00e3o realizadas a cerim\u00f4nia de certifica\u00e7\u00e3o das Miss\u00f5es Jesu\u00edticas Guaranis, Moxos e Chiquitos como Patrim\u00f4nio Cultural do Mercosul, o lan\u00e7amento do Dossi\u00ea da Tava e a abertura da Exposi\u00e7\u00e3o 7 Povos: Retratos de um Territ\u00f3rio. O evento \u00e9 promovido pelo Minist\u00e9rio da Cidadania, por meio do Instituto do Patrim\u00f4nio Hist\u00f3rico e Art\u00edstico Nacional (Iphan).<\/p>\n<p>A entrega do certificado \u00e9 a oficializa\u00e7\u00e3o da regi\u00e3o das Miss\u00f5es como Patrim\u00f4nio Cultural do Mercosul. O local \u00e9 um expressivo representante da cultura e identidade do Rio Grande do Sul. H\u00e1 mais de 80 anos o Iphan atua na regi\u00e3o com uma s\u00e9rie de a\u00e7\u00f5es que se iniciam com o tombamento do S\u00edtio Hist\u00f3rico de S\u00e3o Miguel Arcanjo, ainda em 1938.<\/p>\n<p>A regi\u00e3o missioneira \u00e9 uma das localidades que integram a\u00e7\u00f5es do Governo Federal com foco no desenvolvimento e melhoria da qualidade das cidades hist\u00f3ricas brasileiras, por meio de seu Patrim\u00f4nio Cultural. Em fevereiro deste ano, foi autorizado in\u00edcio das obras de requalifica\u00e7\u00e3o urban\u00edstica do entorno do s\u00edtio.<\/p>\n<p>O ministro Osmar Terra afirma que a iniciativa ser\u00e1 um grande propulsor do turismo religioso e cultural. \u201cVamos transformar essa regi\u00e3o num atrativo tur\u00edstico, com mais infraestrutura para receber visitantes de v\u00e1rios pa\u00edses\u201d, destaca Terra.<\/p>\n<p>Entre as melhorias previstas, est\u00e3o um novo pavimento de pedra, ciclovias com pavimento r\u00edgido, cal\u00e7adas com pavimento em concreto e telas de a\u00e7o, acessibilidade, trilhas, paisagismo e a requalifica\u00e7\u00e3o de tr\u00eas pra\u00e7as. A melhoria da infraestrutura urbana do entorno do s\u00edtio tombado ir\u00e1, consequentemente, melhorar as condi\u00e7\u00f5es de habitabilidade, drenagem e tr\u00e1fego.<\/p>\n<p>J\u00e1 o Dossi\u00ea da Tava re\u00fane os estudos que levaram este bem ao reconhecimento do Mercosul. A Tava \u00e9 um lugar de refer\u00eancia para a mem\u00f3ria e a identidade do povo Guarani. Constru\u00edda e habitada por seus ancestrais a pedido de sua divindade, Nhanderu, o lugar sagrado foi registrado pelo Iphan como Patrim\u00f4nio Cultural do Brasil e, no ano passado, tamb\u00e9m reconhecido como Patrim\u00f4nio Cultural do Mercosul.<\/p>\n<p>O reconhecimento foi anunciado no XVII Encontro da Comiss\u00e3o do Patrim\u00f4nio Cultural do Mercosul, realizado em outubro de 2018 no Uruguai, e agora ser\u00e1 entregue o dossi\u00ea com os estudos que levaram a Tava ao t\u00edtulo. A titula\u00e7\u00e3o significa o reconhecimento da presen\u00e7a ancestral deste povo no territ\u00f3rio Yvy Rup\u00e1, organizado em uma grande rede \u00e9tnica, formada por aldeias, caminhos e locais sagrados que hoje integram o Brasil, a Argentina e o Paraguai.<\/p>\n","protected":false},"excerpt":{"rendered":"<p>S\u00e3o Miguel das Miss\u00f5es, no Rio Grande do Sul, recebe hje (11) ministros da Cultura do Mercosul, bloco formado por Brasil, Bol\u00edvia, Paraguai, Uruguai e Argentina. A comitiva internacional est\u00e1 no Brasil em raz\u00e3o da 46\u00aa Reuni\u00e3o de Ministros de Cultura do Mercosul, que ser\u00e1 realizada ter\u00e7a-feira (12), em Porto Alegre. Em Miss\u00f5es, ser\u00e3o realizadas&#8230;<\/p>\n","protected":false},"author":1,"featured_media":5894,"comment_status":"closed","ping_status":"closed","sticky":false,"template":"","format":"standard","meta":{"_monsterinsights_skip_tracking":false,"_monsterinsights_sitenote_active":false,"_monsterinsights_sitenote_note":"","_monsterinsights_sitenote_category":0,"magazine_newspaper_sidebar_layout":"","footnotes":"","jetpack_publicize_message":"","jetpack_publicize_feature_enabled":true,"jetpack_social_post_already_shared":false,"jetpack_social_options":{"image_generator_settings":{"template":"highway","default_image_id":0,"font":"","enabled":false},"version":2}},"categories":[213],"tags":[237,542,1505,1506,1507],"class_list":["post-5893","post","type-post","status-publish","format-standard","has-post-thumbnail","hentry","category-cultura","tag-mercosul","tag-patrimonio-cultural","tag-sao-miguel-das-missoes-rs","tag-turismo-cultural","tag-turismo-religioso"],"aioseo_notices":[],"jetpack_publicize_connections":[],"jetpack_featured_media_url":"https:\/\/i0.wp.com\/tvnovelas.com.br\/news\/wp-content\/uploads\/2019\/11\/geral675.jpg?fit=500%2C331&ssl=1","jetpack_sharing_enabled":true,"jetpack_likes_enabled":true,"jetpack-related-posts":[],"jetpack_shortlink":"https:\/\/wp.me\/pfB4mB-1x3","_links":{"self":[{"href":"https:\/\/tvnovelas.com.br\/news\/wp-json\/wp\/v2\/posts\/5893","targetHints":{"allow":["GET"]}}],"collection":[{"href":"https:\/\/tvnovelas.com.br\/news\/wp-json\/wp\/v2\/posts"}],"about":[{"href":"https:\/\/tvnovelas.com.br\/news\/wp-json\/wp\/v2\/types\/post"}],"author":[{"embeddable":true,"href":"https:\/\/tvnovelas.com.br\/news\/wp-json\/wp\/v2\/users\/1"}],"replies":[{"embeddable":true,"href":"https:\/\/tvnovelas.com.br\/news\/wp-json\/wp\/v2\/comments?post=5893"}],"version-history":[{"count":1,"href":"https:\/\/tvnovelas.com.br\/news\/wp-json\/wp\/v2\/posts\/5893\/revisions"}],"predecessor-version":[{"id":5895,"href":"https:\/\/tvnovelas.com.br\/news\/wp-json\/wp\/v2\/posts\/5893\/revisions\/5895"}],"wp:featuredmedia":[{"embeddable":true,"href":"https:\/\/tvnovelas.com.br\/news\/wp-json\/wp\/v2\/media\/5894"}],"wp:attachment":[{"href":"https:\/\/tvnovelas.com.br\/news\/wp-json\/wp\/v2\/media?parent=5893"}],"wp:term":[{"taxonomy":"category","embeddable":true,"href":"https:\/\/tvnovelas.com.br\/news\/wp-json\/wp\/v2\/categories?post=5893"},{"taxonomy":"post_tag","embeddable":true,"href":"https:\/\/tvnovelas.com.br\/news\/wp-json\/wp\/v2\/tags?post=5893"}],"curies":[{"name":"wp","href":"https:\/\/api.w.org\/{rel}","templated":true}]}}