{"id":5882,"date":"2019-11-09T15:37:25","date_gmt":"2019-11-09T18:37:25","guid":{"rendered":"https:\/\/tvnovelas.com.br\/news\/mundo\/?p=5882"},"modified":"2019-11-09T16:18:55","modified_gmt":"2019-11-09T19:18:55","slug":"pf-apreende-celulares-de-aplicadoras-do-enem-em-fortaleza-ce","status":"publish","type":"post","link":"https:\/\/tvnovelas.com.br\/news\/pf-apreende-celulares-de-aplicadoras-do-enem-em-fortaleza-ce\/","title":{"rendered":"PF apreende celulares de aplicadoras do Enem em Fortaleza (CE)"},"content":{"rendered":"<h2 style=\"text-align: center;\">Suspeitas podem pegar at\u00e9 cinco anos de pris\u00e3o e ter que pagar multa<\/h2>\n<p>A Pol\u00edcia Federal (PF) esteve neste s\u00e1bado, 9 de novembro, em casas de duas aplicadoras do Exame Nacional do Ensino M\u00e9dio (Enem) 2019 para cumprir dois mandados de busca e apreens\u00e3o. Os agentes apreenderam os celulares das suspeitas. O caso ocorreu em Fortaleza (CE)<\/p>\n<p>As buscas fazem parte da Opera\u00e7\u00e3o Thoth, assim nomeada em homenagem ao deus eg\u00edpcio da escrita e da sabedoria. O objetivo da PF \u00e9 recolher elementos probat\u00f3rios que esclare\u00e7am irregularidades cometidas durante a aplica\u00e7\u00e3o de provas no primeiro dia de Enem, 3 de novembro.<\/p>\n<p>As investiga\u00e7\u00f5es continuam para apurar todas as circunst\u00e2ncias dos fatos.<\/p>\n<p>As duas suspeitas poder\u00e3o ser indiciadas pelo crime de Fraude em Certames de Interesse P\u00fablico, Art. 311-A, III do C\u00f3digo Penal Brasileiro e, caso condenadas, estar\u00e3o sujeitas a penas que podem chegar, considerada ainda a causa de aumento de pena do par\u00e1grafo 3\u00ba, a mais de cinco anos de reclus\u00e3o, al\u00e9m de multa.<\/p>\n<p>O Minist\u00e9rio da Educa\u00e7\u00e3o informou que o trabalho da pol\u00edcia recebeu a coopera\u00e7\u00e3o do Instituto Nacional de Estudos e Pesquisas Educacionais An\u00edsio Teixeira (Inep), vinculado ao Minist\u00e9rio da Educa\u00e7\u00e3o (MEC) e respons\u00e1vel pela aplica\u00e7\u00e3o do Enem. O Inep ajudou na identifica\u00e7\u00e3o das aplicadoras. A PF segue a investigar, com o apoio do Inep, outros casos relatados no Rio de Janeiro e na Bahia.<br \/>\n<em>*Com informa\u00e7\u00f5es do MEC e Pol\u00edcia Federal<\/em><\/p>\n","protected":false},"excerpt":{"rendered":"<p>Suspeitas podem pegar at\u00e9 cinco anos de pris\u00e3o e ter que pagar multa A Pol\u00edcia Federal (PF) esteve neste s\u00e1bado, 9 de novembro, em casas de duas aplicadoras do Exame Nacional do Ensino M\u00e9dio (Enem) 2019 para cumprir dois mandados de busca e apreens\u00e3o. Os agentes apreenderam os celulares das suspeitas. O caso ocorreu em&#8230;<\/p>\n","protected":false},"author":1,"featured_media":0,"comment_status":"closed","ping_status":"closed","sticky":false,"template":"","format":"standard","meta":{"_monsterinsights_skip_tracking":false,"_monsterinsights_sitenote_active":false,"_monsterinsights_sitenote_note":"","_monsterinsights_sitenote_category":0,"magazine_newspaper_sidebar_layout":"","footnotes":"","jetpack_publicize_message":"","jetpack_publicize_feature_enabled":true,"jetpack_social_post_already_shared":false,"jetpack_social_options":{"image_generator_settings":{"template":"highway","default_image_id":0,"font":"","enabled":false},"version":2}},"categories":[1],"tags":[1499,27,379,850],"class_list":["post-5882","post","type-post","status-publish","format-standard","hentry","category-blog","tag-aplicaodras-do-enem","tag-enem","tag-inep","tag-policia-federal"],"aioseo_notices":[],"jetpack_publicize_connections":[],"jetpack_featured_media_url":"","jetpack_sharing_enabled":true,"jetpack_likes_enabled":true,"jetpack-related-posts":[],"jetpack_shortlink":"https:\/\/wp.me\/pfB4mB-1wS","_links":{"self":[{"href":"https:\/\/tvnovelas.com.br\/news\/wp-json\/wp\/v2\/posts\/5882","targetHints":{"allow":["GET"]}}],"collection":[{"href":"https:\/\/tvnovelas.com.br\/news\/wp-json\/wp\/v2\/posts"}],"about":[{"href":"https:\/\/tvnovelas.com.br\/news\/wp-json\/wp\/v2\/types\/post"}],"author":[{"embeddable":true,"href":"https:\/\/tvnovelas.com.br\/news\/wp-json\/wp\/v2\/users\/1"}],"replies":[{"embeddable":true,"href":"https:\/\/tvnovelas.com.br\/news\/wp-json\/wp\/v2\/comments?post=5882"}],"version-history":[{"count":1,"href":"https:\/\/tvnovelas.com.br\/news\/wp-json\/wp\/v2\/posts\/5882\/revisions"}],"predecessor-version":[{"id":5883,"href":"https:\/\/tvnovelas.com.br\/news\/wp-json\/wp\/v2\/posts\/5882\/revisions\/5883"}],"wp:attachment":[{"href":"https:\/\/tvnovelas.com.br\/news\/wp-json\/wp\/v2\/media?parent=5882"}],"wp:term":[{"taxonomy":"category","embeddable":true,"href":"https:\/\/tvnovelas.com.br\/news\/wp-json\/wp\/v2\/categories?post=5882"},{"taxonomy":"post_tag","embeddable":true,"href":"https:\/\/tvnovelas.com.br\/news\/wp-json\/wp\/v2\/tags?post=5882"}],"curies":[{"name":"wp","href":"https:\/\/api.w.org\/{rel}","templated":true}]}}