{"id":5859,"date":"2019-11-08T17:43:27","date_gmt":"2019-11-08T20:43:27","guid":{"rendered":"https:\/\/tvnovelas.com.br\/news\/mundo\/?p=5859"},"modified":"2019-11-08T17:43:27","modified_gmt":"2019-11-08T20:43:27","slug":"julgamento-da-apelacao-criminal-do-ex-presidente-lula-sera-dia-27","status":"publish","type":"post","link":"https:\/\/tvnovelas.com.br\/news\/julgamento-da-apelacao-criminal-do-ex-presidente-lula-sera-dia-27\/","title":{"rendered":"Julgamento da apela\u00e7\u00e3o criminal do ex-presidente Lula ser\u00e1 dia 27"},"content":{"rendered":"<p><a href=\"https:\/\/i0.wp.com\/tvnovelas.com.br\/news\/mundo\/wp-content\/uploads\/2019\/11\/geral665.jpg?ssl=1\"><img data-recalc-dims=\"1\" loading=\"lazy\" decoding=\"async\" src=\"https:\/\/i0.wp.com\/tvnovelas.com.br\/news\/mundo\/wp-content\/uploads\/2019\/11\/geral665.jpg?resize=500%2C331&#038;ssl=1\" alt=\"Foto do pr\u00e9dio da JFPR\" width=\"500\" height=\"331\" class=\"alignnone wp-image-5861 size-full\" title=\"(Foto: Reprodu\u00e7\u00e3o\/JFPR)\" srcset=\"https:\/\/i0.wp.com\/tvnovelas.com.br\/news\/wp-content\/uploads\/2019\/11\/geral665.jpg?w=500&amp;ssl=1 500w, https:\/\/i0.wp.com\/tvnovelas.com.br\/news\/wp-content\/uploads\/2019\/11\/geral665.jpg?resize=300%2C199&amp;ssl=1 300w\" sizes=\"auto, (max-width: 500px) 100vw, 500px\" \/><\/a><br \/>\nO Tribunal Regional Federal da 4\u00aa Regi\u00e3o (TRF4) marcou para 27\/11 o julgamento da apela\u00e7\u00e3o criminal do processo do ex-presidente Luiz In\u00e1cio Lula da Silva relativo ao S\u00edtio de Atibaia (5021365-32.2017.4.04.7000). A sess\u00e3o come\u00e7ar\u00e1 \u00e0s 9h. A 8\u00aa Turma julgar\u00e1 primeiramente a Quest\u00e3o de Ordem para decidir se a a\u00e7\u00e3o deve ou n\u00e3o voltar para a fase das alega\u00e7\u00f5es finais com a anula\u00e7\u00e3o da senten\u00e7a da 13\u00aa Vara Federal de Curitiba. Caso o tr\u00e2mite do processo seja mantido, a turma avan\u00e7a para a an\u00e1lise do m\u00e9rito.<\/p>\n<p>Na apela\u00e7\u00e3o, a defesa de Lula requer a absolvi\u00e7\u00e3o do ex-presidente, alegando inexist\u00eancia e aus\u00eancia de provas dos fatos imputados. Caso confirmada a condena\u00e7\u00e3o, os advogados requerem que seja reconhecida a prescri\u00e7\u00e3o em rela\u00e7\u00e3o aos atos de corrup\u00e7\u00e3o, com conseq\u00fcente absolvi\u00e7\u00e3o dos atos de lavagem, e o afastamento do dano m\u00ednimo (repara\u00e7\u00e3o) por aus\u00eancia de provas do preju\u00edzo sofrido pela Petrobras.<\/p>\n<p>O Minist\u00e9rio P\u00fablico Federal (MPF) tamb\u00e9m apelou requerendo o aumento da pena com o reconhecimento de mais sete crimes de corrup\u00e7\u00e3o passiva referentes a contratos assinados entre a OAS e a Petrobras e entre a Odebrecht e a Petrobras, nos quais teriam sido pagas vantagens indevidas. O MPF tamb\u00e9m pediu a condena\u00e7\u00e3o por corrup\u00e7\u00e3o passiva resultante de repasse de Bumlai para a reforma do s\u00edtio e por mais 44 crimes de lavagem de dinheiro referentes \u00e0s benfeitorias no s\u00edtio.<\/p>\n<p>O processo foi liberado dia 5 de novembro pelo revisor, desembargador federal Leandro Paulsen, para a defini\u00e7\u00e3o da data do julgamento pelo tribunal.<\/p>\n<p><strong>Condena\u00e7\u00e3o em primeira inst\u00e2ncia<\/strong><\/p>\n<p>O ex-presidente Luiz In\u00e1cio Lula da Silva teve a segunda condena\u00e7\u00e3o nos autos da Opera\u00e7\u00e3o Lava Jato proferida no dia 6 de fevereiro deste ano. Ele foi condenado pelos crimes de corrup\u00e7\u00e3o ativa e passiva e lavagem de dinheiro a 12 anos e 11 meses de reclus\u00e3o e 212 dias-multa no valor de dois sal\u00e1rios m\u00ednimos cada dia-multa.<\/p>\n<p>A corrup\u00e7\u00e3o ativa \u00e9 referente ao pagamento de propinas da empreiteira Odebrecht para o Partido dos Trabalhadores para garantir quatro contratos com a Petrobras no valor de R$ 85,4 milh\u00f5es. O crime de corrup\u00e7\u00e3o passiva seria o recebimento de R$ 700 mil em vantagens indevidas da Odebrecht, e R$ 170 mil da empreiteira OAS, que teriam sido utilizadas nas reformas do S\u00edtio de Atibaia, configurando a lavagem de dinheiro.<\/p>\n<p>A a\u00e7\u00e3o chegou ao TRF4 em 15\/05\/2019. A defesa e o Minist\u00e9rio P\u00fablico Federal recorreram.<\/p>\n<p>Outros r\u00e9us<strong><\/strong><\/p>\n<p>Al\u00e9m do ex-presidente Lula, tamb\u00e9m apelam no mesmo processo o presidente do Conselho de Administra\u00e7\u00e3o da Odebrecht, Em\u00edlio Alves Odebrecht, o ex-funcion\u00e1rio da Odebrecht Emyr Diniz Costa J\u00fanior, o ex-executivo da Odebrecht Carlos Armando Guedes Paschoal o ex-presidente da OAS, Jos\u00e9 Aldem\u00e1rio Filho, o ex-diretor da OAS Paulo Roberto Valente Gordilho, o empres\u00e1rio Fernando Bittar, o pecuarista Jos\u00e9 Carlos Bumlai, e o advogado Roberto Teixeira.<\/p>\n<p>O MPF tamb\u00e9m recorreu requerendo o aumento das penas dos apelantes e a condena\u00e7\u00e3o do ex-diretor da OAS Agenor Franklin Magalh\u00e3es Medeiros e do ex-assessor de Lula Rog\u00e9rio Aur\u00e9lio Pimentel.<\/p>\n","protected":false},"excerpt":{"rendered":"<p>O Tribunal Regional Federal da 4\u00aa Regi\u00e3o (TRF4) marcou para 27\/11 o julgamento da apela\u00e7\u00e3o criminal do processo do ex-presidente Luiz In\u00e1cio Lula da Silva relativo ao S\u00edtio de Atibaia (5021365-32.2017.4.04.7000). A sess\u00e3o come\u00e7ar\u00e1 \u00e0s 9h. A 8\u00aa Turma julgar\u00e1 primeiramente a Quest\u00e3o de Ordem para decidir se a a\u00e7\u00e3o deve ou n\u00e3o voltar para&#8230;<\/p>\n","protected":false},"author":1,"featured_media":5861,"comment_status":"closed","ping_status":"closed","sticky":false,"template":"","format":"standard","meta":{"_monsterinsights_skip_tracking":false,"_monsterinsights_sitenote_active":false,"_monsterinsights_sitenote_note":"","_monsterinsights_sitenote_category":0,"magazine_newspaper_sidebar_layout":"","footnotes":"","jetpack_publicize_message":"","jetpack_publicize_feature_enabled":true,"jetpack_social_post_already_shared":false,"jetpack_social_options":{"image_generator_settings":{"template":"highway","default_image_id":0,"font":"","enabled":false},"version":2}},"categories":[68],"tags":[1478,1477,1481,205,1480,1479],"class_list":["post-5859","post","type-post","status-publish","format-standard","has-post-thumbnail","hentry","category-justica","tag-apelacao-criminal","tag-ex-presidente-lula","tag-julgamento","tag-lula","tag-sitio-de-atibaia","tag-trf4"],"aioseo_notices":[],"jetpack_publicize_connections":[],"jetpack_featured_media_url":"https:\/\/i0.wp.com\/tvnovelas.com.br\/news\/wp-content\/uploads\/2019\/11\/geral665.jpg?fit=500%2C331&ssl=1","jetpack_sharing_enabled":true,"jetpack_likes_enabled":true,"jetpack-related-posts":[],"jetpack_shortlink":"https:\/\/wp.me\/pfB4mB-1wv","_links":{"self":[{"href":"https:\/\/tvnovelas.com.br\/news\/wp-json\/wp\/v2\/posts\/5859","targetHints":{"allow":["GET"]}}],"collection":[{"href":"https:\/\/tvnovelas.com.br\/news\/wp-json\/wp\/v2\/posts"}],"about":[{"href":"https:\/\/tvnovelas.com.br\/news\/wp-json\/wp\/v2\/types\/post"}],"author":[{"embeddable":true,"href":"https:\/\/tvnovelas.com.br\/news\/wp-json\/wp\/v2\/users\/1"}],"replies":[{"embeddable":true,"href":"https:\/\/tvnovelas.com.br\/news\/wp-json\/wp\/v2\/comments?post=5859"}],"version-history":[{"count":2,"href":"https:\/\/tvnovelas.com.br\/news\/wp-json\/wp\/v2\/posts\/5859\/revisions"}],"predecessor-version":[{"id":5863,"href":"https:\/\/tvnovelas.com.br\/news\/wp-json\/wp\/v2\/posts\/5859\/revisions\/5863"}],"wp:featuredmedia":[{"embeddable":true,"href":"https:\/\/tvnovelas.com.br\/news\/wp-json\/wp\/v2\/media\/5861"}],"wp:attachment":[{"href":"https:\/\/tvnovelas.com.br\/news\/wp-json\/wp\/v2\/media?parent=5859"}],"wp:term":[{"taxonomy":"category","embeddable":true,"href":"https:\/\/tvnovelas.com.br\/news\/wp-json\/wp\/v2\/categories?post=5859"},{"taxonomy":"post_tag","embeddable":true,"href":"https:\/\/tvnovelas.com.br\/news\/wp-json\/wp\/v2\/tags?post=5859"}],"curies":[{"name":"wp","href":"https:\/\/api.w.org\/{rel}","templated":true}]}}