{"id":5789,"date":"2019-11-05T10:07:27","date_gmt":"2019-11-05T13:07:27","guid":{"rendered":"https:\/\/tvnovelas.com.br\/news\/mundo\/?p=5789"},"modified":"2019-11-05T10:07:27","modified_gmt":"2019-11-05T13:07:27","slug":"estreia-sexta-a-2a-t-de-impuros-no-fox-premium","status":"publish","type":"post","link":"https:\/\/tvnovelas.com.br\/news\/estreia-sexta-a-2a-t-de-impuros-no-fox-premium\/","title":{"rendered":"Estreia sexta a 2\u00aa T de Impuros no Fox Premium"},"content":{"rendered":"<p><a href=\"https:\/\/i0.wp.com\/tvnovelas.com.br\/news\/mundo\/wp-content\/uploads\/2019\/11\/geral655.jpg?ssl=1\"><img data-recalc-dims=\"1\" loading=\"lazy\" decoding=\"async\" src=\"https:\/\/i0.wp.com\/tvnovelas.com.br\/news\/mundo\/wp-content\/uploads\/2019\/11\/geral655.jpg?resize=600%2C320&#038;ssl=1\" alt=\"Foto de cena\" width=\"600\" height=\"320\" class=\"alignnone wp-image-5790 size-full\" title=\"(Foto: Fox Premium\/Divulga\u00e7\u00e3o)\" srcset=\"https:\/\/i0.wp.com\/tvnovelas.com.br\/news\/wp-content\/uploads\/2019\/11\/geral655.jpg?w=600&amp;ssl=1 600w, https:\/\/i0.wp.com\/tvnovelas.com.br\/news\/wp-content\/uploads\/2019\/11\/geral655.jpg?resize=300%2C160&amp;ssl=1 300w\" sizes=\"auto, (max-width: 600px) 100vw, 600px\" \/><\/a><\/p>\n<p>Baseada em fatos reais dos anos 90, a fic\u00e7\u00e3o dram\u00e1tica conta a hist\u00f3ria da ascens\u00e3o do narcotr\u00e1fico no Rio de Janeiro, al\u00e9m de retratar a guerra entre traficantes e policiais, apresentando um olhar para as fam\u00edlias que perdem seus filhos no mundo das drogas e viol\u00eancia.<br \/>\nEstreia no dia 8 de novembro, com um epis\u00f3dio exclusivo \u00e0s sextas-feitas, sempre \u00e0s 22h30, no Fox Premium 2. Todos os epis\u00f3dios estar\u00e3o dispon\u00edveis a partir do dia 8 de novembro para os assinantes do Fox Premium no Fox App.<\/p>\n<p>O Fox Premium 2 lan\u00e7a nesta sexta-feira, dia 8 de novembro, \u00e0s 22h30 a segunda temporada de Impuros, produ\u00e7\u00e3o original brasileira que mostra os dois lados da guerra do tr\u00e1fico, onde todos os personagens s\u00e3o her\u00f3is e vil\u00f5es dentro de suas realidades. Gravada no Rio de Janeiro e Montevid\u00e9u, Impuros n\u00e3o \u00e9 somente uma hist\u00f3ria de crimes e tr\u00e1fico de drogas, mas uma s\u00e9rie que recorre \u00e0s rela\u00e7\u00f5es humanas e aos dramas universais que as atravessam.<\/p>\n<p>Baseada em fatos reais do contexto social, pol\u00edtico e econ\u00f4mico dos anos 90, mpuros retrata a guerra e a profissionaliza\u00e7\u00e3o do narcotr\u00e1fico no Rio de Janeiro, mostrando as mudan\u00e7as nas regras do jogo, na sociedade e nas institui\u00e7\u00f5es atrav\u00e9s da hist\u00f3ria de Evandro do Dend\u00ea (Raphael Logam, nomeado ao Emmy Internacional 2019 na categoria \u2018Melhor Ator\u2019 por seu papel principal), um jovem da favela no Rio de Janeiro que sonhava em ser um homem de neg\u00f3cios, mas quando a pol\u00edcia mata seu irm\u00e3o traficante, decide buscar vingan\u00e7a. Matando os respons\u00e1veis, acaba se convertendo em um dos principais l\u00edderes do tr\u00e1fico na Am\u00e9rica Latina.<\/p>\n<p>No lado oposto, est\u00e1 Vitor Morello (Rui Ricardo Diaz), policial federal experiente que se v\u00ea derrotado e subutilizado pelas burocracias da institui\u00e7\u00e3o e cujo trabalho serve como v\u00e1lvula de escapa para o seu temperamento autodestrutivo e pessimista em rela\u00e7\u00e3o \u00e0 vida.<\/p>\n<p>A nova temporada de impuros, conta os novos desafios de Evandro ap\u00f3s se tornar o principal traficante do Brasil: sair da pris\u00e3o, matar seus inimigos e recuperar as rotas do narcotr\u00e1fico internacional. Para isso, dever\u00e1 fugir para a Bol\u00edvia, levando sua esposa Geise (Lorena Comparato), Mariana (B\u00e1rbara Reis), vi\u00fava de seu irm\u00e3o e os filhos das duas mulheres. Para levar os netos de Arlete (Cyria Coentro), Evandro ter\u00e1 que enfrentar sua m\u00e3e, que n\u00e3o s\u00f3 o entregou \u00e0 pol\u00edcia, como tamb\u00e9m tentou ficar com seus filhos v\u00e1rias vezes. Al\u00e9m de lutar contra a pol\u00edcia e os homens do tr\u00e1fico na Am\u00e9rica Latina, Evandro ter\u00e1 que enfrentar a f\u00faria das mulheres de sua vida. No entanto, Morello deixar\u00e1 escapar muitas oportunidades de capturar Evandro por escolher salvar a sua filha, In\u00eas (Karize Brum), que se tornou uma dependente de coca\u00edna e traz de volta mem\u00f3rias de sua pr\u00f3pria m\u00e3e viciada em drogas e que morreu de overdose quando ele ainda era crian\u00e7a.<\/p>\n<p>O elenco da nova temporada se completa com Jo\u00e3o Vitor Silva (Rock Story), Gillray Coutinho (1 Contra Todos), Andr\u00e9 Gon\u00e7alves (Escrito nas Estrelas), Fernanda Machado (Confia em Mim), Peter Brand\u00e3o (Babil\u00f4nia), Rocco Pitanga(Era Uma Vez), Leandro Firmino (Cidade de Deus), al\u00e9m do ator uruguaio Oscar Pernas (La Demora) e o argentino Germ\u00e1n Palacios (La Fragilidad de los Cuerpos).<\/p>\n<p>Novos personagens fazem parte da segunda temporada, casos do argentino Luciano C\u00e1ceres (O Filho Protegido) e os brasileiros Bruno Ferrari (Liberdade, Liberdade), Andr\u00e9 Mattos (Tropa de Elite 2), Bruna Spinola (Pega Pega), Carolina Chalita (Malha\u00e7\u00e3o), Michel Bercovitch (Jesus), Simone Soares (O Astro), Or\u00e3 Figueiredo (Sob Press\u00e3o), Pierre Santos (Tropa de Elite) e Deivis Lopes de Amorim.<\/p>\n<p>A dire\u00e7\u00e3o de Impuros \u00e9 de Tom\u00e1s Portella (Qualquer Gato Vira Lata, Ensaio Sobre a Cegueira) e Ren\u00e9 Sampaio (Faroeste Caboclo, 4All). A s\u00e9rie foi criada por Alexandre Fraga (Oeste &#8211; a guerra do jogo do bicho). Os escritores s\u00e3o Pue Perazzo, David Kolb e Carol Garcia, com reda\u00e7\u00e3o final de Tom\u00e1s Portela. IMPUROS \u00e9 uma coprodu\u00e7\u00e3o da Barry Company Brasil e Buena Vista Original Productions.<\/p>\n","protected":false},"excerpt":{"rendered":"<p>Baseada em fatos reais dos anos 90, a fic\u00e7\u00e3o dram\u00e1tica conta a hist\u00f3ria da ascens\u00e3o do narcotr\u00e1fico no Rio de Janeiro, al\u00e9m de retratar a guerra entre traficantes e policiais, apresentando um olhar para as fam\u00edlias que perdem seus filhos no mundo das drogas e viol\u00eancia. Estreia no dia 8 de novembro, com um epis\u00f3dio&#8230;<\/p>\n","protected":false},"author":1,"featured_media":5790,"comment_status":"closed","ping_status":"closed","sticky":false,"template":"","format":"standard","meta":{"_monsterinsights_skip_tracking":false,"_monsterinsights_sitenote_active":false,"_monsterinsights_sitenote_note":"","_monsterinsights_sitenote_category":0,"magazine_newspaper_sidebar_layout":"","footnotes":"","jetpack_publicize_message":"","jetpack_publicize_feature_enabled":true,"jetpack_social_post_already_shared":false,"jetpack_social_options":{"image_generator_settings":{"template":"highway","default_image_id":0,"font":"","enabled":false},"version":2}},"categories":[1],"tags":[946,1412,1414,1413,1415],"class_list":["post-5789","post","type-post","status-publish","format-standard","has-post-thumbnail","hentry","category-blog","tag-fox-premium","tag-impuros","tag-serie-brasileira","tag-series-na-tv","tag-traficantes-e-policiais"],"aioseo_notices":[],"jetpack_publicize_connections":[],"jetpack_featured_media_url":"https:\/\/i0.wp.com\/tvnovelas.com.br\/news\/wp-content\/uploads\/2019\/11\/geral655.jpg?fit=600%2C320&ssl=1","jetpack_sharing_enabled":true,"jetpack_likes_enabled":true,"jetpack-related-posts":[],"jetpack_shortlink":"https:\/\/wp.me\/pfB4mB-1vn","_links":{"self":[{"href":"https:\/\/tvnovelas.com.br\/news\/wp-json\/wp\/v2\/posts\/5789","targetHints":{"allow":["GET"]}}],"collection":[{"href":"https:\/\/tvnovelas.com.br\/news\/wp-json\/wp\/v2\/posts"}],"about":[{"href":"https:\/\/tvnovelas.com.br\/news\/wp-json\/wp\/v2\/types\/post"}],"author":[{"embeddable":true,"href":"https:\/\/tvnovelas.com.br\/news\/wp-json\/wp\/v2\/users\/1"}],"replies":[{"embeddable":true,"href":"https:\/\/tvnovelas.com.br\/news\/wp-json\/wp\/v2\/comments?post=5789"}],"version-history":[{"count":1,"href":"https:\/\/tvnovelas.com.br\/news\/wp-json\/wp\/v2\/posts\/5789\/revisions"}],"predecessor-version":[{"id":5791,"href":"https:\/\/tvnovelas.com.br\/news\/wp-json\/wp\/v2\/posts\/5789\/revisions\/5791"}],"wp:featuredmedia":[{"embeddable":true,"href":"https:\/\/tvnovelas.com.br\/news\/wp-json\/wp\/v2\/media\/5790"}],"wp:attachment":[{"href":"https:\/\/tvnovelas.com.br\/news\/wp-json\/wp\/v2\/media?parent=5789"}],"wp:term":[{"taxonomy":"category","embeddable":true,"href":"https:\/\/tvnovelas.com.br\/news\/wp-json\/wp\/v2\/categories?post=5789"},{"taxonomy":"post_tag","embeddable":true,"href":"https:\/\/tvnovelas.com.br\/news\/wp-json\/wp\/v2\/tags?post=5789"}],"curies":[{"name":"wp","href":"https:\/\/api.w.org\/{rel}","templated":true}]}}