{"id":5753,"date":"2019-11-02T10:34:04","date_gmt":"2019-11-02T13:34:04","guid":{"rendered":"https:\/\/tvnovelas.com.br\/news\/mundo\/?p=5753"},"modified":"2019-11-02T10:34:04","modified_gmt":"2019-11-02T13:34:04","slug":"juiz-de-pouso-alegre-mg-autoriza-registro-multiparental","status":"publish","type":"post","link":"https:\/\/tvnovelas.com.br\/news\/juiz-de-pouso-alegre-mg-autoriza-registro-multiparental\/","title":{"rendered":"Juiz de Pouso Alegre (MG) autoriza registro multiparental"},"content":{"rendered":"<h2>Tanto os pais biol\u00f3gicos como os adotivos foram inclu\u00eddos<\/h2>\n<p><a href=\"https:\/\/i0.wp.com\/tvnovelas.com.br\/news\/mundo\/wp-content\/uploads\/2019\/06\/geral140.jpg?ssl=1\"><img data-recalc-dims=\"1\" loading=\"lazy\" decoding=\"async\" src=\"https:\/\/i0.wp.com\/tvnovelas.com.br\/news\/mundo\/wp-content\/uploads\/2019\/06\/geral140.jpg?resize=300%2C214&#038;ssl=1\" alt=\"Imagem da logo do TJMG\" width=\"300\" height=\"214\" class=\"alignnone size-full wp-image-3484\" \/><\/a><br \/>\nUma adolescente de 13 anos teve assegurado o direito de manter, em sua hist\u00f3ria e no conv\u00edvio familiar, os pais biol\u00f3gicos, que ela visita regularmente, e o casal que tinha sua guarda desde o nascimento. Para preservar os envolvidos, os nomes foram alterados nesta not\u00edcia, e o n\u00famero do processo n\u00e3o ser\u00e1 informado.<\/p>\n<p>O registro da menina passa a ser multiparental, por determina\u00e7\u00e3o do juiz T\u00falio M\u00e1rcio Lemos Mota Naves, titular da 1\u00aa Vara Criminal e da Inf\u00e2ncia e da Juventude de Pouso Alegre. A decis\u00e3o, de 25 de outubro, levou em conta os interesses de Aline, que manifestou ang\u00fastia diante da possibilidade de ser obrigada a renunciar a qualquer uma das fam\u00edlias.<\/p>\n<p>A garota concordou com a ado\u00e7\u00e3o, se isso n\u00e3o significasse a perda do la\u00e7o com a fam\u00edlia de origem. O Minist\u00e9rio P\u00fablico deu, igualmente, parecer favor\u00e1vel \u00e0 coloca\u00e7\u00e3o da menina em fam\u00edlia substituta.<\/p>\n<p><strong>Retrospecto<\/strong><\/p>\n<p>J\u00falio e V\u00e2nia ajuizaram a\u00e7\u00e3o de ado\u00e7\u00e3o, alegando que cuidam da menor desde beb\u00ea. Os pais biol\u00f3gicos, Raquel e Ot\u00e1vio, n\u00e3o contestaram o pedido. Contudo, o laudo psicol\u00f3gico informou que eles se opunham a perder o poder familiar, temendo ser afastados da filha. Ambos disseram tamb\u00e9m desejar que os autores mantivessem a guarda da ent\u00e3o crian\u00e7a.<\/p>\n<p>Segundo os autos, a adolescente, ainda beb\u00ea, foi entregue ao casal pela m\u00e3e, que j\u00e1 tinha quatro filhos e atravessava dificuldades financeiras. Nesse momento, J\u00falio e V\u00e2nia pediram \u00e0 Justi\u00e7a que a ado\u00e7\u00e3o fosse concretizada, mas os genitores n\u00e3o consentiram, porque, embora reconhecessem o carinho e aten\u00e7\u00e3o dos guardi\u00f5es, n\u00e3o queriam romper o v\u00ednculo com a filha.<\/p>\n<p>Como a fam\u00edlia biol\u00f3gica, ainda que com limita\u00e7\u00f5es, provia o necess\u00e1rio ao bom desenvolvimento dos outros filhos, a a\u00e7\u00e3o foi julgada improcedente, em duas inst\u00e2ncias.<\/p>\n<p><strong>Decis\u00e3o<\/strong><\/p>\n<p>Por\u00e9m, diante do novo pedido do casal, o juiz T\u00falio Naves ponderou que se tratava de caso em que a realidade da vida ultrapassou a quest\u00e3o judicial. Segundo o\u00a0magistrado, a adolescente declarou que ao longo dos anos sempre p\u00f4de contar com duas fam\u00edlias, e gostaria de conservar essa situa\u00e7\u00e3o.<br \/>\nO entendimento do juiz foi que os pais substitutos dedicaram a Aline carinho, afei\u00e7\u00e3o e amor, dando-lhe assist\u00eancia tamb\u00e9m nos aspectos moral, material e educacional, e que a ado\u00e7\u00e3o trar\u00e1 \u00e0 menina vantagens reais.<\/p>\n<p>Para o magistrado, a controv\u00e9rsia limitava-se \u00e0 preval\u00eancia da paternidade biol\u00f3gica em detrimento da paternidade socioafetiva, e o \u00fanico empecilho era o medo da fam\u00edlia natural de perder o contato com a menor. Portanto, era preciso preservar a paternidade biol\u00f3gica para garantir o melhor interesse da adolescente.<\/p>\n<p>&#8220;O caso demanda a possibilidade de reconhecimento da multiparentalidade, conceito que arvora a coexist\u00eancia de filia\u00e7\u00e3o biol\u00f3gica e socioafetiva&#8221;, afirmou. Esse instituto, segundo o juiz T\u00falio Naves, deve ser guardado para situa\u00e7\u00f5es especiais, de absoluta necessidade, e s\u00f3 pode ser autorizado mediante a exist\u00eancia de provas que fundamentem seu uso.<\/p>\n<p>?Assim, a melhor conclus\u00e3o para a presente controv\u00e9rsia \u00e9 o reconhecimento da situa\u00e7\u00e3o de multiparentalidade, com a garantia ao assentamento, no registro civil, tanto da paternidade biol\u00f3gica quanto da angariada com a ado\u00e7\u00e3o, solu\u00e7\u00e3o que se coaduna com a preserva\u00e7\u00e3o dos interesses da menor e n\u00e3o exclui a possibilidade de obten\u00e7\u00e3o do provimento jurisdicional de ado\u00e7\u00e3o e destitui\u00e7\u00e3o do poder familiar?, considerou.<\/p>\n<p>O juiz ainda determinou a mudan\u00e7a do nome da adolescente, para incluir o sobrenome dos pais adotivos.<\/p>\n","protected":false},"excerpt":{"rendered":"<p>Tanto os pais biol\u00f3gicos como os adotivos foram inclu\u00eddos Uma adolescente de 13 anos teve assegurado o direito de manter, em sua hist\u00f3ria e no conv\u00edvio familiar, os pais biol\u00f3gicos, que ela visita regularmente, e o casal que tinha sua guarda desde o nascimento. Para preservar os envolvidos, os nomes foram alterados nesta not\u00edcia, e&#8230;<\/p>\n","protected":false},"author":1,"featured_media":0,"comment_status":"closed","ping_status":"closed","sticky":false,"template":"","format":"standard","meta":{"_monsterinsights_skip_tracking":false,"_monsterinsights_sitenote_active":false,"_monsterinsights_sitenote_note":"","_monsterinsights_sitenote_category":0,"magazine_newspaper_sidebar_layout":"","footnotes":"","jetpack_publicize_message":"","jetpack_publicize_feature_enabled":true,"jetpack_social_post_already_shared":false,"jetpack_social_options":{"image_generator_settings":{"template":"highway","default_image_id":0,"font":"","enabled":false},"version":2}},"categories":[68],"tags":[1384,1385,63],"class_list":["post-5753","post","type-post","status-publish","format-standard","hentry","category-justica","tag-multiparidade","tag-pouso-alegre","tag-tjmg"],"aioseo_notices":[],"jetpack_publicize_connections":[],"jetpack_featured_media_url":"","jetpack_sharing_enabled":true,"jetpack_likes_enabled":true,"jetpack-related-posts":[],"jetpack_shortlink":"https:\/\/wp.me\/pfB4mB-1uN","_links":{"self":[{"href":"https:\/\/tvnovelas.com.br\/news\/wp-json\/wp\/v2\/posts\/5753","targetHints":{"allow":["GET"]}}],"collection":[{"href":"https:\/\/tvnovelas.com.br\/news\/wp-json\/wp\/v2\/posts"}],"about":[{"href":"https:\/\/tvnovelas.com.br\/news\/wp-json\/wp\/v2\/types\/post"}],"author":[{"embeddable":true,"href":"https:\/\/tvnovelas.com.br\/news\/wp-json\/wp\/v2\/users\/1"}],"replies":[{"embeddable":true,"href":"https:\/\/tvnovelas.com.br\/news\/wp-json\/wp\/v2\/comments?post=5753"}],"version-history":[{"count":1,"href":"https:\/\/tvnovelas.com.br\/news\/wp-json\/wp\/v2\/posts\/5753\/revisions"}],"predecessor-version":[{"id":5754,"href":"https:\/\/tvnovelas.com.br\/news\/wp-json\/wp\/v2\/posts\/5753\/revisions\/5754"}],"wp:attachment":[{"href":"https:\/\/tvnovelas.com.br\/news\/wp-json\/wp\/v2\/media?parent=5753"}],"wp:term":[{"taxonomy":"category","embeddable":true,"href":"https:\/\/tvnovelas.com.br\/news\/wp-json\/wp\/v2\/categories?post=5753"},{"taxonomy":"post_tag","embeddable":true,"href":"https:\/\/tvnovelas.com.br\/news\/wp-json\/wp\/v2\/tags?post=5753"}],"curies":[{"name":"wp","href":"https:\/\/api.w.org\/{rel}","templated":true}]}}