{"id":5673,"date":"2019-10-29T16:13:52","date_gmt":"2019-10-29T19:13:52","guid":{"rendered":"https:\/\/tvnovelas.com.br\/news\/mundo\/?p=5673"},"modified":"2019-10-29T16:13:52","modified_gmt":"2019-10-29T19:13:52","slug":"colonia-celebra-o-ii-festival-internacional-em-grande-estilo","status":"publish","type":"post","link":"https:\/\/tvnovelas.com.br\/news\/colonia-celebra-o-ii-festival-internacional-em-grande-estilo\/","title":{"rendered":"Col\u00f4nia celebra o II Festival Internacional em grande estilo"},"content":{"rendered":"<h2 style=\"text-align: center;\">Festival uruguaio tem apresenta\u00e7\u00e3o de filarm\u00f4nica dirigida por maestrina brasileira<\/h2>\n<p><a href=\"https:\/\/i0.wp.com\/tvnovelas.com.br\/news\/mundo\/wp-content\/uploads\/2019\/10\/geral634.jpg?ssl=1\"><img data-recalc-dims=\"1\" loading=\"lazy\" decoding=\"async\" src=\"https:\/\/i0.wp.com\/tvnovelas.com.br\/news\/mundo\/wp-content\/uploads\/2019\/10\/geral634.jpg?resize=500%2C334&#038;ssl=1\" alt=\"Foto da Filarm\u00f4nica de Montevideo\" width=\"500\" height=\"334\" class=\"Filarm\u00f4nica de Montevideo alignnone wp-image-5674 size-full\" srcset=\"https:\/\/i0.wp.com\/tvnovelas.com.br\/news\/wp-content\/uploads\/2019\/10\/geral634.jpg?w=500&amp;ssl=1 500w, https:\/\/i0.wp.com\/tvnovelas.com.br\/news\/wp-content\/uploads\/2019\/10\/geral634.jpg?resize=300%2C200&amp;ssl=1 300w, https:\/\/i0.wp.com\/tvnovelas.com.br\/news\/wp-content\/uploads\/2019\/10\/geral634.jpg?resize=450%2C300&amp;ssl=1 450w, https:\/\/i0.wp.com\/tvnovelas.com.br\/news\/wp-content\/uploads\/2019\/10\/geral634.jpg?resize=360%2C240&amp;ssl=1 360w\" sizes=\"auto, (max-width: 500px) 100vw, 500px\" \/><\/a><\/p>\n<p>Ligia Amadio, maestrina brasileira que comanda a Orquestra Filarm\u00f4nica de Montevid\u00e9u, e artistas do Brasil mostram todo o seu potencial em festival de Col\u00f4nia do Sacramento. De 13 a 17 de novembro, o II Festival Internacional de Col\u00f4nia ser\u00e1 realizado com muita m\u00fasica, arte, cinema e teatro no cora\u00e7\u00e3o do patrim\u00f4nio hist\u00f3rico cultural da humanidade, tombado pela Unesco em 1995.<\/p>\n<p>Artistas consagrados e emergentes dos Estados Unidos, Argentina, Cor\u00e9ia do Sul, Brasil, Inglaterra, M\u00e9xico, Cingapura, Taiwan e Uruguai estar\u00e3o presentes no \u00fanico festival da regi\u00e3o que inclui m\u00fasica cl\u00e1ssica, jazz, tango, folclore, cinema, teatro e artes visual<\/p>\n<p>O festival, sob a dire\u00e7\u00e3o art\u00edstica do pianista Enrique Graf, ter\u00e1 como local principal o Centro Cultural \u201cBasti\u00f3n del Carmen\u201d, localizado na Rivadavia 223 em Col\u00f4nia do Sacramento, e o restante das atividades ser\u00e3o distribu\u00eddas entre o Cine Stella, \u201cJardines del Charco Hotel\u201d e Centro Cultural AFE.<\/p>\n<p>A Orquestra Filarm\u00f4nica de Montevid\u00e9u, sob a dire\u00e7\u00e3o de Ligia Amadio, e a Camerata do Festival Internacional de Col\u00f4nia, sob a dire\u00e7\u00e3o de Jooyoung Ahn, acompanham oito pianistas ilustres e a soprano Sofia Mara em Concertos de J.S. Bach (2,3 e 4 pianos) e W.A. Mozart, o quinteto de jazz Benny Goodman, o quinteto instrumental de tango La Mufa, o cantor e pianista argentino Juan Nevani, o Trio Cruz del Sur no melhor do folclore argentino, um recital de piano e outro de m\u00fasica de c\u00e2mara cobrem a parte musical do festival.<\/p>\n<p>Outros shows incluem a premiada pe\u00e7a \u201cLa Incapaz\u201d, de Carlos Mar\u00eda Dom\u00ednguez, filmes mudos com m\u00fasica ao vivo, tr\u00eas noites de cabar\u00e9, uma homenagem ao poeta mexicano Amado Nervo e uma exposi\u00e7\u00e3o de arte com curadoria da Funda\u00e7\u00e3o Pablo Atchugarry.<\/p>\n<p><a href=\"https:\/\/www.festivalcolonia.org\/\" rel=\"noopener noreferrer\" target=\"_blank\">Veja mais informa\u00e7\u00f5es e a programa\u00e7\u00e3o completa<\/a><\/p>\n","protected":false},"excerpt":{"rendered":"<p>Festival uruguaio tem apresenta\u00e7\u00e3o de filarm\u00f4nica dirigida por maestrina brasileira Ligia Amadio, maestrina brasileira que comanda a Orquestra Filarm\u00f4nica de Montevid\u00e9u, e artistas do Brasil mostram todo o seu potencial em festival de Col\u00f4nia do Sacramento. De 13 a 17 de novembro, o II Festival Internacional de Col\u00f4nia ser\u00e1 realizado com muita m\u00fasica, arte, cinema&#8230;<\/p>\n","protected":false},"author":1,"featured_media":5674,"comment_status":"closed","ping_status":"closed","sticky":false,"template":"","format":"standard","meta":{"_monsterinsights_skip_tracking":false,"_monsterinsights_sitenote_active":false,"_monsterinsights_sitenote_note":"","_monsterinsights_sitenote_category":0,"magazine_newspaper_sidebar_layout":"","footnotes":"","jetpack_publicize_message":"","jetpack_publicize_feature_enabled":true,"jetpack_social_post_already_shared":false,"jetpack_social_options":{"image_generator_settings":{"template":"highway","default_image_id":0,"font":"","enabled":false},"version":2}},"categories":[213],"tags":[1331,1334,1330,1329,1333,1332,331],"class_list":["post-5673","post","type-post","status-publish","format-standard","has-post-thumbnail","hentry","category-cultura","tag-colonia-do-sacramento","tag-enrique-graf","tag-filarmonica-de-montvideo","tag-ii-festival-internacional-de-colonia","tag-jooyoung-ahn","tag-ligia-amadio","tag-uruguai"],"aioseo_notices":[],"jetpack_publicize_connections":[],"jetpack_featured_media_url":"https:\/\/i0.wp.com\/tvnovelas.com.br\/news\/wp-content\/uploads\/2019\/10\/geral634.jpg?fit=500%2C334&ssl=1","jetpack_sharing_enabled":true,"jetpack_likes_enabled":true,"jetpack-related-posts":[],"jetpack_shortlink":"https:\/\/wp.me\/pfB4mB-1tv","_links":{"self":[{"href":"https:\/\/tvnovelas.com.br\/news\/wp-json\/wp\/v2\/posts\/5673","targetHints":{"allow":["GET"]}}],"collection":[{"href":"https:\/\/tvnovelas.com.br\/news\/wp-json\/wp\/v2\/posts"}],"about":[{"href":"https:\/\/tvnovelas.com.br\/news\/wp-json\/wp\/v2\/types\/post"}],"author":[{"embeddable":true,"href":"https:\/\/tvnovelas.com.br\/news\/wp-json\/wp\/v2\/users\/1"}],"replies":[{"embeddable":true,"href":"https:\/\/tvnovelas.com.br\/news\/wp-json\/wp\/v2\/comments?post=5673"}],"version-history":[{"count":1,"href":"https:\/\/tvnovelas.com.br\/news\/wp-json\/wp\/v2\/posts\/5673\/revisions"}],"predecessor-version":[{"id":5675,"href":"https:\/\/tvnovelas.com.br\/news\/wp-json\/wp\/v2\/posts\/5673\/revisions\/5675"}],"wp:featuredmedia":[{"embeddable":true,"href":"https:\/\/tvnovelas.com.br\/news\/wp-json\/wp\/v2\/media\/5674"}],"wp:attachment":[{"href":"https:\/\/tvnovelas.com.br\/news\/wp-json\/wp\/v2\/media?parent=5673"}],"wp:term":[{"taxonomy":"category","embeddable":true,"href":"https:\/\/tvnovelas.com.br\/news\/wp-json\/wp\/v2\/categories?post=5673"},{"taxonomy":"post_tag","embeddable":true,"href":"https:\/\/tvnovelas.com.br\/news\/wp-json\/wp\/v2\/tags?post=5673"}],"curies":[{"name":"wp","href":"https:\/\/api.w.org\/{rel}","templated":true}]}}