{"id":5663,"date":"2019-10-29T08:43:21","date_gmt":"2019-10-29T11:43:21","guid":{"rendered":"https:\/\/tvnovelas.com.br\/news\/mundo\/?p=5663"},"modified":"2019-10-29T08:48:44","modified_gmt":"2019-10-29T11:48:44","slug":"governo-diz-que-vai-eliminar-taxa-adicional-para-voos-internacionais","status":"publish","type":"post","link":"https:\/\/tvnovelas.com.br\/news\/governo-diz-que-vai-eliminar-taxa-adicional-para-voos-internacionais\/","title":{"rendered":"Governo diz que vai eliminar taxa adicional para voos internacionais"},"content":{"rendered":"<p><a href=\"https:\/\/i0.wp.com\/tvnovelas.com.br\/news\/mundo\/wp-content\/uploads\/2019\/10\/geral629.jpg?ssl=1\"><img data-recalc-dims=\"1\" loading=\"lazy\" decoding=\"async\" src=\"https:\/\/i0.wp.com\/tvnovelas.com.br\/news\/mundo\/wp-content\/uploads\/2019\/10\/geral629.jpg?resize=500%2C333&#038;ssl=1\" alt=\"Foto ilustrativa, aeroporto\" width=\"500\" height=\"333\" class=\"alignnone wp-image-5665 size-full\" title=\"(Foto: Tomaz Silva\/Ag\u00eancia Brasil)\" srcset=\"https:\/\/i0.wp.com\/tvnovelas.com.br\/news\/wp-content\/uploads\/2019\/10\/geral629.jpg?w=500&amp;ssl=1 500w, https:\/\/i0.wp.com\/tvnovelas.com.br\/news\/wp-content\/uploads\/2019\/10\/geral629.jpg?resize=300%2C200&amp;ssl=1 300w, https:\/\/i0.wp.com\/tvnovelas.com.br\/news\/wp-content\/uploads\/2019\/10\/geral629.jpg?resize=450%2C300&amp;ssl=1 450w, https:\/\/i0.wp.com\/tvnovelas.com.br\/news\/wp-content\/uploads\/2019\/10\/geral629.jpg?resize=360%2C240&amp;ssl=1 360w\" sizes=\"auto, (max-width: 500px) 100vw, 500px\" \/><\/a><\/p>\n<p>O Governo Federal prepara uma medida para extinguir a taxa adicional na tarifa de embarque de voos internacionais no valor de US$ 18. A informa\u00e7\u00e3o foi antecipada pelo ministro da Infraestrutura, Tarc\u00edsio Gomes de Freitas, nesta segunda-feira (28\/10), durante F\u00f3rum da Associa\u00e7\u00e3o de Transporte A\u00e9reo da Am\u00e9rica Latina e Caribe (Alta).<\/p>\n<p>O fim da taxa dever ser inclu\u00eddo em uma Medida Provis\u00f3ria que vai apresentar uma s\u00e9rie de a\u00e7\u00f5es de fomento ao turismo no Brasil. Gestada pelo Minist\u00e9rio do Turismo com o apoio da Secretaria Nacional de Avia\u00e7\u00e3o Civil (Minist\u00e9rio da Infraestrutura), a ideia \u00e9 incentivar voos internacionais por companhias de baixo custo (lowcosts). A medida, no entanto, vale para todas as companhias.<\/p>\n<p>&#8220;N\u00e3o faz sentindo criarmos as condi\u00e7\u00f5es para que empresas ofertem voos internacionais a 50 d\u00f3lares e n\u00f3s, por outro lado, cobremos, de in\u00edcio, uma taxa de 18 d\u00f3lares por passagem. Queremos abrir o setor, trazer competitividade e eliminar barreiras na atra\u00e7\u00e3o de novas empresas. Nosso foco est\u00e1 no usu\u00e1rio&#8221;, afirmou o ministro Tarc\u00edsio Gomes de Freitas.<\/p>\n<p>Criada atrav\u00e9s de portaria em 1997 e transformada em lei em 1999, a taxa adicional tinha o intuito de ajudar a amortizar a d\u00edvida mobili\u00e1ria brasileira. Hoje a sua arrecada\u00e7\u00e3o \u00e9 repassada diretamente ao Fundo Nacional de Avia\u00e7\u00e3o Civil (FNAC).<\/p>\n<p>O governo agora estuda os \u00faltimos detalhes para a sua aplica\u00e7\u00e3o, que pode vir a ser de forma gradual (a princ\u00edpio para rotas da Am\u00e9rica do Sul e em seguida as demais), ou de forma ampla desde o seu in\u00edcio.<\/p>\n","protected":false},"excerpt":{"rendered":"<p>O Governo Federal prepara uma medida para extinguir a taxa adicional na tarifa de embarque de voos internacionais no valor de US$ 18. A informa\u00e7\u00e3o foi antecipada pelo ministro da Infraestrutura, Tarc\u00edsio Gomes de Freitas, nesta segunda-feira (28\/10), durante F\u00f3rum da Associa\u00e7\u00e3o de Transporte A\u00e9reo da Am\u00e9rica Latina e Caribe (Alta). O fim da taxa&#8230;<\/p>\n","protected":false},"author":1,"featured_media":5665,"comment_status":"closed","ping_status":"closed","sticky":false,"template":"","format":"standard","meta":{"_monsterinsights_skip_tracking":false,"_monsterinsights_sitenote_active":false,"_monsterinsights_sitenote_note":"","_monsterinsights_sitenote_category":0,"magazine_newspaper_sidebar_layout":"","footnotes":"","jetpack_publicize_message":"","jetpack_publicize_feature_enabled":true,"jetpack_social_post_already_shared":false,"jetpack_social_options":{"image_generator_settings":{"template":"highway","default_image_id":0,"font":"","enabled":false},"version":2}},"categories":[914],"tags":[1324,815],"class_list":["post-5663","post","type-post","status-publish","format-standard","has-post-thumbnail","hentry","category-transporte-sem-categoria","tag-tarifa-de-embarque","tag-voos-internacionais"],"aioseo_notices":[],"jetpack_publicize_connections":[],"jetpack_featured_media_url":"https:\/\/i0.wp.com\/tvnovelas.com.br\/news\/wp-content\/uploads\/2019\/10\/geral629.jpg?fit=500%2C333&ssl=1","jetpack_sharing_enabled":true,"jetpack_likes_enabled":true,"jetpack-related-posts":[],"jetpack_shortlink":"https:\/\/wp.me\/pfB4mB-1tl","_links":{"self":[{"href":"https:\/\/tvnovelas.com.br\/news\/wp-json\/wp\/v2\/posts\/5663","targetHints":{"allow":["GET"]}}],"collection":[{"href":"https:\/\/tvnovelas.com.br\/news\/wp-json\/wp\/v2\/posts"}],"about":[{"href":"https:\/\/tvnovelas.com.br\/news\/wp-json\/wp\/v2\/types\/post"}],"author":[{"embeddable":true,"href":"https:\/\/tvnovelas.com.br\/news\/wp-json\/wp\/v2\/users\/1"}],"replies":[{"embeddable":true,"href":"https:\/\/tvnovelas.com.br\/news\/wp-json\/wp\/v2\/comments?post=5663"}],"version-history":[{"count":3,"href":"https:\/\/tvnovelas.com.br\/news\/wp-json\/wp\/v2\/posts\/5663\/revisions"}],"predecessor-version":[{"id":5667,"href":"https:\/\/tvnovelas.com.br\/news\/wp-json\/wp\/v2\/posts\/5663\/revisions\/5667"}],"wp:featuredmedia":[{"embeddable":true,"href":"https:\/\/tvnovelas.com.br\/news\/wp-json\/wp\/v2\/media\/5665"}],"wp:attachment":[{"href":"https:\/\/tvnovelas.com.br\/news\/wp-json\/wp\/v2\/media?parent=5663"}],"wp:term":[{"taxonomy":"category","embeddable":true,"href":"https:\/\/tvnovelas.com.br\/news\/wp-json\/wp\/v2\/categories?post=5663"},{"taxonomy":"post_tag","embeddable":true,"href":"https:\/\/tvnovelas.com.br\/news\/wp-json\/wp\/v2\/tags?post=5663"}],"curies":[{"name":"wp","href":"https:\/\/api.w.org\/{rel}","templated":true}]}}