{"id":5587,"date":"2019-10-23T13:52:40","date_gmt":"2019-10-23T16:52:40","guid":{"rendered":"https:\/\/tvnovelas.com.br\/news\/mundo\/?p=5587"},"modified":"2019-10-23T13:52:40","modified_gmt":"2019-10-23T16:52:40","slug":"o-boi-manaus-acontece-a-partir-das-16h-desta-quarta-23-10","status":"publish","type":"post","link":"https:\/\/tvnovelas.com.br\/news\/o-boi-manaus-acontece-a-partir-das-16h-desta-quarta-23-10\/","title":{"rendered":"O Boi Manaus acontece a partir das 16h desta quarta (23\/10)"},"content":{"rendered":"<p><a href=\"https:\/\/i0.wp.com\/tvnovelas.com.br\/news\/mundo\/wp-content\/uploads\/2019\/10\/geral610.jpg?ssl=1\"><img data-recalc-dims=\"1\" loading=\"lazy\" decoding=\"async\" src=\"https:\/\/i0.wp.com\/tvnovelas.com.br\/news\/mundo\/wp-content\/uploads\/2019\/10\/geral610.jpg?resize=500%2C334&#038;ssl=1\" alt=\"foto ilustrativa da festa\" width=\"500\" height=\"334\" class=\"alignnone wp-image-5588 size-full\" title=\"(Foto: Prefeitura de Manaus\/Arquivo)\" srcset=\"https:\/\/i0.wp.com\/tvnovelas.com.br\/news\/wp-content\/uploads\/2019\/10\/geral610.jpg?w=500&amp;ssl=1 500w, https:\/\/i0.wp.com\/tvnovelas.com.br\/news\/wp-content\/uploads\/2019\/10\/geral610.jpg?resize=300%2C200&amp;ssl=1 300w, https:\/\/i0.wp.com\/tvnovelas.com.br\/news\/wp-content\/uploads\/2019\/10\/geral610.jpg?resize=450%2C300&amp;ssl=1 450w, https:\/\/i0.wp.com\/tvnovelas.com.br\/news\/wp-content\/uploads\/2019\/10\/geral610.jpg?resize=360%2C240&amp;ssl=1 360w\" sizes=\"auto, (max-width: 500px) 100vw, 500px\" \/><\/a><\/p>\n<p>O Complexo Tur\u00edstico da Ponta Negra, zona Oeste, emoldurado pelo rio Negro, volta a ser cen\u00e1rio para o Boi Manaus 2019, a partir das 16h desta quarta-feira, 23\/10. O evento realizado pela Prefeitura de Manaus. celebra h\u00e1 22 edi\u00e7\u00f5es o anivers\u00e1rio da capital e levar\u00e1 a um dos principais cart\u00f5es postais da cidade mais de 20 horas de boi-bumb\u00e1, em dois dias de folia.<\/p>\n<p>O tr\u00e2nsito na regi\u00e3o j\u00e1 est\u00e1 alterado, assim como os pontos de \u00f4nibus para o transporte coletivo. Agentes do Instituto Municipal de Mobilidade Urbana (IMMU) est\u00e3o no local auxiliando os condutores. A praia da Ponta Negra tamb\u00e9m encontra-se fechada para banho at\u00e9 o t\u00e9rmino do evento.<\/p>\n<p>Ao todo ser\u00e3o mais de 30 artistas se apresentando em trios no circuito Ponta Negra. Hoje, 23\/10, se apresentam Klinger Junior e Kuarup, Robson Jr. e Hellen Veras, Grupo a Toada e Carlos Batata, Carlinhos do Boi e Canto da Mata, F\u00e1bio Casagrande e P.A. Chaves, Prince do Boi e Sebasti\u00e3o Jr., encerrando as apresenta\u00e7\u00f5es nos trios. \u00c0 0h, as aten\u00e7\u00f5es se voltam para o palco do anfiteatro onde se apresentar\u00e3o os bois de Manaus: Corre Campo, Garanh\u00e3o e Brilhante.<\/p>\n<p><a href=\"https:\/\/350anos.manaus.am.gov.br\/\" rel=\"noopener noreferrer\" target=\"_blank\">Confira a programa\u00e7\u00e3o completa do Boi Manaus 2019<\/a>. Toda a programa\u00e7\u00e3o \u00e9 gratuita e integra o calend\u00e1rio oficial da Prefeitura de Manaus dos 350 anos da cidade.<\/p>\n<p><strong>Manaus: 350 anos<\/strong><br \/>\n<iframe loading=\"lazy\" width=\"560\" height=\"315\" src=\"https:\/\/www.youtube.com\/embed\/qwPmCPbX_MQ\" frameborder=\"0\" allow=\"accelerometer; autoplay; encrypted-media; gyroscope; picture-in-picture\" allowfullscreen=\"allowfullscreen\"><\/iframe><\/p>\n","protected":false},"excerpt":{"rendered":"<p>O Complexo Tur\u00edstico da Ponta Negra, zona Oeste, emoldurado pelo rio Negro, volta a ser cen\u00e1rio para o Boi Manaus 2019, a partir das 16h desta quarta-feira, 23\/10. O evento realizado pela Prefeitura de Manaus. celebra h\u00e1 22 edi\u00e7\u00f5es o anivers\u00e1rio da capital e levar\u00e1 a um dos principais cart\u00f5es postais da cidade mais de&#8230;<\/p>\n","protected":false},"author":1,"featured_media":5588,"comment_status":"closed","ping_status":"closed","sticky":false,"template":"","format":"standard","meta":{"_monsterinsights_skip_tracking":false,"_monsterinsights_sitenote_active":false,"_monsterinsights_sitenote_note":"","_monsterinsights_sitenote_category":0,"magazine_newspaper_sidebar_layout":"","footnotes":"","jetpack_publicize_message":"","jetpack_publicize_feature_enabled":true,"jetpack_social_post_already_shared":false,"jetpack_social_options":{"image_generator_settings":{"template":"highway","default_image_id":0,"font":"","enabled":false},"version":2}},"categories":[213],"tags":[1279,1278,1109,1280],"class_list":["post-5587","post","type-post","status-publish","format-standard","has-post-thumbnail","hentry","category-cultura","tag-boi-bumba","tag-boi-manaus","tag-manaus","tag-ponta-negra"],"aioseo_notices":[],"jetpack_publicize_connections":[],"jetpack_featured_media_url":"https:\/\/i0.wp.com\/tvnovelas.com.br\/news\/wp-content\/uploads\/2019\/10\/geral610.jpg?fit=500%2C334&ssl=1","jetpack_sharing_enabled":true,"jetpack_likes_enabled":true,"jetpack-related-posts":[],"jetpack_shortlink":"https:\/\/wp.me\/pfB4mB-1s7","_links":{"self":[{"href":"https:\/\/tvnovelas.com.br\/news\/wp-json\/wp\/v2\/posts\/5587","targetHints":{"allow":["GET"]}}],"collection":[{"href":"https:\/\/tvnovelas.com.br\/news\/wp-json\/wp\/v2\/posts"}],"about":[{"href":"https:\/\/tvnovelas.com.br\/news\/wp-json\/wp\/v2\/types\/post"}],"author":[{"embeddable":true,"href":"https:\/\/tvnovelas.com.br\/news\/wp-json\/wp\/v2\/users\/1"}],"replies":[{"embeddable":true,"href":"https:\/\/tvnovelas.com.br\/news\/wp-json\/wp\/v2\/comments?post=5587"}],"version-history":[{"count":2,"href":"https:\/\/tvnovelas.com.br\/news\/wp-json\/wp\/v2\/posts\/5587\/revisions"}],"predecessor-version":[{"id":5590,"href":"https:\/\/tvnovelas.com.br\/news\/wp-json\/wp\/v2\/posts\/5587\/revisions\/5590"}],"wp:featuredmedia":[{"embeddable":true,"href":"https:\/\/tvnovelas.com.br\/news\/wp-json\/wp\/v2\/media\/5588"}],"wp:attachment":[{"href":"https:\/\/tvnovelas.com.br\/news\/wp-json\/wp\/v2\/media?parent=5587"}],"wp:term":[{"taxonomy":"category","embeddable":true,"href":"https:\/\/tvnovelas.com.br\/news\/wp-json\/wp\/v2\/categories?post=5587"},{"taxonomy":"post_tag","embeddable":true,"href":"https:\/\/tvnovelas.com.br\/news\/wp-json\/wp\/v2\/tags?post=5587"}],"curies":[{"name":"wp","href":"https:\/\/api.w.org\/{rel}","templated":true}]}}