{"id":5532,"date":"2019-10-17T09:09:08","date_gmt":"2019-10-17T12:09:08","guid":{"rendered":"https:\/\/tvnovelas.com.br\/news\/mundo\/?p=5532"},"modified":"2019-10-17T09:11:00","modified_gmt":"2019-10-17T12:11:00","slug":"festival-em-campinas-apresenta-mais-de-cem-atividades-de-empreendedorismo","status":"publish","type":"post","link":"https:\/\/tvnovelas.com.br\/news\/festival-em-campinas-apresenta-mais-de-cem-atividades-de-empreendedorismo\/","title":{"rendered":"Festival em Campinas apresenta mais de cem atividades de empreendedorismo"},"content":{"rendered":"<p><a href=\"https:\/\/i0.wp.com\/tvnovelas.com.br\/news\/mundo\/wp-content\/uploads\/2019\/10\/teve28162.jpg?ssl=1\"><img data-recalc-dims=\"1\" loading=\"lazy\" decoding=\"async\" src=\"https:\/\/i0.wp.com\/tvnovelas.com.br\/news\/mundo\/wp-content\/uploads\/2019\/10\/teve28162.jpg?resize=500%2C333&#038;ssl=1\" alt=\"Vista a\u00e9rea de Campinas\" width=\"500\" height=\"333\" class=\"alignnone wp-image-5533 size-full\" title=\"(Foto: Prefeitura de Campinas\/Arquivo)\" srcset=\"https:\/\/i0.wp.com\/tvnovelas.com.br\/news\/wp-content\/uploads\/2019\/10\/teve28162.jpg?w=500&amp;ssl=1 500w, https:\/\/i0.wp.com\/tvnovelas.com.br\/news\/wp-content\/uploads\/2019\/10\/teve28162.jpg?resize=300%2C200&amp;ssl=1 300w, https:\/\/i0.wp.com\/tvnovelas.com.br\/news\/wp-content\/uploads\/2019\/10\/teve28162.jpg?resize=450%2C300&amp;ssl=1 450w, https:\/\/i0.wp.com\/tvnovelas.com.br\/news\/wp-content\/uploads\/2019\/10\/teve28162.jpg?resize=360%2C240&amp;ssl=1 360w\" sizes=\"auto, (max-width: 500px) 100vw, 500px\" \/><\/a><\/p>\n<p>A primeira edi\u00e7\u00e3o do Campinas Innovation Festival ser\u00e1 realizada entre os dias 19 e 31 de outubro em Campinas (SP). O movimento prev\u00ea centenas de atividades como workshops, atra\u00e7\u00f5es culturais, palestras e semin\u00e1rios espalhados pela cidade em uma estrutura descentralizada.<\/p>\n<p>At\u00e9 esta quarta-feira (16),, 115 eventos estavam na programa\u00e7\u00e3o em categorias como empreendedorismo, inova\u00e7\u00e3o, internet das coisas, cidades inteligentes, criatividade, cultura, divulga\u00e7\u00e3o cient\u00edfica, tecnologia, sa\u00fade e desenvolvimento humano, entre outras.<\/p>\n<p>Organizado por diversos parceiros, o evento foi idealizado e \u00e9 promovido pela Funda\u00e7\u00e3o F\u00f3rum Campinas Inovadora (FFCi), com a participa\u00e7\u00e3o da Prefeitura de Campinas. O lan\u00e7amento oficial ocorreu segunda-feira (14) na Universidade Estadual de Campinas (Unicamp), com a presen\u00e7a de autoridades e parceiros.<\/p>\n<blockquote><p><a href=\"http:\/\/campinasfestival.org.br\/programacao\/\" rel=\"noopener noreferrer\" target=\"_blank\"><strong>Confira a programa\u00e7\u00e3o<\/strong><\/a><\/p><\/blockquote>\n<p><strong>Universidades<\/strong><br \/>\nCerca de 50 institui\u00e7\u00f5es realizar\u00e3o atividades dispon\u00edveis ao p\u00fablico nos campi de universidades como a Unicamp, PUC-Campinas, Mackenzie e UniMetrocamp, faculdades como a S\u00e3o Leopoldo Mandic e IESCAMP, centros universit\u00e1rios como a Unisal, al\u00e9m de secretarias municipais, centros culturais, espa\u00e7os de coworking, aceleradoras, startups, empresas, escolas, bares, pra\u00e7as e parques da cidade.<\/p>\n<p>O encerramento do festival ocorrer\u00e1 em 30 e 31 de outubro, com a 6\u00aa edi\u00e7\u00e3o do InovaCampinas Trade Show 2019, que prev\u00ea confer\u00eancias, rodadas de neg\u00f3cios e exposi\u00e7\u00f5es, no Expo D. Pedro. Atualmente, o evento \u00e9 considerado o epicentro da tecnologia e inova\u00e7\u00e3o no Brasil.<\/p>\n<p>Gratuita, a feira contou em 2018 com mais de 6 mil participantes, 30 confer\u00eancias, 100 expositores e 1,5 mil reuni\u00f5es de neg\u00f3cio. As inscri\u00e7\u00f5es para o InovaCampinas 2019 j\u00e1 est\u00e3o abertas e podem ser feitas pela internet. Os interessados tamb\u00e9m podem se inscrever gratuitamente para participar de reuni\u00f5es de neg\u00f3cios.<\/p>\n<p><strong>Potencial<\/strong><br \/>\nO presidente da diretoria-executiva da FFCi e diretor do Parque Cient\u00edfico e Tecnol\u00f3gico da Unicamp, Eduardo Gurgel do Amaral, destaca que o objetivo do Campinas Innovation Festival \u00e9 evidenciar o potencial de inova\u00e7\u00e3o e empreendedorismo da regi\u00e3o.<\/p>\n<p>\u201c\u00c9 uma oportunidade para gerar conex\u00f5es e fortalecer o ecossistema de inova\u00e7\u00e3o baseado em tecnologia e sustentabilidade, com a participa\u00e7\u00e3o de diversas institui\u00e7\u00f5es da Regi\u00e3o Metropolitana de Campinas\u201d, avalia.<\/p>\n<p>\u201cO festival ser\u00e1 uma vitrine para dar visibilidade \u00e0s a\u00e7\u00f5es desenvolvidas em Campinas. O uso da cidade como plataforma de eventos \u00e9 uma tend\u00eancia que vem acontecendo em diversas regi\u00f5es do mundo. Por isso, \u00e9 muito importante que todas as pessoas e organiza\u00e7\u00f5es participem desse evento, que \u00e9 da cidade\u201d, salienta Andr\u00e9 von Zuben, secret\u00e1rio de Desenvolvimento Econ\u00f4mico, Social e de Turismo de Campinas.<\/p>\n","protected":false},"excerpt":{"rendered":"<p>A primeira edi\u00e7\u00e3o do Campinas Innovation Festival ser\u00e1 realizada entre os dias 19 e 31 de outubro em Campinas (SP). O movimento prev\u00ea centenas de atividades como workshops, atra\u00e7\u00f5es culturais, palestras e semin\u00e1rios espalhados pela cidade em uma estrutura descentralizada. At\u00e9 esta quarta-feira (16),, 115 eventos estavam na programa\u00e7\u00e3o em categorias como empreendedorismo, inova\u00e7\u00e3o, internet&#8230;<\/p>\n","protected":false},"author":1,"featured_media":5533,"comment_status":"closed","ping_status":"closed","sticky":false,"template":"","format":"standard","meta":{"_monsterinsights_skip_tracking":false,"_monsterinsights_sitenote_active":false,"_monsterinsights_sitenote_note":"","_monsterinsights_sitenote_category":0,"magazine_newspaper_sidebar_layout":"","footnotes":"","jetpack_publicize_message":"","jetpack_publicize_feature_enabled":true,"jetpack_social_post_already_shared":false,"jetpack_social_options":{"image_generator_settings":{"template":"highway","default_image_id":0,"font":"","enabled":false},"version":2}},"categories":[1],"tags":[1228,1249,648],"class_list":["post-5532","post","type-post","status-publish","format-standard","has-post-thumbnail","hentry","category-blog","tag-campinas","tag-campinas-innovation-festival","tag-empreendedorismo"],"aioseo_notices":[],"jetpack_publicize_connections":[],"jetpack_featured_media_url":"https:\/\/i0.wp.com\/tvnovelas.com.br\/news\/wp-content\/uploads\/2019\/10\/teve28162.jpg?fit=500%2C333&ssl=1","jetpack_sharing_enabled":true,"jetpack_likes_enabled":true,"jetpack-related-posts":[],"jetpack_shortlink":"https:\/\/wp.me\/pfB4mB-1re","_links":{"self":[{"href":"https:\/\/tvnovelas.com.br\/news\/wp-json\/wp\/v2\/posts\/5532","targetHints":{"allow":["GET"]}}],"collection":[{"href":"https:\/\/tvnovelas.com.br\/news\/wp-json\/wp\/v2\/posts"}],"about":[{"href":"https:\/\/tvnovelas.com.br\/news\/wp-json\/wp\/v2\/types\/post"}],"author":[{"embeddable":true,"href":"https:\/\/tvnovelas.com.br\/news\/wp-json\/wp\/v2\/users\/1"}],"replies":[{"embeddable":true,"href":"https:\/\/tvnovelas.com.br\/news\/wp-json\/wp\/v2\/comments?post=5532"}],"version-history":[{"count":1,"href":"https:\/\/tvnovelas.com.br\/news\/wp-json\/wp\/v2\/posts\/5532\/revisions"}],"predecessor-version":[{"id":5534,"href":"https:\/\/tvnovelas.com.br\/news\/wp-json\/wp\/v2\/posts\/5532\/revisions\/5534"}],"wp:featuredmedia":[{"embeddable":true,"href":"https:\/\/tvnovelas.com.br\/news\/wp-json\/wp\/v2\/media\/5533"}],"wp:attachment":[{"href":"https:\/\/tvnovelas.com.br\/news\/wp-json\/wp\/v2\/media?parent=5532"}],"wp:term":[{"taxonomy":"category","embeddable":true,"href":"https:\/\/tvnovelas.com.br\/news\/wp-json\/wp\/v2\/categories?post=5532"},{"taxonomy":"post_tag","embeddable":true,"href":"https:\/\/tvnovelas.com.br\/news\/wp-json\/wp\/v2\/tags?post=5532"}],"curies":[{"name":"wp","href":"https:\/\/api.w.org\/{rel}","templated":true}]}}