{"id":5478,"date":"2019-10-10T10:08:33","date_gmt":"2019-10-10T13:08:33","guid":{"rendered":"https:\/\/tvnovelas.com.br\/news\/mundo\/?p=5478"},"modified":"2019-10-10T10:08:33","modified_gmt":"2019-10-10T13:08:33","slug":"aeroporto-de-aracaju-ganha-dois-novos-voos","status":"publish","type":"post","link":"https:\/\/tvnovelas.com.br\/news\/aeroporto-de-aracaju-ganha-dois-novos-voos\/","title":{"rendered":"Aeroporto de Aracaju ganha dois novos voos"},"content":{"rendered":"<h2>As duas novas rotas s\u00e3o para Campinas e para Guarulhos, em S\u00e3o Paulo<\/h2>\n<p><a href=\"https:\/\/i0.wp.com\/tvnovelas.com.br\/news\/mundo\/wp-content\/uploads\/2019\/10\/geral591.jpg?ssl=1\"><img data-recalc-dims=\"1\" loading=\"lazy\" decoding=\"async\" src=\"https:\/\/i0.wp.com\/tvnovelas.com.br\/news\/mundo\/wp-content\/uploads\/2019\/10\/geral591.jpg?resize=500%2C333&#038;ssl=1\" alt=\"Foto do Aeroporto de Aracaju\" width=\"500\" height=\"333\" class=\"alignnone wp-image-5479 size-full\" title=\"(Foto: Infraero)\" srcset=\"https:\/\/i0.wp.com\/tvnovelas.com.br\/news\/wp-content\/uploads\/2019\/10\/geral591.jpg?w=500&amp;ssl=1 500w, https:\/\/i0.wp.com\/tvnovelas.com.br\/news\/wp-content\/uploads\/2019\/10\/geral591.jpg?resize=300%2C200&amp;ssl=1 300w, https:\/\/i0.wp.com\/tvnovelas.com.br\/news\/wp-content\/uploads\/2019\/10\/geral591.jpg?resize=450%2C300&amp;ssl=1 450w, https:\/\/i0.wp.com\/tvnovelas.com.br\/news\/wp-content\/uploads\/2019\/10\/geral591.jpg?resize=360%2C240&amp;ssl=1 360w\" sizes=\"auto, (max-width: 500px) 100vw, 500px\" \/><\/a><br \/>\nO Aeroporto Internacional de Aracaju\/Santa Maria (SE) ganhar\u00e1 novas op\u00e7\u00f5es de voos a partir do dia 27 de outubro. Ser\u00e3o oferecidas duas novas rotas, uma da Azul Linhas A\u00e9reas com destino a Campinas e outra da Latam para Guarulhos, em S\u00e3o Paulo. Al\u00e9m disso, os passageiros que desejarem voar para Guarulhos tamb\u00e9m poder\u00e3o contar com mais quatro frequ\u00eancias semanais da Gol, que passar\u00e1 a operar diariamente no terminal sergipano. As novas rotas e frequ\u00eancias ter\u00e3o in\u00edcio a partir do dia 27 de outubro e oferecer\u00e1 um aumento de cerca de 1 mil novos assentos para quem optar voar pelo Aeroporto de Aracaju.<\/p>\n<p>Os voos com destino a Campinas ser\u00e3o realizados por um Embraer 195, com capacidade para 118 passageiros. O Boeing 737-800 da Gol e o Airbus A321 da Latam far\u00e3o os trechos para Guarulhos. As aeronaves comportam 188 e 220 viajantes, respectivamente.<\/p>\n<p>Desde o m\u00eas de agosto, o Aeroporto de Aracaju passou a oferecer seis novas frequ\u00eancias semanais operadas pela Azul para Salvador. \u201cAs novas rotas ampliam a malha \u00e1rea sergipana e abrem portas para futuros voos. Esperamos que os novos voos ofertados atraiam mais passageiros, gerando um aumento significativo no movimento de passageiros at\u00e9 o final deste ano\u201d, destacou o superintendente do terminal de Aracaju, Wanderson Silva.<\/p>\n<p>Localizado a 12 km do centro da cidade, o Aeroporto Internacional de Aracaju movimenta, diariamente, uma m\u00e9dia de 3 mil passageiros e 16 voos comerciais regulares, al\u00e9m de atender a opera\u00e7\u00e3o de helic\u00f3pteros para as plataformas de petr\u00f3leo no litoral de Sergipe e Alagoas. Atualmente operam no terminal as companhias Azul, Gol e Latam, com voos regulares que ligam Aracaj<\/p>\n","protected":false},"excerpt":{"rendered":"<p>As duas novas rotas s\u00e3o para Campinas e para Guarulhos, em S\u00e3o Paulo O Aeroporto Internacional de Aracaju\/Santa Maria (SE) ganhar\u00e1 novas op\u00e7\u00f5es de voos a partir do dia 27 de outubro. Ser\u00e3o oferecidas duas novas rotas, uma da Azul Linhas A\u00e9reas com destino a Campinas e outra da Latam para Guarulhos, em S\u00e3o Paulo&#8230;.<\/p>\n","protected":false},"author":1,"featured_media":5479,"comment_status":"closed","ping_status":"closed","sticky":false,"template":"","format":"standard","meta":{"_monsterinsights_skip_tracking":false,"_monsterinsights_sitenote_active":false,"_monsterinsights_sitenote_note":"","_monsterinsights_sitenote_category":0,"magazine_newspaper_sidebar_layout":"","footnotes":"","jetpack_publicize_message":"","jetpack_publicize_feature_enabled":true,"jetpack_social_post_already_shared":false,"jetpack_social_options":{"image_generator_settings":{"template":"highway","default_image_id":0,"font":"","enabled":false},"version":2}},"categories":[914],"tags":[94,1227,1230,1228,1229,581],"class_list":["post-5478","post","type-post","status-publish","format-standard","has-post-thumbnail","hentry","category-transporte-sem-categoria","tag-aeroporto","tag-aracaju","tag-azul","tag-campinas","tag-guarulhos","tag-latam"],"aioseo_notices":[],"jetpack_publicize_connections":[],"jetpack_featured_media_url":"https:\/\/i0.wp.com\/tvnovelas.com.br\/news\/wp-content\/uploads\/2019\/10\/geral591.jpg?fit=500%2C333&ssl=1","jetpack_sharing_enabled":true,"jetpack_likes_enabled":true,"jetpack-related-posts":[],"jetpack_shortlink":"https:\/\/wp.me\/pfB4mB-1qm","_links":{"self":[{"href":"https:\/\/tvnovelas.com.br\/news\/wp-json\/wp\/v2\/posts\/5478","targetHints":{"allow":["GET"]}}],"collection":[{"href":"https:\/\/tvnovelas.com.br\/news\/wp-json\/wp\/v2\/posts"}],"about":[{"href":"https:\/\/tvnovelas.com.br\/news\/wp-json\/wp\/v2\/types\/post"}],"author":[{"embeddable":true,"href":"https:\/\/tvnovelas.com.br\/news\/wp-json\/wp\/v2\/users\/1"}],"replies":[{"embeddable":true,"href":"https:\/\/tvnovelas.com.br\/news\/wp-json\/wp\/v2\/comments?post=5478"}],"version-history":[{"count":1,"href":"https:\/\/tvnovelas.com.br\/news\/wp-json\/wp\/v2\/posts\/5478\/revisions"}],"predecessor-version":[{"id":5480,"href":"https:\/\/tvnovelas.com.br\/news\/wp-json\/wp\/v2\/posts\/5478\/revisions\/5480"}],"wp:featuredmedia":[{"embeddable":true,"href":"https:\/\/tvnovelas.com.br\/news\/wp-json\/wp\/v2\/media\/5479"}],"wp:attachment":[{"href":"https:\/\/tvnovelas.com.br\/news\/wp-json\/wp\/v2\/media?parent=5478"}],"wp:term":[{"taxonomy":"category","embeddable":true,"href":"https:\/\/tvnovelas.com.br\/news\/wp-json\/wp\/v2\/categories?post=5478"},{"taxonomy":"post_tag","embeddable":true,"href":"https:\/\/tvnovelas.com.br\/news\/wp-json\/wp\/v2\/tags?post=5478"}],"curies":[{"name":"wp","href":"https:\/\/api.w.org\/{rel}","templated":true}]}}