{"id":5470,"date":"2019-10-09T14:10:41","date_gmt":"2019-10-09T17:10:41","guid":{"rendered":"https:\/\/tvnovelas.com.br\/news\/mundo\/?p=5470"},"modified":"2019-10-11T10:21:32","modified_gmt":"2019-10-11T13:21:32","slug":"irma-dulce-sera-canonizada-domingo-no-vaticano","status":"publish","type":"post","link":"https:\/\/tvnovelas.com.br\/news\/irma-dulce-sera-canonizada-domingo-no-vaticano\/","title":{"rendered":"Irm\u00e3 Dulce ser\u00e1 canonizada domingo no Vaticano"},"content":{"rendered":"<p><a href=\"https:\/\/i0.wp.com\/tvnovelas.com.br\/news\/mundo\/wp-content\/uploads\/2019\/10\/geral595.jpg?ssl=1\"><img data-recalc-dims=\"1\" loading=\"lazy\" decoding=\"async\" src=\"https:\/\/i0.wp.com\/tvnovelas.com.br\/news\/mundo\/wp-content\/uploads\/2019\/10\/geral595.jpg?resize=500%2C318&#038;ssl=1\" alt=\"foto da irm\u00e3 Dulce, com crian\u00e7as\" width=\"500\" height=\"318\" class=\"alignnone wp-image-5485 size-full\" title=\"(Foto: Reprodu\u00e7\u00e3o\/CNBB)\" srcset=\"https:\/\/i0.wp.com\/tvnovelas.com.br\/news\/wp-content\/uploads\/2019\/10\/geral595.jpg?w=500&amp;ssl=1 500w, https:\/\/i0.wp.com\/tvnovelas.com.br\/news\/wp-content\/uploads\/2019\/10\/geral595.jpg?resize=300%2C191&amp;ssl=1 300w\" sizes=\"auto, (max-width: 500px) 100vw, 500px\" \/><\/a><br \/>\nIrm\u00e3 Dulce, tamb\u00e9m conhecida como o &#8220;Anjo Bom da Bahia&#8221;, ser\u00e1 canonizada no Vaticano nete domingo (13), junto com outros quatro beatos: John Henry Newman, Giuseppina Vannini, Maria Teresa Chiramel Mankidiyan e Margarida Bays.<\/p>\n<p>A vida de Irm\u00e3 Dulce, que nasceu em Salvador, foi marcada por a\u00e7\u00f5es de caridade e assist\u00eancia aos mais pobres. A voca\u00e7\u00e3o para ajudar o pr\u00f3ximo se manifestou bem cedo, quando ela ainda era crian\u00e7a. A religiosa, conhecida como o Anjo Bom da Bahia, se tornar\u00e1 a primeira santa nascida no Brasil.<\/p>\n<p>Irm\u00e3 Dulce, cujo nome de batismo era Maria Rita de Souza Brito Lopes Pontes, \u00e9 recordada por sua obras de caridade e de assist\u00eancia aos pobres e necessitados. Ap\u00f3s canoniza\u00e7\u00e3o, a beata levar\u00e1 o nome santo de Santa Dulce dos Pobres e seu dia ser\u00e1 celebrado sempre no dia 13 de agosto, a partir de 2020.<\/p>\n<p><strong>Primeira missa<\/strong><\/p>\n<p>A primeira missa, em solo brasileiro, em homenagem \u00e0 Irm\u00e3 Dulce, p\u00f3s-canoniza\u00e7\u00e3o, acontecer\u00e1 oito dias ap\u00f3s o Anjo Bom da Bahia ser elevada, no Vaticano, \u00e0 honra dos altares, portanto, no dia 20 de outubro, \u00e0s 16h, na Arena Fonte Nova, em Salvador.<\/p>\n<p>Al\u00e9m desta novidade, o arcebispo primaz do Brasil, dom Murilo Krieger, falou ao Portal da CNBB sobre o processo de prepara\u00e7\u00e3o e o impulso que a canoniza\u00e7\u00e3o da Irm\u00e3 Dulce dar\u00e1 \u00e0 dimens\u00e3o da caridade, um dos quatro pilares das Novas Diretrizes Gerais da A\u00e7\u00e3o Evangelizadora da Igreja no Brasil. \u201cNesse sentido, Irm\u00e3 Dulce tem muito a nos ensinar: mais do que nos deixar uma reflex\u00e3o sobre a import\u00e2ncia do amor aos mais necessitados, nos deixou um exemplo concreto, pois foi ao encontro de quem sofre e os socorreu\u201d, disse. Veja a \u00edntegra da entrevista com dom Murilo.<\/p>\n","protected":false},"excerpt":{"rendered":"<p>Irm\u00e3 Dulce, tamb\u00e9m conhecida como o &#8220;Anjo Bom da Bahia&#8221;, ser\u00e1 canonizada no Vaticano nete domingo (13), junto com outros quatro beatos: John Henry Newman, Giuseppina Vannini, Maria Teresa Chiramel Mankidiyan e Margarida Bays. A vida de Irm\u00e3 Dulce, que nasceu em Salvador, foi marcada por a\u00e7\u00f5es de caridade e assist\u00eancia aos mais pobres. A&#8230;<\/p>\n","protected":false},"author":1,"featured_media":5485,"comment_status":"closed","ping_status":"closed","sticky":false,"template":"","format":"standard","meta":{"_monsterinsights_skip_tracking":false,"_monsterinsights_sitenote_active":false,"_monsterinsights_sitenote_note":"","_monsterinsights_sitenote_category":0,"magazine_newspaper_sidebar_layout":"","footnotes":"","jetpack_publicize_message":"","jetpack_publicize_feature_enabled":true,"jetpack_social_post_already_shared":false,"jetpack_social_options":{"image_generator_settings":{"template":"highway","default_image_id":0,"font":"","enabled":false},"version":2}},"categories":[1],"tags":[1225],"class_list":["post-5470","post","type-post","status-publish","format-standard","has-post-thumbnail","hentry","category-blog","tag-canonizacao-de-irma-dulce"],"aioseo_notices":[],"jetpack_publicize_connections":[],"jetpack_featured_media_url":"https:\/\/i0.wp.com\/tvnovelas.com.br\/news\/wp-content\/uploads\/2019\/10\/geral595.jpg?fit=500%2C318&ssl=1","jetpack_sharing_enabled":true,"jetpack_likes_enabled":true,"jetpack-related-posts":[],"jetpack_shortlink":"https:\/\/wp.me\/pfB4mB-1qe","_links":{"self":[{"href":"https:\/\/tvnovelas.com.br\/news\/wp-json\/wp\/v2\/posts\/5470","targetHints":{"allow":["GET"]}}],"collection":[{"href":"https:\/\/tvnovelas.com.br\/news\/wp-json\/wp\/v2\/posts"}],"about":[{"href":"https:\/\/tvnovelas.com.br\/news\/wp-json\/wp\/v2\/types\/post"}],"author":[{"embeddable":true,"href":"https:\/\/tvnovelas.com.br\/news\/wp-json\/wp\/v2\/users\/1"}],"replies":[{"embeddable":true,"href":"https:\/\/tvnovelas.com.br\/news\/wp-json\/wp\/v2\/comments?post=5470"}],"version-history":[{"count":3,"href":"https:\/\/tvnovelas.com.br\/news\/wp-json\/wp\/v2\/posts\/5470\/revisions"}],"predecessor-version":[{"id":5487,"href":"https:\/\/tvnovelas.com.br\/news\/wp-json\/wp\/v2\/posts\/5470\/revisions\/5487"}],"wp:featuredmedia":[{"embeddable":true,"href":"https:\/\/tvnovelas.com.br\/news\/wp-json\/wp\/v2\/media\/5485"}],"wp:attachment":[{"href":"https:\/\/tvnovelas.com.br\/news\/wp-json\/wp\/v2\/media?parent=5470"}],"wp:term":[{"taxonomy":"category","embeddable":true,"href":"https:\/\/tvnovelas.com.br\/news\/wp-json\/wp\/v2\/categories?post=5470"},{"taxonomy":"post_tag","embeddable":true,"href":"https:\/\/tvnovelas.com.br\/news\/wp-json\/wp\/v2\/tags?post=5470"}],"curies":[{"name":"wp","href":"https:\/\/api.w.org\/{rel}","templated":true}]}}