{"id":5458,"date":"2019-10-09T09:28:27","date_gmt":"2019-10-09T12:28:27","guid":{"rendered":"https:\/\/tvnovelas.com.br\/news\/mundo\/?p=5458"},"modified":"2019-10-09T09:29:24","modified_gmt":"2019-10-09T12:29:24","slug":"papa-francisco-nomeia-novo-arcebispo-para-vitoria-da-conquista-ba","status":"publish","type":"post","link":"https:\/\/tvnovelas.com.br\/news\/papa-francisco-nomeia-novo-arcebispo-para-vitoria-da-conquista-ba\/","title":{"rendered":"Papa Francisco nomeia novo arcebispo para Vit\u00f3ria da Conquista (BA)"},"content":{"rendered":"<p><a href=\"https:\/\/i0.wp.com\/tvnovelas.com.br\/news\/mundo\/wp-content\/uploads\/2019\/10\/geral585.jpg?ssl=1\"><img data-recalc-dims=\"1\" loading=\"lazy\" decoding=\"async\" src=\"https:\/\/i0.wp.com\/tvnovelas.com.br\/news\/mundo\/wp-content\/uploads\/2019\/10\/geral585.jpg?resize=500%2C333&#038;ssl=1\" alt=\"Foto de Dom Josaf\u00e1 Menezes\" width=\"500\" height=\"333\" class=\"alignnone wp-image-5459 size-full\" title=\"Dom Josaf\u00e1 Menezes | Foto: Diocese de Barreiras (BA)\" srcset=\"https:\/\/i0.wp.com\/tvnovelas.com.br\/news\/wp-content\/uploads\/2019\/10\/geral585.jpg?w=500&amp;ssl=1 500w, https:\/\/i0.wp.com\/tvnovelas.com.br\/news\/wp-content\/uploads\/2019\/10\/geral585.jpg?resize=300%2C200&amp;ssl=1 300w, https:\/\/i0.wp.com\/tvnovelas.com.br\/news\/wp-content\/uploads\/2019\/10\/geral585.jpg?resize=450%2C300&amp;ssl=1 450w, https:\/\/i0.wp.com\/tvnovelas.com.br\/news\/wp-content\/uploads\/2019\/10\/geral585.jpg?resize=360%2C240&amp;ssl=1 360w\" sizes=\"auto, (max-width: 500px) 100vw, 500px\" \/><\/a><\/p>\n<p>O Papa Francisco nomeou nesta quarta-feira, 9 de outubro, o novo arcebispo para a arquidiocese de Vit\u00f3ria da Conquista (BA). Dom Josaf\u00e1 Menezes da Silva, at\u00e9 ent\u00e3o bispo de Barreiras (BA), assume o governo pastoral da Igreja Particular, sucedendo a dom Lu\u00eds Gonzaga Silva Pepeu, que teve o pedido de ren\u00fancia aceito pelo Papa.<\/p>\n<p>Dom Josaf\u00e1 nasceu em 2 de janeiro de 1959, na cidade de Salinas de Margarida (BA). Foi ordenado sacerdote em 14 de maio de 1989 e bispo no dia 10 de mar\u00e7o de 2005. Est\u00e1 \u00e0 frente da diocese de Barreiras desde 26 de fevereiro de 2011, sendo o segundo bispo desta Igreja Particular. Seu lema episcopal \u00e9 Praedica verbum (Prega a Palavra), extra\u00eddo da segunda Carta de S\u00e3o Paulo a Tim\u00f3teo (2Tm 4, 2).<\/p>\n<p>Seu minist\u00e9rio episcopal teve in\u00edcio na arquidiocese de Salvador (BA), onde foi bispo auxiliar entre 2005 e 2010. Tamb\u00e9m atuou como administrador apost\u00f3lico da diocese de Bom Jesus da Lapa, entre maio de 2014 e setembro de 2015. No regional Nordeste 3 da Confer\u00eancia Nacional dos Bispos do Brasil (CNBB), foi bispo referencial para o Ecumenismo e Di\u00e1logo Inter-Religioso (2011-2015) e para a Pastoral da Comunica\u00e7\u00e3o (2015-2019), al\u00e9m de coordenador da Regi\u00e3o Pastoral do Oeste da Bahia (2016-2019).<\/p>\n","protected":false},"excerpt":{"rendered":"<p>O Papa Francisco nomeou nesta quarta-feira, 9 de outubro, o novo arcebispo para a arquidiocese de Vit\u00f3ria da Conquista (BA). Dom Josaf\u00e1 Menezes da Silva, at\u00e9 ent\u00e3o bispo de Barreiras (BA), assume o governo pastoral da Igreja Particular, sucedendo a dom Lu\u00eds Gonzaga Silva Pepeu, que teve o pedido de ren\u00fancia aceito pelo Papa. Dom&#8230;<\/p>\n","protected":false},"author":1,"featured_media":5459,"comment_status":"closed","ping_status":"closed","sticky":false,"template":"","format":"standard","meta":{"_monsterinsights_skip_tracking":false,"_monsterinsights_sitenote_active":false,"_monsterinsights_sitenote_note":"","_monsterinsights_sitenote_category":0,"magazine_newspaper_sidebar_layout":"","footnotes":"","jetpack_publicize_message":"","jetpack_publicize_feature_enabled":true,"jetpack_social_post_already_shared":false,"jetpack_social_options":{"image_generator_settings":{"template":"highway","default_image_id":0,"font":"","enabled":false},"version":2}},"categories":[1],"tags":[1223,1222,1221,1224,351],"class_list":["post-5458","post","type-post","status-publish","format-standard","has-post-thumbnail","hentry","category-blog","tag-arcebispo-para-vitoria-da-conquista","tag-diocese-de-barreiras-ba","tag-dom-josafa-menezes","tag-episcopado","tag-papa-francisco"],"aioseo_notices":[],"jetpack_publicize_connections":[],"jetpack_featured_media_url":"https:\/\/i0.wp.com\/tvnovelas.com.br\/news\/wp-content\/uploads\/2019\/10\/geral585.jpg?fit=500%2C333&ssl=1","jetpack_sharing_enabled":true,"jetpack_likes_enabled":true,"jetpack-related-posts":[],"jetpack_shortlink":"https:\/\/wp.me\/pfB4mB-1q2","_links":{"self":[{"href":"https:\/\/tvnovelas.com.br\/news\/wp-json\/wp\/v2\/posts\/5458","targetHints":{"allow":["GET"]}}],"collection":[{"href":"https:\/\/tvnovelas.com.br\/news\/wp-json\/wp\/v2\/posts"}],"about":[{"href":"https:\/\/tvnovelas.com.br\/news\/wp-json\/wp\/v2\/types\/post"}],"author":[{"embeddable":true,"href":"https:\/\/tvnovelas.com.br\/news\/wp-json\/wp\/v2\/users\/1"}],"replies":[{"embeddable":true,"href":"https:\/\/tvnovelas.com.br\/news\/wp-json\/wp\/v2\/comments?post=5458"}],"version-history":[{"count":2,"href":"https:\/\/tvnovelas.com.br\/news\/wp-json\/wp\/v2\/posts\/5458\/revisions"}],"predecessor-version":[{"id":5461,"href":"https:\/\/tvnovelas.com.br\/news\/wp-json\/wp\/v2\/posts\/5458\/revisions\/5461"}],"wp:featuredmedia":[{"embeddable":true,"href":"https:\/\/tvnovelas.com.br\/news\/wp-json\/wp\/v2\/media\/5459"}],"wp:attachment":[{"href":"https:\/\/tvnovelas.com.br\/news\/wp-json\/wp\/v2\/media?parent=5458"}],"wp:term":[{"taxonomy":"category","embeddable":true,"href":"https:\/\/tvnovelas.com.br\/news\/wp-json\/wp\/v2\/categories?post=5458"},{"taxonomy":"post_tag","embeddable":true,"href":"https:\/\/tvnovelas.com.br\/news\/wp-json\/wp\/v2\/tags?post=5458"}],"curies":[{"name":"wp","href":"https:\/\/api.w.org\/{rel}","templated":true}]}}