{"id":5413,"date":"2019-10-04T12:10:21","date_gmt":"2019-10-04T15:10:21","guid":{"rendered":"https:\/\/tvnovelas.com.br\/news\/mundo\/?p=5413"},"modified":"2019-10-04T12:13:59","modified_gmt":"2019-10-04T15:13:59","slug":"36a-oktoberfest-blumenau-investe-em-seguranca-ao-publico","status":"publish","type":"post","link":"https:\/\/tvnovelas.com.br\/news\/36a-oktoberfest-blumenau-investe-em-seguranca-ao-publico\/","title":{"rendered":"36\u00aa Oktoberfest Blumenau investe em seguran\u00e7a ao p\u00fablico"},"content":{"rendered":"<p><a href=\"https:\/\/i0.wp.com\/tvnovelas.com.br\/news\/mundo\/wp-content\/uploads\/2019\/10\/geral578.jpg?ssl=1\"><img data-recalc-dims=\"1\" loading=\"lazy\" decoding=\"async\" src=\"https:\/\/i0.wp.com\/tvnovelas.com.br\/news\/mundo\/wp-content\/uploads\/2019\/10\/geral578.jpg?resize=500%2C332&#038;ssl=1\" alt=\"Foto da sala de controla\" width=\"500\" height=\"332\" class=\"alignnone wp-image-5414 size-full\" title=\"(Foto: Eraldo Schnaider\/PMB)\" srcset=\"https:\/\/i0.wp.com\/tvnovelas.com.br\/news\/wp-content\/uploads\/2019\/10\/geral578.jpg?w=500&amp;ssl=1 500w, https:\/\/i0.wp.com\/tvnovelas.com.br\/news\/wp-content\/uploads\/2019\/10\/geral578.jpg?resize=300%2C199&amp;ssl=1 300w, https:\/\/i0.wp.com\/tvnovelas.com.br\/news\/wp-content\/uploads\/2019\/10\/geral578.jpg?resize=450%2C300&amp;ssl=1 450w, https:\/\/i0.wp.com\/tvnovelas.com.br\/news\/wp-content\/uploads\/2019\/10\/geral578.jpg?resize=360%2C240&amp;ssl=1 360w\" sizes=\"auto, (max-width: 500px) 100vw, 500px\" \/><\/a><\/p>\n<p>A Oktoberfest Blumenau, que acontece de 9 a 27 de outubro, busca, ano a ano, se aperfei\u00e7oar para dar ainda mais seguran\u00e7a e conforto aos visitantes. Nesta quinta-feira, dia 3, a organiza\u00e7\u00e3o, junto \u00e0s entidades parceiras na garantia da seguran\u00e7a e limpeza da festa, promoveu uma coletiva de imprensa para falar sobre as novidades desta edi\u00e7\u00e3o. Em 2018, nos 19 dias de Oktoberfest, 592.291 pessoas passaram pelos quatro setores do Parque Vila Germ\u00e2nica, conhecendo o melhor da tradi\u00e7\u00e3o na festa mais alem\u00e3 das Am\u00e9ricas.<\/p>\n<p>Entre os destaques, est\u00e3o incremento e tecnologias inovadoras no monitoramento por c\u00e2meras, novo maquin\u00e1rio de limpeza, al\u00e9m de aumento no efetivo policial. O prefeito M\u00e1rio Hildebrandt destaca a import\u00e2ncia de avan\u00e7os no setor.<\/p>\n<p>\u201cO objetivo \u00e9 sempre aprimorar e dar mais qualidade e seguran\u00e7a aos que visitam e tamb\u00e9m trabalham na Oktoberfest. E o avan\u00e7o na tecnologia tem nos ajudado muito nisso. Nas \u00faltimas edi\u00e7\u00f5es os n\u00fameros de ocorr\u00eancias ca\u00edram e isso tamb\u00e9m \u00e9 fruto do investimento que tem sido feito em seguran\u00e7a e em tecnologia. Nosso desejo \u00e9 que a comunidade e os visitantes possam aproveitar nossa festa, com a certeza de que faremos o poss\u00edvel e trabalharemos muito para seguir com essa qualidade\u201d, destaca Hildebrandt.<\/p>\n<p><strong>Inova\u00e7\u00e3o em seguran\u00e7a<\/strong><br \/>\nNeste ano a 36\u00aa Oktoberfest Blumenau conta com parceria de peso no quesito solu\u00e7\u00f5es em seguran\u00e7a e tecnologia. A Intelbras, patrocinadora da festa, equipar\u00e1 as entradas, pavilh\u00f5es e arredores do Parque Vila Germ\u00e2nica com c\u00e2meras que utilizam Intelig\u00eancia Artificial e outras tecnologias inovadoras, gerenciadas pelo software Defense, como reconhecimento facial, contagem de pessoas e leitura de placas. O n\u00famero de c\u00e2meras de monitoramento dobrou: de 60, a festa passar\u00e1 a ter 120. Os produtos, que incluem c\u00e2meras e Gravadores Inteligentes de V\u00eddeo (SVRs), possibilitar\u00e3o que os visitantes possam curtir a Oktoberfest com tranquilidade, e, sobretudo, seguran\u00e7a.<\/p>\n<p><strong>Efetivo policial militar<\/strong><br \/>\nPara refor\u00e7ar o efetivo, a festa receber\u00e1 policiais de outras regi\u00f5es. Al\u00e9m disso, ser\u00e3o usados tablets e smartphones para acesso ao PMSC Mobile (aplicativo para gerenciamento de ocorr\u00eancias), Aeronaves Remotamente Pilotadas (drones), bem como c\u00e2meras acopladas \u00e0 farda, registrando em \u00e1udio e v\u00eddeo os contatos entre policiais e os visitantes.<\/p>\n","protected":false},"excerpt":{"rendered":"<p>A Oktoberfest Blumenau, que acontece de 9 a 27 de outubro, busca, ano a ano, se aperfei\u00e7oar para dar ainda mais seguran\u00e7a e conforto aos visitantes. Nesta quinta-feira, dia 3, a organiza\u00e7\u00e3o, junto \u00e0s entidades parceiras na garantia da seguran\u00e7a e limpeza da festa, promoveu uma coletiva de imprensa para falar sobre as novidades desta&#8230;<\/p>\n","protected":false},"author":1,"featured_media":5414,"comment_status":"closed","ping_status":"closed","sticky":false,"template":"","format":"standard","meta":{"_monsterinsights_skip_tracking":false,"_monsterinsights_sitenote_active":false,"_monsterinsights_sitenote_note":"","_monsterinsights_sitenote_category":0,"magazine_newspaper_sidebar_layout":"","footnotes":"","jetpack_publicize_message":"","jetpack_publicize_feature_enabled":true,"jetpack_social_post_already_shared":false,"jetpack_social_options":{"image_generator_settings":{"template":"highway","default_image_id":0,"font":"","enabled":false},"version":2}},"categories":[1],"tags":[1156,1155],"class_list":["post-5413","post","type-post","status-publish","format-standard","has-post-thumbnail","hentry","category-blog","tag-blumenau","tag-oktoberfest"],"aioseo_notices":[],"jetpack_publicize_connections":[],"jetpack_featured_media_url":"https:\/\/i0.wp.com\/tvnovelas.com.br\/news\/wp-content\/uploads\/2019\/10\/geral578.jpg?fit=500%2C332&ssl=1","jetpack_sharing_enabled":true,"jetpack_likes_enabled":true,"jetpack-related-posts":[],"jetpack_shortlink":"https:\/\/wp.me\/pfB4mB-1pj","_links":{"self":[{"href":"https:\/\/tvnovelas.com.br\/news\/wp-json\/wp\/v2\/posts\/5413","targetHints":{"allow":["GET"]}}],"collection":[{"href":"https:\/\/tvnovelas.com.br\/news\/wp-json\/wp\/v2\/posts"}],"about":[{"href":"https:\/\/tvnovelas.com.br\/news\/wp-json\/wp\/v2\/types\/post"}],"author":[{"embeddable":true,"href":"https:\/\/tvnovelas.com.br\/news\/wp-json\/wp\/v2\/users\/1"}],"replies":[{"embeddable":true,"href":"https:\/\/tvnovelas.com.br\/news\/wp-json\/wp\/v2\/comments?post=5413"}],"version-history":[{"count":2,"href":"https:\/\/tvnovelas.com.br\/news\/wp-json\/wp\/v2\/posts\/5413\/revisions"}],"predecessor-version":[{"id":5416,"href":"https:\/\/tvnovelas.com.br\/news\/wp-json\/wp\/v2\/posts\/5413\/revisions\/5416"}],"wp:featuredmedia":[{"embeddable":true,"href":"https:\/\/tvnovelas.com.br\/news\/wp-json\/wp\/v2\/media\/5414"}],"wp:attachment":[{"href":"https:\/\/tvnovelas.com.br\/news\/wp-json\/wp\/v2\/media?parent=5413"}],"wp:term":[{"taxonomy":"category","embeddable":true,"href":"https:\/\/tvnovelas.com.br\/news\/wp-json\/wp\/v2\/categories?post=5413"},{"taxonomy":"post_tag","embeddable":true,"href":"https:\/\/tvnovelas.com.br\/news\/wp-json\/wp\/v2\/tags?post=5413"}],"curies":[{"name":"wp","href":"https:\/\/api.w.org\/{rel}","templated":true}]}}