{"id":5312,"date":"2019-10-01T08:56:37","date_gmt":"2019-10-01T11:56:37","guid":{"rendered":"https:\/\/tvnovelas.com.br\/news\/mundo\/?p=5312"},"modified":"2019-10-01T08:56:37","modified_gmt":"2019-10-01T11:56:37","slug":"numero-de-pessoas-com-mais-de-60-anos-deve-subir-46-ate-2030-preve-a-onu","status":"publish","type":"post","link":"https:\/\/tvnovelas.com.br\/news\/numero-de-pessoas-com-mais-de-60-anos-deve-subir-46-ate-2030-preve-a-onu\/","title":{"rendered":"N\u00famero de pessoas com mais de 60 anos deve subir 46% at\u00e9 2030, prev\u00ea a ONU"},"content":{"rendered":"<p><a href=\"https:\/\/i0.wp.com\/tvnovelas.com.br\/news\/mundo\/wp-content\/uploads\/2019\/10\/geral560.jpg?ssl=1\"><img data-recalc-dims=\"1\" loading=\"lazy\" decoding=\"async\" src=\"https:\/\/i0.wp.com\/tvnovelas.com.br\/news\/mundo\/wp-content\/uploads\/2019\/10\/geral560.jpg?resize=500%2C330&#038;ssl=1\" alt=\"Foto ilustrativa, idosa\" width=\"500\" height=\"330\" class=\"alignnone wp-image-5313 size-full\" title=\"Foto: UNFPA\" srcset=\"https:\/\/i0.wp.com\/tvnovelas.com.br\/news\/wp-content\/uploads\/2019\/10\/geral560.jpg?w=500&amp;ssl=1 500w, https:\/\/i0.wp.com\/tvnovelas.com.br\/news\/wp-content\/uploads\/2019\/10\/geral560.jpg?resize=300%2C198&amp;ssl=1 300w\" sizes=\"auto, (max-width: 500px) 100vw, 500px\" \/><\/a><\/p>\n<p>Dia Internacional das Pessoas Idosas \u00e9 celebrado neste 1\u00ba de outubro. Atualmente, existem mais de 700 milh\u00f5es de pessoas acima de 60 anos. A previs\u00e3o, segundo a ONU \u00e9 que at\u00e9 2030 quantidade de popula\u00e7\u00e3o nesta faixa et\u00e1ria pode chegar a at\u00e9 1,4 bilh\u00e3o de cidad\u00e3os, ultrapassando total global de jovens e de crian\u00e7as abaixo de 10 anos.<\/p>\n<p>Entre 2017 e 2030, o mundo poder\u00e1 vivenciar um aumento de 46% em sua popula\u00e7\u00e3o com mais de 60 anos de idade.<\/p>\n<p>O crescimento seria ainda mais r\u00e1pido nos pa\u00edses em desenvolvimento, o que pode representar uma das transforma\u00e7\u00f5es sociais mais importantes do s\u00e9culo 21. A \u00c1sia dever\u00e1 concentrar a maioria dos idosos enquanto o continente africano registrar\u00e1 o maior crescimento proporcional.<\/p>\n<p>Neste Dia Internacional das Pessoas Idosas, a ONU escolheu o tema \u201cUma Jornada para e Igualdade Et\u00e1ria\u201d.<\/p>\n<p>Uma das metas associadas da Agenda 2030 \u00e9 a coopera\u00e7\u00e3o entre gera\u00e7\u00f5es.<\/p>\n<p>Dar autonomia a pessoas idosas e inclu\u00ed-las na vida pol\u00edtica, econ\u00f4mica e social \u00e9 uma forma de reduzir desigualdades.<\/p>\n<p>O Objetivo de Desenvolvimento Sustent\u00e1vel 10 sobre redu\u00e7\u00e3o de desigualdades entre pa\u00edses e dentro deles visa eliminar discrimina\u00e7\u00e3o et\u00e1ria e dar poder a todos independentemente de idade, religi\u00e3o, sexo, etnia e outros fatores.<\/p>\n","protected":false},"excerpt":{"rendered":"<p>Dia Internacional das Pessoas Idosas \u00e9 celebrado neste 1\u00ba de outubro. Atualmente, existem mais de 700 milh\u00f5es de pessoas acima de 60 anos. A previs\u00e3o, segundo a ONU \u00e9 que at\u00e9 2030 quantidade de popula\u00e7\u00e3o nesta faixa et\u00e1ria pode chegar a at\u00e9 1,4 bilh\u00e3o de cidad\u00e3os, ultrapassando total global de jovens e de crian\u00e7as abaixo&#8230;<\/p>\n","protected":false},"author":1,"featured_media":5313,"comment_status":"closed","ping_status":"closed","sticky":false,"template":"","format":"standard","meta":{"_monsterinsights_skip_tracking":false,"_monsterinsights_sitenote_active":false,"_monsterinsights_sitenote_note":"","_monsterinsights_sitenote_category":0,"magazine_newspaper_sidebar_layout":"","footnotes":"","jetpack_publicize_message":"","jetpack_publicize_feature_enabled":true,"jetpack_social_post_already_shared":false,"jetpack_social_options":{"image_generator_settings":{"template":"highway","default_image_id":0,"font":"","enabled":false},"version":2}},"categories":[168],"tags":[1143,1144],"class_list":["post-5312","post","type-post","status-publish","format-standard","has-post-thumbnail","hentry","category-mundo","tag-dia-internacional-do-idoso","tag-idosos-populacao-de-idosos"],"aioseo_notices":[],"jetpack_publicize_connections":[],"jetpack_featured_media_url":"https:\/\/i0.wp.com\/tvnovelas.com.br\/news\/wp-content\/uploads\/2019\/10\/geral560.jpg?fit=500%2C330&ssl=1","jetpack_sharing_enabled":true,"jetpack_likes_enabled":true,"jetpack-related-posts":[],"jetpack_shortlink":"https:\/\/wp.me\/pfB4mB-1nG","_links":{"self":[{"href":"https:\/\/tvnovelas.com.br\/news\/wp-json\/wp\/v2\/posts\/5312","targetHints":{"allow":["GET"]}}],"collection":[{"href":"https:\/\/tvnovelas.com.br\/news\/wp-json\/wp\/v2\/posts"}],"about":[{"href":"https:\/\/tvnovelas.com.br\/news\/wp-json\/wp\/v2\/types\/post"}],"author":[{"embeddable":true,"href":"https:\/\/tvnovelas.com.br\/news\/wp-json\/wp\/v2\/users\/1"}],"replies":[{"embeddable":true,"href":"https:\/\/tvnovelas.com.br\/news\/wp-json\/wp\/v2\/comments?post=5312"}],"version-history":[{"count":1,"href":"https:\/\/tvnovelas.com.br\/news\/wp-json\/wp\/v2\/posts\/5312\/revisions"}],"predecessor-version":[{"id":5314,"href":"https:\/\/tvnovelas.com.br\/news\/wp-json\/wp\/v2\/posts\/5312\/revisions\/5314"}],"wp:featuredmedia":[{"embeddable":true,"href":"https:\/\/tvnovelas.com.br\/news\/wp-json\/wp\/v2\/media\/5313"}],"wp:attachment":[{"href":"https:\/\/tvnovelas.com.br\/news\/wp-json\/wp\/v2\/media?parent=5312"}],"wp:term":[{"taxonomy":"category","embeddable":true,"href":"https:\/\/tvnovelas.com.br\/news\/wp-json\/wp\/v2\/categories?post=5312"},{"taxonomy":"post_tag","embeddable":true,"href":"https:\/\/tvnovelas.com.br\/news\/wp-json\/wp\/v2\/tags?post=5312"}],"curies":[{"name":"wp","href":"https:\/\/api.w.org\/{rel}","templated":true}]}}