{"id":5280,"date":"2019-09-29T09:34:48","date_gmt":"2019-09-29T12:34:48","guid":{"rendered":"https:\/\/tvnovelas.com.br\/news\/mundo\/?p=5280"},"modified":"2019-09-29T09:34:48","modified_gmt":"2019-09-29T12:34:48","slug":"diamantina-mg-recebe-o-5o-festival-de-historia","status":"publish","type":"post","link":"https:\/\/tvnovelas.com.br\/news\/diamantina-mg-recebe-o-5o-festival-de-historia\/","title":{"rendered":"Diamantina (MG) recebe o 5\u00ba Festival de Hist\u00f3ria"},"content":{"rendered":"<p><a href=\"https:\/\/i0.wp.com\/tvnovelas.com.br\/news\/mundo\/wp-content\/uploads\/2019\/09\/geral555.jpg?ssl=1\"><img data-recalc-dims=\"1\" loading=\"lazy\" decoding=\"async\" src=\"https:\/\/i0.wp.com\/tvnovelas.com.br\/news\/mundo\/wp-content\/uploads\/2019\/09\/geral555.jpg?resize=565%2C330&#038;ssl=1\" alt=\"Vista parcial de Diamantina\" width=\"565\" height=\"330\" class=\"alignnone wp-image-5281 size-full\" title=\"(Foto: PM Diamantina)\" srcset=\"https:\/\/i0.wp.com\/tvnovelas.com.br\/news\/wp-content\/uploads\/2019\/09\/geral555.jpg?w=565&amp;ssl=1 565w, https:\/\/i0.wp.com\/tvnovelas.com.br\/news\/wp-content\/uploads\/2019\/09\/geral555.jpg?resize=300%2C175&amp;ssl=1 300w\" sizes=\"auto, (max-width: 565px) 100vw, 565px\" \/><\/a><\/p>\n<p>Hist\u00f3rias do povo brasileiro. Esse \u00e9 o tema da quinta edi\u00e7\u00e3o do Festival de <a href=\"http:\/\/www.festivaldehistoria.com.br\/\">Hist\u00f3ria (fHist)<\/a>, que acontece em Diamantina (MG) entre os dias 02 e 05 de outubro. O evento, que conta com a parceria do Instituto do Patrim\u00f4nio Hist\u00f3rico e Art\u00edstico Nacional (Iphan), tem como sede a cidade de Diamantina (MG), que comemora, em 2019, 20 anos como Patrim\u00f4nio Mundial.<\/p>\n<p>A programa\u00e7\u00e3o, inspirada na obra do antrop\u00f3logo e educador Darcy Ribeiro, busca refletir, debater e celebrar a diversidade da forma\u00e7\u00e3o cultural da sociedade. As inscri\u00e7\u00f5es para o festival podem ser feitas pela internet e custam R$30,00 para estudantes, R$60,00 para professores e R$100,00 para o p\u00fablico geral.<\/p>\n<p>O 5\u00ba fHist e a Prefeitura de Diamantina, promovem tamb\u00e9m um concurso de desenho e produ\u00e7\u00e3o escrita com o tema: Por que Diamantina \u00e9 Patrim\u00f4nio Cultural da Humanidade? voltado para os alunos da rede de ensino fundamental e m\u00e9dio. O concurso, em comemora\u00e7\u00e3o ao 20\u00ba anivers\u00e1rio do t\u00edtulo de Patrim\u00f4nio Mundial do Centro Hist\u00f3rico de Diamantina, premiar\u00e1 todos os alunos indicados pelas escolas com um certificado de participa\u00e7\u00e3o. Os finalistas ganhar\u00e3o uma bicicleta, um tablet, um notebook ou uma viagem \u00e0 Bras\u00edlia, com acompanhante e ajuda de custo, de acordo com cada categoria. Os professores dos alunos selecionados tamb\u00e9m ser\u00e3o premiados com uma viagem \u00e0 um polo hist\u00f3rico e tur\u00edstico mineiro.<\/p>\n","protected":false},"excerpt":{"rendered":"<p>Hist\u00f3rias do povo brasileiro. Esse \u00e9 o tema da quinta edi\u00e7\u00e3o do Festival de Hist\u00f3ria (fHist), que acontece em Diamantina (MG) entre os dias 02 e 05 de outubro. O evento, que conta com a parceria do Instituto do Patrim\u00f4nio Hist\u00f3rico e Art\u00edstico Nacional (Iphan), tem como sede a cidade de Diamantina (MG), que comemora,&#8230;<\/p>\n","protected":false},"author":1,"featured_media":5281,"comment_status":"closed","ping_status":"closed","sticky":false,"template":"","format":"standard","meta":{"_monsterinsights_skip_tracking":false,"_monsterinsights_sitenote_active":false,"_monsterinsights_sitenote_note":"","_monsterinsights_sitenote_category":0,"magazine_newspaper_sidebar_layout":"","footnotes":"","jetpack_publicize_message":"","jetpack_publicize_feature_enabled":true,"jetpack_social_post_already_shared":false,"jetpack_social_options":{"image_generator_settings":{"template":"highway","default_image_id":0,"font":"","enabled":false},"version":2}},"categories":[213],"tags":[1138,1137],"class_list":["post-5280","post","type-post","status-publish","format-standard","has-post-thumbnail","hentry","category-cultura","tag-diamantina-mg","tag-festival-de-historia-fhist"],"aioseo_notices":[],"jetpack_publicize_connections":[],"jetpack_featured_media_url":"https:\/\/i0.wp.com\/tvnovelas.com.br\/news\/wp-content\/uploads\/2019\/09\/geral555.jpg?fit=565%2C330&ssl=1","jetpack_sharing_enabled":true,"jetpack_likes_enabled":true,"jetpack-related-posts":[],"jetpack_shortlink":"https:\/\/wp.me\/pfB4mB-1na","_links":{"self":[{"href":"https:\/\/tvnovelas.com.br\/news\/wp-json\/wp\/v2\/posts\/5280","targetHints":{"allow":["GET"]}}],"collection":[{"href":"https:\/\/tvnovelas.com.br\/news\/wp-json\/wp\/v2\/posts"}],"about":[{"href":"https:\/\/tvnovelas.com.br\/news\/wp-json\/wp\/v2\/types\/post"}],"author":[{"embeddable":true,"href":"https:\/\/tvnovelas.com.br\/news\/wp-json\/wp\/v2\/users\/1"}],"replies":[{"embeddable":true,"href":"https:\/\/tvnovelas.com.br\/news\/wp-json\/wp\/v2\/comments?post=5280"}],"version-history":[{"count":1,"href":"https:\/\/tvnovelas.com.br\/news\/wp-json\/wp\/v2\/posts\/5280\/revisions"}],"predecessor-version":[{"id":5282,"href":"https:\/\/tvnovelas.com.br\/news\/wp-json\/wp\/v2\/posts\/5280\/revisions\/5282"}],"wp:featuredmedia":[{"embeddable":true,"href":"https:\/\/tvnovelas.com.br\/news\/wp-json\/wp\/v2\/media\/5281"}],"wp:attachment":[{"href":"https:\/\/tvnovelas.com.br\/news\/wp-json\/wp\/v2\/media?parent=5280"}],"wp:term":[{"taxonomy":"category","embeddable":true,"href":"https:\/\/tvnovelas.com.br\/news\/wp-json\/wp\/v2\/categories?post=5280"},{"taxonomy":"post_tag","embeddable":true,"href":"https:\/\/tvnovelas.com.br\/news\/wp-json\/wp\/v2\/tags?post=5280"}],"curies":[{"name":"wp","href":"https:\/\/api.w.org\/{rel}","templated":true}]}}