{"id":5262,"date":"2019-09-26T11:12:23","date_gmt":"2019-09-26T14:12:23","guid":{"rendered":"https:\/\/tvnovelas.com.br\/news\/mundo\/?p=5262"},"modified":"2019-09-26T11:12:23","modified_gmt":"2019-09-26T14:12:23","slug":"balneario-camboriu-pode-ter-porto-com-terminal-de-passageiros-exclusivo","status":"publish","type":"post","link":"https:\/\/tvnovelas.com.br\/news\/balneario-camboriu-pode-ter-porto-com-terminal-de-passageiros-exclusivo\/","title":{"rendered":"Balne\u00e1rio Cambori\u00fa pode ter porto com terminal de passageiros exclusivo"},"content":{"rendered":"<figure id=\"attachment_5263\" aria-describedby=\"caption-attachment-5263\" style=\"width: 500px\" class=\"wp-caption alignnone\"><a href=\"https:\/\/i0.wp.com\/tvnovelas.com.br\/news\/mundo\/wp-content\/uploads\/2019\/09\/geral547.jpg?ssl=1\"><img data-recalc-dims=\"1\" loading=\"lazy\" decoding=\"async\" src=\"https:\/\/i0.wp.com\/tvnovelas.com.br\/news\/mundo\/wp-content\/uploads\/2019\/09\/geral547.jpg?resize=500%2C334&#038;ssl=1\" alt=\"Projeto do terminal de passageiros exclusivo de Balne\u00e1rio Cambori\u00fa.\" width=\"500\" height=\"334\" class=\"wp-image-5263 size-full\" srcset=\"https:\/\/i0.wp.com\/tvnovelas.com.br\/news\/wp-content\/uploads\/2019\/09\/geral547.jpg?w=500&amp;ssl=1 500w, https:\/\/i0.wp.com\/tvnovelas.com.br\/news\/wp-content\/uploads\/2019\/09\/geral547.jpg?resize=300%2C200&amp;ssl=1 300w, https:\/\/i0.wp.com\/tvnovelas.com.br\/news\/wp-content\/uploads\/2019\/09\/geral547.jpg?resize=450%2C300&amp;ssl=1 450w, https:\/\/i0.wp.com\/tvnovelas.com.br\/news\/wp-content\/uploads\/2019\/09\/geral547.jpg?resize=360%2C240&amp;ssl=1 360w\" sizes=\"auto, (max-width: 500px) 100vw, 500px\" \/><\/a><figcaption id=\"caption-attachment-5263\" class=\"wp-caption-text\">Projeto do terminal de passageiros exclusivo de Balne\u00e1rio Cambori\u00fa. Cr\u00e9dito: Divulga\u00e7\u00e3o<\/figcaption><\/figure>\n<p>O Brasil pode ter o primeiro porto com terminal de passageiros exclusivo para cruzeiristas. O Minist\u00e9rio da Infraestrutura assinou, nesta quarta-feira (25), o contrato de ades\u00e3o em Terminais de Uso Privado (UTPs) que permite a constru\u00e7\u00e3o do porto de Balne\u00e1rio Cambori\u00fa pela empresa PDBS.<\/p>\n<p>O porto de Balne\u00e1rio Cambori\u00fa \u00e9 o primeiro passo de um projeto que pretende construir 15 instala\u00e7\u00f5es voltadas para o turismo mar\u00edtimo em todo o Brasil. A expectativa \u00e9 de atrair mais empresas do setor de cruzeiros, mais navios para a costa brasileira, e aumentar significativamente o n\u00famero de turistas e o impacto econ\u00f4mico do setor.<\/p>\n<p>\u201cPara que o turismo seja desenvolvido, precisamos de infraestrutura. O BNDES vai oferecer linhas de cr\u00e9dito para o financiamento de portos para receptivo de turistas. Ser\u00e3o pelo menos 15 portos, sendo o primeiro deles o de Balne\u00e1rio Cambori\u00fa. Exatamente para dar condi\u00e7\u00f5es aos navios de aportarem e conseguirem fazer com que os turistas tenham acesso \u00e0s cidades na costa brasileira. Isso \u00e9 fundamental para girar a economia\u201d, destacou o ministro Marcelo \u00c1lvaro Ant\u00f4nio.<\/p>\n<p>Segundo dados da Associa\u00e7\u00e3o Brasileira de Cruzeiros Mar\u00edtimos (Clia Brasil), o pa\u00eds recebeu sete navios e teve 462,3 mil cruzeiristas na temporada 2018\/2019, o que gerou uma movimenta\u00e7\u00e3o de R$ 2,083 bilh\u00f5es. Foram oferecidos quase 500 mil leitos no per\u00edodo, n\u00famero 15% superior ao da temporada passada, e os navios registraram 100% de ocupa\u00e7\u00e3o. Os turistas tiveram um tempo m\u00e9dio de perman\u00eancia de 5,5 dias e um gasto m\u00e9dio de R$ 2.929. Em cada cidade de escala, o impacto econ\u00f4mico m\u00e9dio gerado pelos cruzeiristas foi de R$ 581,35.<\/p>\n<p>O Minist\u00e9rio do Turismo infomou que em termos de empregos, a temporada 2018\/2019 gerou 31,9 mil postos de trabalho na economia brasileira, resultado 15,3% superior ao n\u00famero alcan\u00e7ado em 2017\/2018. Deste total, 2,1 mil foram de tripulantes dos navios e 29,8 mil de empregos diversos. Foi o melhor resultado das \u00faltimas quatro temporadas.<\/p>\n","protected":false},"excerpt":{"rendered":"<p>O Brasil pode ter o primeiro porto com terminal de passageiros exclusivo para cruzeiristas. O Minist\u00e9rio da Infraestrutura assinou, nesta quarta-feira (25), o contrato de ades\u00e3o em Terminais de Uso Privado (UTPs) que permite a constru\u00e7\u00e3o do porto de Balne\u00e1rio Cambori\u00fa pela empresa PDBS. O porto de Balne\u00e1rio Cambori\u00fa \u00e9 o primeiro passo de um&#8230;<\/p>\n","protected":false},"author":1,"featured_media":5263,"comment_status":"closed","ping_status":"closed","sticky":false,"template":"","format":"standard","meta":{"_monsterinsights_skip_tracking":false,"_monsterinsights_sitenote_active":false,"_monsterinsights_sitenote_note":"","_monsterinsights_sitenote_category":0,"magazine_newspaper_sidebar_layout":"","footnotes":"","jetpack_publicize_message":"","jetpack_publicize_feature_enabled":true,"jetpack_social_post_already_shared":false,"jetpack_social_options":{"image_generator_settings":{"template":"highway","default_image_id":0,"font":"","enabled":false},"version":2}},"categories":[65],"tags":[1122,1121,1123],"class_list":["post-5262","post","type-post","status-publish","format-standard","has-post-thumbnail","hentry","category-turismo-e-lazer","tag-balneario-camboriu","tag-porto-com-terminal-de-passageiros","tag-turismo-maritimo"],"aioseo_notices":[],"jetpack_publicize_connections":[],"jetpack_featured_media_url":"https:\/\/i0.wp.com\/tvnovelas.com.br\/news\/wp-content\/uploads\/2019\/09\/geral547.jpg?fit=500%2C334&ssl=1","jetpack_sharing_enabled":true,"jetpack_likes_enabled":true,"jetpack-related-posts":[],"jetpack_shortlink":"https:\/\/wp.me\/pfB4mB-1mS","_links":{"self":[{"href":"https:\/\/tvnovelas.com.br\/news\/wp-json\/wp\/v2\/posts\/5262","targetHints":{"allow":["GET"]}}],"collection":[{"href":"https:\/\/tvnovelas.com.br\/news\/wp-json\/wp\/v2\/posts"}],"about":[{"href":"https:\/\/tvnovelas.com.br\/news\/wp-json\/wp\/v2\/types\/post"}],"author":[{"embeddable":true,"href":"https:\/\/tvnovelas.com.br\/news\/wp-json\/wp\/v2\/users\/1"}],"replies":[{"embeddable":true,"href":"https:\/\/tvnovelas.com.br\/news\/wp-json\/wp\/v2\/comments?post=5262"}],"version-history":[{"count":1,"href":"https:\/\/tvnovelas.com.br\/news\/wp-json\/wp\/v2\/posts\/5262\/revisions"}],"predecessor-version":[{"id":5264,"href":"https:\/\/tvnovelas.com.br\/news\/wp-json\/wp\/v2\/posts\/5262\/revisions\/5264"}],"wp:featuredmedia":[{"embeddable":true,"href":"https:\/\/tvnovelas.com.br\/news\/wp-json\/wp\/v2\/media\/5263"}],"wp:attachment":[{"href":"https:\/\/tvnovelas.com.br\/news\/wp-json\/wp\/v2\/media?parent=5262"}],"wp:term":[{"taxonomy":"category","embeddable":true,"href":"https:\/\/tvnovelas.com.br\/news\/wp-json\/wp\/v2\/categories?post=5262"},{"taxonomy":"post_tag","embeddable":true,"href":"https:\/\/tvnovelas.com.br\/news\/wp-json\/wp\/v2\/tags?post=5262"}],"curies":[{"name":"wp","href":"https:\/\/api.w.org\/{rel}","templated":true}]}}