{"id":5240,"date":"2019-09-25T13:15:48","date_gmt":"2019-09-25T16:15:48","guid":{"rendered":"https:\/\/tvnovelas.com.br\/news\/mundo\/?p=5240"},"modified":"2019-09-25T13:15:48","modified_gmt":"2019-09-25T16:15:48","slug":"ramo-hoteleiro-do-norte-foi-o-que-mais-cresceu-segundo-pesquisa-do-mtur","status":"publish","type":"post","link":"https:\/\/tvnovelas.com.br\/news\/ramo-hoteleiro-do-norte-foi-o-que-mais-cresceu-segundo-pesquisa-do-mtur\/","title":{"rendered":"Ramo hoteleiro do Norte foi o que mais cresceu, segundo pesquisa do MTur"},"content":{"rendered":"<p><a href=\"https:\/\/i0.wp.com\/tvnovelas.com.br\/news\/mundo\/wp-content\/uploads\/2019\/09\/geral542.jpg?ssl=1\"><img data-recalc-dims=\"1\" loading=\"lazy\" decoding=\"async\" src=\"https:\/\/i0.wp.com\/tvnovelas.com.br\/news\/mundo\/wp-content\/uploads\/2019\/09\/geral542.jpg?resize=500%2C333&#038;ssl=1\" alt=\"Foto da Pra\u00e7a de S\u00e3o Sebasti\u00e3o, em Manaus\" width=\"500\" height=\"333\" class=\"alignnone wp-image-5241 size-full\" title=\"(Foto: Minist\u00e9rio Turismo\/Divulga\u00e7\u00e3o)\" srcset=\"https:\/\/i0.wp.com\/tvnovelas.com.br\/news\/wp-content\/uploads\/2019\/09\/geral542.jpg?w=500&amp;ssl=1 500w, https:\/\/i0.wp.com\/tvnovelas.com.br\/news\/wp-content\/uploads\/2019\/09\/geral542.jpg?resize=300%2C200&amp;ssl=1 300w, https:\/\/i0.wp.com\/tvnovelas.com.br\/news\/wp-content\/uploads\/2019\/09\/geral542.jpg?resize=450%2C300&amp;ssl=1 450w, https:\/\/i0.wp.com\/tvnovelas.com.br\/news\/wp-content\/uploads\/2019\/09\/geral542.jpg?resize=360%2C240&amp;ssl=1 360w\" sizes=\"auto, (max-width: 500px) 100vw, 500px\" \/><\/a><\/p>\n<p>Dados regionais da Sondagem Empresarial do Setor Hoteleiro no Brasil, divulgados na \u00faltima sexta-feira (20), apontam que o Norte \u00e9 a regi\u00e3o que mais cresceu no segmento de hospedagens durante o segundo trimestre de 2019. Al\u00e9m disso, a regi\u00e3o \u00e9 a que aponta maior expectativa de crescimento. A pesquisa, realizada pelo Minist\u00e9rio do Turismo, compara a percep\u00e7\u00e3o dos empres\u00e1rios do setor quanto ao desempenho dos estabelecimentos no segundo trimestre de 2019 com o mesmo per\u00edodo do ano passado, al\u00e9m de avaliar a perspectiva para o pr\u00f3ximo semestre.<\/p>\n<p>Segundo o boletim, os empres\u00e1rios de hotelaria da regi\u00e3o Norte foram os que mais aumentaram seu faturamento dentre as demais regi\u00f5es: 36,3% deles disseram ter tido alta na receita da empresa este ano e 64,7% acreditam que v\u00e3o faturar ainda mais nos pr\u00f3ximos seis meses. J\u00e1 35,4% dos entrevistados disseram que houve aumento na rentabilidade do setor de turismo no segundo trimestre deste ano. Al\u00e9m disso, 46,6% afirmaram que t\u00eam perspectiva de crescimento para os pr\u00f3ximos seis meses. Quanto \u00e0 demanda pelo destino, 38,8% dos empres\u00e1rios afirmaram que houve aumento e 52,1% creem no avan\u00e7o ainda maior para os pr\u00f3ximos meses.<\/p>\n<p>Os dados, que acompanham o otimismo registrado pelo boletim nacional da pesquisa, divulgado neste m\u00eas, mostram que a despesa dos visitantes na regi\u00e3o tamb\u00e9m cresceu na compara\u00e7\u00e3o entre abril e junho de 2019 e 2018: 31,7% dos entrevistados afirmam que o gasto do turista aumentou em seus estabelecimentos e 57,3% apostam em um gasto ainda maior at\u00e9 janeiro de 2020. Al\u00e9m disso, 79,8% dos empres\u00e1rios de meios de hospedagem do Norte pretendem investir em seus neg\u00f3cios nos pr\u00f3ximos seis meses e 35,1% esperam contratar mais funcion\u00e1rios.<\/p>\n<p>A pesquisa faz parte da segunda etapa da Sondagem Empresarial do Setor Hoteleiro no Brasil, promovida pela Subsecretaria de Inova\u00e7\u00e3o de Gest\u00e3o do Conhecimento do MTur por meio de question\u00e1rio eletr\u00f4nico. S\u00e3o consultadas empresas de hospedagem de todos os portes, entre hot\u00e9is, pousadas, resorts e acampamentos tur\u00edsticos. Ao todo, 1.173 empres\u00e1rios do setor hoteleiro, de todas as Unidades Federativas do Brasil, responderam \u00e0s perguntas em todo o m\u00eas de julho de 2019. A pesquisa teve apoio das secretarias e \u00f3rg\u00e3os estaduais de Turismo e entidades representativas do ramo hoteleiro. Acesse aqui a sondagem na \u00edntegra.<\/p>\n","protected":false},"excerpt":{"rendered":"<p>Dados regionais da Sondagem Empresarial do Setor Hoteleiro no Brasil, divulgados na \u00faltima sexta-feira (20), apontam que o Norte \u00e9 a regi\u00e3o que mais cresceu no segmento de hospedagens durante o segundo trimestre de 2019. Al\u00e9m disso, a regi\u00e3o \u00e9 a que aponta maior expectativa de crescimento. A pesquisa, realizada pelo Minist\u00e9rio do Turismo, compara&#8230;<\/p>\n","protected":false},"author":1,"featured_media":5241,"comment_status":"closed","ping_status":"closed","sticky":false,"template":"","format":"standard","meta":{"_monsterinsights_skip_tracking":false,"_monsterinsights_sitenote_active":false,"_monsterinsights_sitenote_note":"","_monsterinsights_sitenote_category":0,"magazine_newspaper_sidebar_layout":"","footnotes":"","jetpack_publicize_message":"","jetpack_publicize_feature_enabled":true,"jetpack_social_post_already_shared":false,"jetpack_social_options":{"image_generator_settings":{"template":"highway","default_image_id":0,"font":"","enabled":false},"version":2}},"categories":[65],"tags":[1109,820],"class_list":["post-5240","post","type-post","status-publish","format-standard","has-post-thumbnail","hentry","category-turismo-e-lazer","tag-manaus","tag-ministerio-do-turismo"],"aioseo_notices":[],"jetpack_publicize_connections":[],"jetpack_featured_media_url":"https:\/\/i0.wp.com\/tvnovelas.com.br\/news\/wp-content\/uploads\/2019\/09\/geral542.jpg?fit=500%2C333&ssl=1","jetpack_sharing_enabled":true,"jetpack_likes_enabled":true,"jetpack-related-posts":[],"jetpack_shortlink":"https:\/\/wp.me\/pfB4mB-1mw","_links":{"self":[{"href":"https:\/\/tvnovelas.com.br\/news\/wp-json\/wp\/v2\/posts\/5240","targetHints":{"allow":["GET"]}}],"collection":[{"href":"https:\/\/tvnovelas.com.br\/news\/wp-json\/wp\/v2\/posts"}],"about":[{"href":"https:\/\/tvnovelas.com.br\/news\/wp-json\/wp\/v2\/types\/post"}],"author":[{"embeddable":true,"href":"https:\/\/tvnovelas.com.br\/news\/wp-json\/wp\/v2\/users\/1"}],"replies":[{"embeddable":true,"href":"https:\/\/tvnovelas.com.br\/news\/wp-json\/wp\/v2\/comments?post=5240"}],"version-history":[{"count":1,"href":"https:\/\/tvnovelas.com.br\/news\/wp-json\/wp\/v2\/posts\/5240\/revisions"}],"predecessor-version":[{"id":5242,"href":"https:\/\/tvnovelas.com.br\/news\/wp-json\/wp\/v2\/posts\/5240\/revisions\/5242"}],"wp:featuredmedia":[{"embeddable":true,"href":"https:\/\/tvnovelas.com.br\/news\/wp-json\/wp\/v2\/media\/5241"}],"wp:attachment":[{"href":"https:\/\/tvnovelas.com.br\/news\/wp-json\/wp\/v2\/media?parent=5240"}],"wp:term":[{"taxonomy":"category","embeddable":true,"href":"https:\/\/tvnovelas.com.br\/news\/wp-json\/wp\/v2\/categories?post=5240"},{"taxonomy":"post_tag","embeddable":true,"href":"https:\/\/tvnovelas.com.br\/news\/wp-json\/wp\/v2\/tags?post=5240"}],"curies":[{"name":"wp","href":"https:\/\/api.w.org\/{rel}","templated":true}]}}