{"id":5208,"date":"2019-09-21T09:44:43","date_gmt":"2019-09-21T12:44:43","guid":{"rendered":"https:\/\/tvnovelas.com.br\/news\/mundo\/?p=5208"},"modified":"2019-09-21T09:44:43","modified_gmt":"2019-09-21T12:44:43","slug":"13a-primavera-dos-museus-comeca-nesta-segunda-feira","status":"publish","type":"post","link":"https:\/\/tvnovelas.com.br\/news\/13a-primavera-dos-museus-comeca-nesta-segunda-feira\/","title":{"rendered":"13\u00aa Primavera dos Museus come\u00e7a nesta segunda-feira"},"content":{"rendered":"<p><a href=\"https:\/\/i0.wp.com\/tvnovelas.com.br\/news\/mundo\/wp-content\/uploads\/2019\/09\/geral535.jpg?ssl=1\"><img data-recalc-dims=\"1\" loading=\"lazy\" decoding=\"async\" src=\"https:\/\/i0.wp.com\/tvnovelas.com.br\/news\/mundo\/wp-content\/uploads\/2019\/09\/geral535.jpg?resize=500%2C385&#038;ssl=1\" alt=\"foto do MUseu da Inconfid\u00eanicia\" width=\"500\" height=\"385\" class=\"alignnone wp-image-5209 size-full\" title=\"Museu da Inconfid\u00eancia, em Ouro Preto - MG (Foto: Ibram)\" srcset=\"https:\/\/i0.wp.com\/tvnovelas.com.br\/news\/wp-content\/uploads\/2019\/09\/geral535.jpg?w=500&amp;ssl=1 500w, https:\/\/i0.wp.com\/tvnovelas.com.br\/news\/wp-content\/uploads\/2019\/09\/geral535.jpg?resize=300%2C231&amp;ssl=1 300w, https:\/\/i0.wp.com\/tvnovelas.com.br\/news\/wp-content\/uploads\/2019\/09\/geral535.jpg?resize=260%2C200&amp;ssl=1 260w\" sizes=\"auto, (max-width: 500px) 100vw, 500px\" \/><\/a><\/p>\n<p>A 13\u00aa Primavera dos Museus acontece a partir desta segunda-feira, dia 23, at\u00e9 domingo, 29 de setembro, reunindo 848 museus participantes em todo o Brasil.<\/p>\n<p>Coordenada pelo Instituto Brasileiro de Museus (Ibram), a programa\u00e7\u00e3o desta temporada somar\u00e1 mais de 2.650 eventos como semin\u00e1rios, exposi\u00e7\u00f5es, oficinas, visitas mediadas, exibi\u00e7\u00f5es de filmes, palestras, entre outras atividades.<\/p>\n<p>Este ano, o tema \u201cMuseus por dentro, por dentro dos museus\u201d prop\u00f5e fortalecer a rela\u00e7\u00e3o p\u00fablicos\/museu a partir da \u00f3tica da preserva\u00e7\u00e3o enquanto ato compartilhado entre o cidad\u00e3o e o seu bem cultural. A expectativa \u00e9 estimular um maior engajamento da comunidade com essas institui\u00e7\u00f5es ao explorar os aspectos do cotidiano museol\u00f3gico.<\/p>\n<p><a href=\"http:\/\/programacao.museus.gov.br\/\" rel=\"noopener noreferrer\" target=\"_blank\"><strong>Confira o guia online<\/strong><\/a> com a programa\u00e7\u00e3o completa da 13\u00aa Primavera em todos os museus.<\/p>\n","protected":false},"excerpt":{"rendered":"<p>A 13\u00aa Primavera dos Museus acontece a partir desta segunda-feira, dia 23, at\u00e9 domingo, 29 de setembro, reunindo 848 museus participantes em todo o Brasil. Coordenada pelo Instituto Brasileiro de Museus (Ibram), a programa\u00e7\u00e3o desta temporada somar\u00e1 mais de 2.650 eventos como semin\u00e1rios, exposi\u00e7\u00f5es, oficinas, visitas mediadas, exibi\u00e7\u00f5es de filmes, palestras, entre outras atividades. Este&#8230;<\/p>\n","protected":false},"author":1,"featured_media":5209,"comment_status":"closed","ping_status":"closed","sticky":false,"template":"","format":"standard","meta":{"_monsterinsights_skip_tracking":false,"_monsterinsights_sitenote_active":false,"_monsterinsights_sitenote_note":"","_monsterinsights_sitenote_category":0,"magazine_newspaper_sidebar_layout":"","footnotes":"","jetpack_publicize_message":"","jetpack_publicize_feature_enabled":true,"jetpack_social_post_already_shared":false,"jetpack_social_options":{"image_generator_settings":{"template":"highway","default_image_id":0,"font":"","enabled":false},"version":2}},"categories":[213],"tags":[1099,142,1100],"class_list":["post-5208","post","type-post","status-publish","format-standard","has-post-thumbnail","hentry","category-cultura","tag-13a-primavera-dos-museus","tag-ibram","tag-museu"],"aioseo_notices":[],"jetpack_publicize_connections":[],"jetpack_featured_media_url":"https:\/\/i0.wp.com\/tvnovelas.com.br\/news\/wp-content\/uploads\/2019\/09\/geral535.jpg?fit=500%2C385&ssl=1","jetpack_sharing_enabled":true,"jetpack_likes_enabled":true,"jetpack-related-posts":[],"jetpack_shortlink":"https:\/\/wp.me\/pfB4mB-1m0","_links":{"self":[{"href":"https:\/\/tvnovelas.com.br\/news\/wp-json\/wp\/v2\/posts\/5208","targetHints":{"allow":["GET"]}}],"collection":[{"href":"https:\/\/tvnovelas.com.br\/news\/wp-json\/wp\/v2\/posts"}],"about":[{"href":"https:\/\/tvnovelas.com.br\/news\/wp-json\/wp\/v2\/types\/post"}],"author":[{"embeddable":true,"href":"https:\/\/tvnovelas.com.br\/news\/wp-json\/wp\/v2\/users\/1"}],"replies":[{"embeddable":true,"href":"https:\/\/tvnovelas.com.br\/news\/wp-json\/wp\/v2\/comments?post=5208"}],"version-history":[{"count":1,"href":"https:\/\/tvnovelas.com.br\/news\/wp-json\/wp\/v2\/posts\/5208\/revisions"}],"predecessor-version":[{"id":5210,"href":"https:\/\/tvnovelas.com.br\/news\/wp-json\/wp\/v2\/posts\/5208\/revisions\/5210"}],"wp:featuredmedia":[{"embeddable":true,"href":"https:\/\/tvnovelas.com.br\/news\/wp-json\/wp\/v2\/media\/5209"}],"wp:attachment":[{"href":"https:\/\/tvnovelas.com.br\/news\/wp-json\/wp\/v2\/media?parent=5208"}],"wp:term":[{"taxonomy":"category","embeddable":true,"href":"https:\/\/tvnovelas.com.br\/news\/wp-json\/wp\/v2\/categories?post=5208"},{"taxonomy":"post_tag","embeddable":true,"href":"https:\/\/tvnovelas.com.br\/news\/wp-json\/wp\/v2\/tags?post=5208"}],"curies":[{"name":"wp","href":"https:\/\/api.w.org\/{rel}","templated":true}]}}