{"id":5202,"date":"2019-09-20T09:47:58","date_gmt":"2019-09-20T12:47:58","guid":{"rendered":"https:\/\/tvnovelas.com.br\/news\/mundo\/?p=5202"},"modified":"2019-09-20T09:49:17","modified_gmt":"2019-09-20T12:49:17","slug":"caminho-de-santiago-roteiro-pelo-centro-de-portugal","status":"publish","type":"post","link":"https:\/\/tvnovelas.com.br\/news\/caminho-de-santiago-roteiro-pelo-centro-de-portugal\/","title":{"rendered":"Caminho de Santiago: roteiro pelo Centro de Portugal"},"content":{"rendered":"<h2>Rota de peregrina\u00e7\u00e3o \u00e9 uma das op\u00e7\u00f5es at\u00e9 a sagrada cidade espanhola<\/h2>\n<p><a href=\"https:\/\/i0.wp.com\/tvnovelas.com.br\/news\/mundo\/wp-content\/uploads\/2019\/09\/geral533.jpg?ssl=1\"><img data-recalc-dims=\"1\" loading=\"lazy\" decoding=\"async\" src=\"https:\/\/i0.wp.com\/tvnovelas.com.br\/news\/mundo\/wp-content\/uploads\/2019\/09\/geral533.jpg?resize=500%2C324&#038;ssl=1\" alt=\"Foto do Caminho de Santiago, Portugal \" width=\"500\" height=\"324\" class=\"alignnone wp-image-5203 size-full\" title=\"(Foto: Divulga\u00e7\u00e3o)\" srcset=\"https:\/\/i0.wp.com\/tvnovelas.com.br\/news\/wp-content\/uploads\/2019\/09\/geral533.jpg?w=500&amp;ssl=1 500w, https:\/\/i0.wp.com\/tvnovelas.com.br\/news\/wp-content\/uploads\/2019\/09\/geral533.jpg?resize=300%2C194&amp;ssl=1 300w\" sizes=\"auto, (max-width: 500px) 100vw, 500px\" \/><\/a><\/p>\n<p>O Caminho de Santiago \u00e9 uma das mais famosas peregrina\u00e7\u00f5es crist\u00e3s do mundo, levando milhares de pessoas \u00e0 cidade espanhola todos os anos. Mas muita gente n\u00e3o imagina que n\u00e3o existe apenas um caminho, e sim v\u00e1rios, que passam por diferentes lugares e pa\u00edses. Portugal \u00e9 um deles!<\/p>\n<p>H\u00e1 v\u00e1rios percursos para Santiago marcados em terras portuguesas, mas o mais famoso \u00e9 conhecido como Caminho Portugu\u00eas de Santiago, e parte de Lisboa. Essa trilha atravessa a charmosa regi\u00e3o do Centro de Portugal, onde ficam Coimbra, Aveiro e a Serra da Estrela.<\/p>\n<p>A rota pelo Centro de Portugal come\u00e7a na cidade de Tomar, a 130 quil\u00f4metros da capital do pa\u00eds. O destino tem muita hist\u00f3ria para contar e est\u00e1 intimamente ligado com a trajet\u00f3ria da f\u00e9 crist\u00e3, uma vez que l\u00e1 ficava a sede portuguesa da Ordem dos Cavaleiros de Cristo, tamb\u00e9m conhecidos como os Templ\u00e1rios. \u00c9 l\u00e1 que foi constru\u00eddo o grandioso Convento de Cristo, onde havia um orat\u00f3rio privativo para os cavaleiros.<\/p>\n<p>Saindo de Tomar, o caminho passa por pequeninas vilas portuguesas que encantam os peregrinos com seu estilo de vida simples, pr\u00f3ximo \u00e0 natureza e repleto de f\u00e9. A primeira etapa consiste em 32 quil\u00f4metros at\u00e9 Alvai\u00e1zere; depois, mais 33 para chegar a Raba\u00e7al; e outros 18,5 quil\u00f4metros at\u00e9 Cernache.<\/p>\n<p>Menos de 12 quil\u00f4metros ligam Cernache a Coimbra, um dos principais destinos da regi\u00e3o. \u00c9 l\u00e1 que est\u00e3o uma das universidades mais antigas do mundo, a Universidade de Coimbra, um centro hist\u00f3rico muito bem preservado e bel\u00edssimos parques. Do ponto de vista religioso, h\u00e1 a S\u00e9 Velha de Coimbra, a Igreja de Santa Clara-a-Nova, o Mosteiro e Igreja de Santa Clara-a-Velha, a Igreja de Santo Ant\u00f3nio dos Olivais e a bela Capela de S\u00e3o Miguel, situada dentro do campus da universidade.<\/p>\n<p>De Coimbra at\u00e9 o pr\u00f3ximo destino s\u00e3o 23 quil\u00f4metros. Mealhada, uma cidade com 20 mil habitantes, \u00e9 famosa pelo delicioso leit\u00e3o \u00e0 Bairrada e o excelente Parque da Cidade. Os peregrinos tamb\u00e9m gostam de visitar a Capela de Sant\u2019Ana e a Igreja Paroquial.<\/p>\n<p>Com mais 31 quil\u00f4metros, chega-se a \u00c1gueda, que tem como cart\u00e3o-postal as ruas cobertas de guarda-chuvas coloridos no ver\u00e3o. Mas seu patrim\u00f4nio vai muito al\u00e9m disso, e inclui a Igreja de S\u00e3o Salvador da Trofa e a Igreja de Santa Eul\u00e1lia.<\/p>\n<p>A \u00faltima parada do Caminho Portugu\u00eas de Santiago na regi\u00e3o Central \u00e9 Albergaria-a-Velha, que fica a 31 quil\u00f4metros de \u00c1gueda. A cidade \u00e9 conhecida pelos cen\u00e1rios repletos de moinhos de \u00e1gua, mas o que realmente fascina os peregrinos \u00e9 o Monte da Senhora do Socorro, onde fica a Capela do Santu\u00e1rio da Senhora do Socorro, constru\u00edda pelo cumprimento de uma promessa feita \u00e0 santa no s\u00e9culo 19. Dali tem-se uma vista deslumbrante para a serra.<\/p>\n<p>Os peregrinos ent\u00e3o seguem rumo ao norte do pa\u00eds, desbravando outra regi\u00e3o portuguesa e uma parte da Espanha at\u00e9 chegar ao destino final: Santiago de Compostela, onde fica o t\u00famulo do ap\u00f3stolo Tiago.<\/p>\n","protected":false},"excerpt":{"rendered":"<p>Rota de peregrina\u00e7\u00e3o \u00e9 uma das op\u00e7\u00f5es at\u00e9 a sagrada cidade espanhola O Caminho de Santiago \u00e9 uma das mais famosas peregrina\u00e7\u00f5es crist\u00e3s do mundo, levando milhares de pessoas \u00e0 cidade espanhola todos os anos. Mas muita gente n\u00e3o imagina que n\u00e3o existe apenas um caminho, e sim v\u00e1rios, que passam por diferentes lugares e&#8230;<\/p>\n","protected":false},"author":1,"featured_media":5203,"comment_status":"closed","ping_status":"closed","sticky":false,"template":"","format":"standard","meta":{"_monsterinsights_skip_tracking":false,"_monsterinsights_sitenote_active":false,"_monsterinsights_sitenote_note":"","_monsterinsights_sitenote_category":0,"magazine_newspaper_sidebar_layout":"","footnotes":"","jetpack_publicize_message":"","jetpack_publicize_feature_enabled":true,"jetpack_social_post_already_shared":false,"jetpack_social_options":{"image_generator_settings":{"template":"highway","default_image_id":0,"font":"","enabled":false},"version":2}},"categories":[65],"tags":[1092,1093,1094,1096,1095],"class_list":["post-5202","post","type-post","status-publish","format-standard","has-post-thumbnail","hentry","category-turismo-e-lazer","tag-caminho-de-santiago","tag-caminho-portugues-de-santiago","tag-cernache","tag-mealhada","tag-se-velha-de-coimbra"],"aioseo_notices":[],"jetpack_publicize_connections":[],"jetpack_featured_media_url":"https:\/\/i0.wp.com\/tvnovelas.com.br\/news\/wp-content\/uploads\/2019\/09\/geral533.jpg?fit=500%2C324&ssl=1","jetpack_sharing_enabled":true,"jetpack_likes_enabled":true,"jetpack-related-posts":[],"jetpack_shortlink":"https:\/\/wp.me\/pfB4mB-1lU","_links":{"self":[{"href":"https:\/\/tvnovelas.com.br\/news\/wp-json\/wp\/v2\/posts\/5202","targetHints":{"allow":["GET"]}}],"collection":[{"href":"https:\/\/tvnovelas.com.br\/news\/wp-json\/wp\/v2\/posts"}],"about":[{"href":"https:\/\/tvnovelas.com.br\/news\/wp-json\/wp\/v2\/types\/post"}],"author":[{"embeddable":true,"href":"https:\/\/tvnovelas.com.br\/news\/wp-json\/wp\/v2\/users\/1"}],"replies":[{"embeddable":true,"href":"https:\/\/tvnovelas.com.br\/news\/wp-json\/wp\/v2\/comments?post=5202"}],"version-history":[{"count":1,"href":"https:\/\/tvnovelas.com.br\/news\/wp-json\/wp\/v2\/posts\/5202\/revisions"}],"predecessor-version":[{"id":5204,"href":"https:\/\/tvnovelas.com.br\/news\/wp-json\/wp\/v2\/posts\/5202\/revisions\/5204"}],"wp:featuredmedia":[{"embeddable":true,"href":"https:\/\/tvnovelas.com.br\/news\/wp-json\/wp\/v2\/media\/5203"}],"wp:attachment":[{"href":"https:\/\/tvnovelas.com.br\/news\/wp-json\/wp\/v2\/media?parent=5202"}],"wp:term":[{"taxonomy":"category","embeddable":true,"href":"https:\/\/tvnovelas.com.br\/news\/wp-json\/wp\/v2\/categories?post=5202"},{"taxonomy":"post_tag","embeddable":true,"href":"https:\/\/tvnovelas.com.br\/news\/wp-json\/wp\/v2\/tags?post=5202"}],"curies":[{"name":"wp","href":"https:\/\/api.w.org\/{rel}","templated":true}]}}