{"id":5096,"date":"2019-09-13T18:07:47","date_gmt":"2019-09-13T21:07:47","guid":{"rendered":"https:\/\/tvnovelas.com.br\/news\/mundo\/?p=5096"},"modified":"2019-09-13T18:07:47","modified_gmt":"2019-09-13T21:07:47","slug":"casacor-minas-2019-recebe-a-exposicao-beira-mundo-fronteiras-e-conexoes","status":"publish","type":"post","link":"https:\/\/tvnovelas.com.br\/news\/casacor-minas-2019-recebe-a-exposicao-beira-mundo-fronteiras-e-conexoes\/","title":{"rendered":"CasaCor Minas 2019 recebe a exposi\u00e7\u00e3o &#8216;Beira Mundo &#8211; Fronteiras e Conex\u00f5es&#8217;"},"content":{"rendered":"<h2 style=\"text-align: center;\">Mostra re\u00fane 20 obras da fot\u00f3grafa Juliana Lima que retratam culturas, pessoas e a natureza, de diversos pa\u00edses<\/h2>\n<p><a href=\"https:\/\/i0.wp.com\/tvnovelas.com.br\/news\/mundo\/wp-content\/uploads\/2019\/09\/geral505.jpg?ssl=1\"><img data-recalc-dims=\"1\" loading=\"lazy\" decoding=\"async\" src=\"https:\/\/i0.wp.com\/tvnovelas.com.br\/news\/mundo\/wp-content\/uploads\/2019\/09\/geral505.jpg?resize=500%2C353&#038;ssl=1\" alt=\"Foto da fot\u00f3grafa Juliana Lima\" width=\"500\" height=\"353\" class=\"alignnone wp-image-5097 size-full\" title=\"(Foto: Rodrigo Katchama\/Divulga\u00e7\u00e3o)\" srcset=\"https:\/\/i0.wp.com\/tvnovelas.com.br\/news\/wp-content\/uploads\/2019\/09\/geral505.jpg?w=500&amp;ssl=1 500w, https:\/\/i0.wp.com\/tvnovelas.com.br\/news\/wp-content\/uploads\/2019\/09\/geral505.jpg?resize=300%2C212&amp;ssl=1 300w\" sizes=\"auto, (max-width: 500px) 100vw, 500px\" \/><\/a><\/p>\n<p>Inspirada pelas diferentes culturas e pelos lugares mais in\u00f3spitos do planeta, a fot\u00f3grafa Juliana Lima, que j\u00e1 visitou mais de 40 pa\u00edses, fez uma imers\u00e3o durante dez dias em aldeias ind\u00edgenas do Parque Xingu, no Mato Grosso, e pode vivenciar, de perto, a rotina da etnia Kalapalo. O resultado s\u00e3o registros antropol\u00f3gicos, fotos \u00fanicas que mesclam instantes, arte e sentimentos. E algumas dessas pe\u00e7as estar\u00e3o na exposi\u00e7\u00e3o in\u00e9dita \u201cBeira Mundo &#8211; Fronteiras e Conex\u00f5es\u201d, que acontece na CasaCor Minas 2019, entre esta sexta, 13, e domingo, 15 de setembro, das 15h \u00e0s 22h, no Pal\u00e1cio das Mangabeiras. Ao todo, ser\u00e3o 20 obras, que expressam momentos, costumes e comportamentos de povos e habitats. Entre as pe\u00e7as tamb\u00e9m est\u00e3o fotografias feitas na \u00c1sia, Inglaterra, Esc\u00f3cia, Fran\u00e7a, Gr\u00e9cia, \u00c1frica do Sul, Estados Unidos, Canad\u00e1, Chile, Bol\u00edvia, e outros.<br \/>\nApaixonada por capturar instantes que refletem seu olhar sobre pessoas, culturas e natureza, Juliana percorre o mundo h\u00e1 mais de duas d\u00e9cadas contando hist\u00f3rias por meio de fotos. \u201c\u00c9 uma liga\u00e7\u00e3o que extrapola fronteiras em busca de uma consci\u00eancia maior: a similaridade entre os povos, a prote\u00e7\u00e3o das nossas riquezas naturais e a preserva\u00e7\u00e3o do nosso planeta\u201d, explica a fot\u00f3grafa.<br \/>\nJuliana comenta que, h\u00e1 alguns anos, ela comprou uma lente especial para trazer ainda mais naturalidade para seu trabalho. \u201cAdquiri uma lente 400mm, que eu chamo de paparazzo, justamente para poder focar em fotos que n\u00e3o s\u00e3o posadas. A inten\u00e7\u00e3o \u00e9 capturar momentos e instantes diferenciados, o olhar de uma pessoa, o sorriso ou a falta dele, desde que seja uma cena honesta\u201d, diz. Ela conta que quando se aponta uma c\u00e2mera para o rosto da pessoa, automaticamente, ela d\u00e1 uma recuada. \u201cPor isso, \u00e0s vezes, at\u00e9 prefiro manter um pouco a dist\u00e2ncia, para n\u00e3o deixar passar uma cena que esteja ocorrendo\u201d, conta a profissional.<br \/>\nEssa foi, inclusive, a postura adotada por Juliana, quando ela flagrou um monge pensativo na Tail\u00e2ndia, de forma espont\u00e2nea, em um momento de grande espiritualidade. Foto que tamb\u00e9m ilustra a mostra \u201cBeira Mundo &#8211; Fronteiras e Conex\u00f5es\u201d.<br \/>\nA exposi\u00e7\u00e3o \u00e9 uma cria\u00e7\u00e3o da marca Julima Globlal Click, que surgiu com a proposta de oferecer um olhar antropol\u00f3gico, social, ambiental e art\u00edstico sobre diversas culturas para debater quest\u00f5es sociais e ambientais, por meio da fotografia. E ainda para registrar a admira\u00e7\u00e3o e o respeito pela diversidade e a vontade de preserva\u00e7\u00e3o. No Parque Xingu, por exemplo, Juliana dormiu em ocas, se alimentou da mesma comida e nadou no rio com \u00edndios da regi\u00e3o. \u201cMeu trabalho vai al\u00e9m de apenas fazer fotografias, a inten\u00e7\u00e3o \u00e9 registrar a ess\u00eancia daquela cultura. E isso s\u00f3 \u00e9 poss\u00edvel conhecendo, de fato, como eles vivem\u201d, ressalta Juliana.<br \/>\nParte da renda arrecadada com a venda das obras expostas na CasaCor 2019 ser\u00e1 destinada para etnia Kalapalo, povo com quem Juliana esteve. \u201cAs ocas s\u00e3o feitas de madeira e necessitam ser reconstru\u00eddas a cada dez anos e para isso, os \u00edndios precisam levar as madeiras at\u00e9 o local da aldeia, que \u00e9 de dif\u00edcil acesso, por isso, o apoio financeiro \u00e9 importante\u201d, detalha Juliana. \u201cA quantia \u00e9 para auxiliar na constru\u00e7\u00e3o dessas casas e no transporte dos materiais\u201d, completa.<\/p>\n","protected":false},"excerpt":{"rendered":"<p>Mostra re\u00fane 20 obras da fot\u00f3grafa Juliana Lima que retratam culturas, pessoas e a natureza, de diversos pa\u00edses Inspirada pelas diferentes culturas e pelos lugares mais in\u00f3spitos do planeta, a fot\u00f3grafa Juliana Lima, que j\u00e1 visitou mais de 40 pa\u00edses, fez uma imers\u00e3o durante dez dias em aldeias ind\u00edgenas do Parque Xingu, no Mato Grosso,&#8230;<\/p>\n","protected":false},"author":1,"featured_media":5097,"comment_status":"closed","ping_status":"closed","sticky":false,"template":"","format":"standard","meta":{"_monsterinsights_skip_tracking":false,"_monsterinsights_sitenote_active":false,"_monsterinsights_sitenote_note":"","_monsterinsights_sitenote_category":0,"magazine_newspaper_sidebar_layout":"","footnotes":"","jetpack_publicize_message":"","jetpack_publicize_feature_enabled":true,"jetpack_social_post_already_shared":false,"jetpack_social_options":{"image_generator_settings":{"template":"highway","default_image_id":0,"font":"","enabled":false},"version":2}},"categories":[213],"tags":[1025,1026,1024,1027],"class_list":["post-5096","post","type-post","status-publish","format-standard","has-post-thumbnail","hentry","category-cultura","tag-beira-mundo-fronteiras-e-conexoes","tag-casacor-minas-2019","tag-fotografa-juliana-lima","tag-kalapalo"],"aioseo_notices":[],"jetpack_publicize_connections":[],"jetpack_featured_media_url":"https:\/\/i0.wp.com\/tvnovelas.com.br\/news\/wp-content\/uploads\/2019\/09\/geral505.jpg?fit=500%2C353&ssl=1","jetpack_sharing_enabled":true,"jetpack_likes_enabled":true,"jetpack-related-posts":[],"jetpack_shortlink":"https:\/\/wp.me\/pfB4mB-1kc","_links":{"self":[{"href":"https:\/\/tvnovelas.com.br\/news\/wp-json\/wp\/v2\/posts\/5096","targetHints":{"allow":["GET"]}}],"collection":[{"href":"https:\/\/tvnovelas.com.br\/news\/wp-json\/wp\/v2\/posts"}],"about":[{"href":"https:\/\/tvnovelas.com.br\/news\/wp-json\/wp\/v2\/types\/post"}],"author":[{"embeddable":true,"href":"https:\/\/tvnovelas.com.br\/news\/wp-json\/wp\/v2\/users\/1"}],"replies":[{"embeddable":true,"href":"https:\/\/tvnovelas.com.br\/news\/wp-json\/wp\/v2\/comments?post=5096"}],"version-history":[{"count":1,"href":"https:\/\/tvnovelas.com.br\/news\/wp-json\/wp\/v2\/posts\/5096\/revisions"}],"predecessor-version":[{"id":5098,"href":"https:\/\/tvnovelas.com.br\/news\/wp-json\/wp\/v2\/posts\/5096\/revisions\/5098"}],"wp:featuredmedia":[{"embeddable":true,"href":"https:\/\/tvnovelas.com.br\/news\/wp-json\/wp\/v2\/media\/5097"}],"wp:attachment":[{"href":"https:\/\/tvnovelas.com.br\/news\/wp-json\/wp\/v2\/media?parent=5096"}],"wp:term":[{"taxonomy":"category","embeddable":true,"href":"https:\/\/tvnovelas.com.br\/news\/wp-json\/wp\/v2\/categories?post=5096"},{"taxonomy":"post_tag","embeddable":true,"href":"https:\/\/tvnovelas.com.br\/news\/wp-json\/wp\/v2\/tags?post=5096"}],"curies":[{"name":"wp","href":"https:\/\/api.w.org\/{rel}","templated":true}]}}