{"id":5088,"date":"2019-09-13T09:24:59","date_gmt":"2019-09-13T12:24:59","guid":{"rendered":"https:\/\/tvnovelas.com.br\/news\/mundo\/?p=5088"},"modified":"2019-09-13T09:24:59","modified_gmt":"2019-09-13T12:24:59","slug":"teatro-de-sabara-mg-e-restaurado-e-entregue-a-comunidade-em-seu-bicentenario","status":"publish","type":"post","link":"https:\/\/tvnovelas.com.br\/news\/teatro-de-sabara-mg-e-restaurado-e-entregue-a-comunidade-em-seu-bicentenario\/","title":{"rendered":"Teatro de Sabar\u00e1 (MG) \u00e9 restaurado e entregue \u00e0 comunidade em seu bicenten\u00e1rio"},"content":{"rendered":"<h2>Teatro Municipal de Sabar\u00e1segundo teatro mais antigo do Brasil<\/h2>\n<p><a href=\"https:\/\/i0.wp.com\/tvnovelas.com.br\/news\/mundo\/wp-content\/uploads\/2019\/09\/geral503.jpg?ssl=1\"><img data-recalc-dims=\"1\" loading=\"lazy\" decoding=\"async\" src=\"https:\/\/i0.wp.com\/tvnovelas.com.br\/news\/mundo\/wp-content\/uploads\/2019\/09\/geral503.jpg?resize=500%2C333&#038;ssl=1\" alt=\"Foto do interior do teatro\" width=\"500\" height=\"333\" class=\"alignnone wp-image-5089 size-full\" title=\"(Foto: PMSabar\u00e1)\" srcset=\"https:\/\/i0.wp.com\/tvnovelas.com.br\/news\/wp-content\/uploads\/2019\/09\/geral503.jpg?w=500&amp;ssl=1 500w, https:\/\/i0.wp.com\/tvnovelas.com.br\/news\/wp-content\/uploads\/2019\/09\/geral503.jpg?resize=300%2C200&amp;ssl=1 300w, https:\/\/i0.wp.com\/tvnovelas.com.br\/news\/wp-content\/uploads\/2019\/09\/geral503.jpg?resize=450%2C300&amp;ssl=1 450w, https:\/\/i0.wp.com\/tvnovelas.com.br\/news\/wp-content\/uploads\/2019\/09\/geral503.jpg?resize=360%2C240&amp;ssl=1 360w\" sizes=\"auto, (max-width: 500px) 100vw, 500px\" \/><\/a><br \/>\nPalco de espet\u00e1culos apresentados por renomados artistas, o Teatrinho de Sabar\u00e1, como \u00e9 popularmente conhecido, ser\u00e1 entregue aos sabaraenses completamente restaurado em uma data simb\u00f3lica, 19 de setembro, Dia Nacional do Teatro. Foram investidos R$ 2,6 milh\u00f5es pelo Governo Federal por meio do Instituto do Patrim\u00f4nio Hist\u00f3rico e Art\u00edstico Nacional (Iphan), que executou a obra com o apoio da Prefeitura Municipal.<\/p>\n<p>Dono do t\u00edtulo de segundo teatro mais antigo do Brasil, o Teatro Municipal de Sabar\u00e1 completou 200 anos no m\u00eas de junho. Para celebrar em grande estilo, a popula\u00e7\u00e3o ganha este equipamento cultural de importante valor hist\u00f3rico, restaurado e pronto para uso ap\u00f3s mais de dois anos fechado para a obra. Com uma \u00e1rea total constru\u00edda de quase mil metros quadrados, possui 400 lugares dispostos em tr\u00eas andares, entre galerias e 62 camarotes. O interior \u00e9 classificado como tipo italiano &#8211; em formato de ferradura e ao centro um vasto palco elevado.<\/p>\n<p>O processo de restaura\u00e7\u00e3o envolveu uma equipe multiprofissional, que realizou diversos tipos de procedimentos. Foi feita a recupera\u00e7\u00e3o do piso de madeira, substitui\u00e7\u00e3o do forro, restauro de portas e janelas, nova instala\u00e7\u00e3o hidr\u00e1ulica, troca do telhado, pintura interna e externa e a adequa\u00e7\u00e3o da acessibilidade tanto no acesso do p\u00fablico como no fundo do palco, que leva ao camarim.<\/p>\n<p>O trabalho de moderniza\u00e7\u00e3o do Teatro foi um dos destaques da interven\u00e7\u00e3o. O cuidado do projeto foi melhorar as instala\u00e7\u00f5es sem conflitar com a preserva\u00e7\u00e3o do bem cultural tombado. Agora o Teatrinho passa a contar com elevadores para a plateia e para artistas, que permitir\u00e1 acessibilidade universal a todos. Foi feita a moderniza\u00e7\u00e3o das instala\u00e7\u00f5es el\u00e9tricas, com a implanta\u00e7\u00e3o de novo sistema de preven\u00e7\u00e3o e combate a inc\u00eandio, al\u00e9m da restaura\u00e7\u00e3o de toda arquitetura e mobili\u00e1rio.<\/p>\n<p>A cerim\u00f4nia de entrega contar\u00e1 com a presen\u00e7a da presidente do Iphan, K\u00e1tia Bog\u00e9a, do diretor do Departamento de Projetos Especiais, Robson Almeida, do prefeito de Sabar\u00e1, Wander Borges, da superintendente do Iphan em Minas Gerais, C\u00e9lia Corsino e demais autoridades locais. A Prefeitura Municipal de Sabar\u00e1, propriet\u00e1ria do im\u00f3vel, ser\u00e1 a respons\u00e1vel pela gest\u00e3o do teatro, por meio da Secretaria de Cultura.<\/p>\n<p><strong>Ac\u00fastica extraordin\u00e1ria<\/strong><\/p>\n<p>Reconhecido pelo Iphan como Patrim\u00f4nio Cultural Brasileiro desde 1963, um dos principais atributos do Teatro \u00e9 sua ac\u00fastica, exaltada por visitantes e especialistas. Conta-se que durante a visita de Dom Pedro I, em 1831, essa excelente ac\u00fastica da casa fez o imperador perceber como o povo estava descontente com seu governo. Segundo as hist\u00f3rias, ap\u00f3s o Viva o imperador Dom Pedro I, podia-se ouvir com clareza a frase Enquanto for constitucional, falada por algu\u00e9m na plateia.<\/p>\n","protected":false},"excerpt":{"rendered":"<p>Teatro Municipal de Sabar\u00e1segundo teatro mais antigo do Brasil Palco de espet\u00e1culos apresentados por renomados artistas, o Teatrinho de Sabar\u00e1, como \u00e9 popularmente conhecido, ser\u00e1 entregue aos sabaraenses completamente restaurado em uma data simb\u00f3lica, 19 de setembro, Dia Nacional do Teatro. Foram investidos R$ 2,6 milh\u00f5es pelo Governo Federal por meio do Instituto do Patrim\u00f4nio&#8230;<\/p>\n","protected":false},"author":1,"featured_media":5089,"comment_status":"closed","ping_status":"closed","sticky":false,"template":"","format":"standard","meta":{"_monsterinsights_skip_tracking":false,"_monsterinsights_sitenote_active":false,"_monsterinsights_sitenote_note":"","_monsterinsights_sitenote_category":0,"magazine_newspaper_sidebar_layout":"","footnotes":"","jetpack_publicize_message":"","jetpack_publicize_feature_enabled":true,"jetpack_social_post_already_shared":false,"jetpack_social_options":{"image_generator_settings":{"template":"highway","default_image_id":0,"font":"","enabled":false},"version":2}},"categories":[213],"tags":[542,1015,1016],"class_list":["post-5088","post","type-post","status-publish","format-standard","has-post-thumbnail","hentry","category-cultura","tag-patrimonio-cultural","tag-teatrinho-de-sabara","tag-teatro-municipal-de-sabara"],"aioseo_notices":[],"jetpack_publicize_connections":[],"jetpack_featured_media_url":"https:\/\/i0.wp.com\/tvnovelas.com.br\/news\/wp-content\/uploads\/2019\/09\/geral503.jpg?fit=500%2C333&ssl=1","jetpack_sharing_enabled":true,"jetpack_likes_enabled":true,"jetpack-related-posts":[],"jetpack_shortlink":"https:\/\/wp.me\/pfB4mB-1k4","_links":{"self":[{"href":"https:\/\/tvnovelas.com.br\/news\/wp-json\/wp\/v2\/posts\/5088","targetHints":{"allow":["GET"]}}],"collection":[{"href":"https:\/\/tvnovelas.com.br\/news\/wp-json\/wp\/v2\/posts"}],"about":[{"href":"https:\/\/tvnovelas.com.br\/news\/wp-json\/wp\/v2\/types\/post"}],"author":[{"embeddable":true,"href":"https:\/\/tvnovelas.com.br\/news\/wp-json\/wp\/v2\/users\/1"}],"replies":[{"embeddable":true,"href":"https:\/\/tvnovelas.com.br\/news\/wp-json\/wp\/v2\/comments?post=5088"}],"version-history":[{"count":1,"href":"https:\/\/tvnovelas.com.br\/news\/wp-json\/wp\/v2\/posts\/5088\/revisions"}],"predecessor-version":[{"id":5090,"href":"https:\/\/tvnovelas.com.br\/news\/wp-json\/wp\/v2\/posts\/5088\/revisions\/5090"}],"wp:featuredmedia":[{"embeddable":true,"href":"https:\/\/tvnovelas.com.br\/news\/wp-json\/wp\/v2\/media\/5089"}],"wp:attachment":[{"href":"https:\/\/tvnovelas.com.br\/news\/wp-json\/wp\/v2\/media?parent=5088"}],"wp:term":[{"taxonomy":"category","embeddable":true,"href":"https:\/\/tvnovelas.com.br\/news\/wp-json\/wp\/v2\/categories?post=5088"},{"taxonomy":"post_tag","embeddable":true,"href":"https:\/\/tvnovelas.com.br\/news\/wp-json\/wp\/v2\/tags?post=5088"}],"curies":[{"name":"wp","href":"https:\/\/api.w.org\/{rel}","templated":true}]}}