{"id":5075,"date":"2019-09-12T10:29:43","date_gmt":"2019-09-12T13:29:43","guid":{"rendered":"https:\/\/tvnovelas.com.br\/news\/mundo\/?p=5075"},"modified":"2019-09-12T10:29:43","modified_gmt":"2019-09-12T13:29:43","slug":"culinaria-do-sudeste-tem-boa-avaliacao-de-estrangeiros","status":"publish","type":"post","link":"https:\/\/tvnovelas.com.br\/news\/culinaria-do-sudeste-tem-boa-avaliacao-de-estrangeiros\/","title":{"rendered":"Culin\u00e1ria do Sudeste tem boa avalia\u00e7\u00e3o de estrangeiros"},"content":{"rendered":"<h2>Gastronomia da regi\u00e3o \u00e9 bem avaliada por mais de 94% dos visitantes internacionais em pesquisa do Minist\u00e9rio do Turismo<\/h2>\n<p><a href=\"https:\/\/i0.wp.com\/tvnovelas.com.br\/news\/mundo\/wp-content\/uploads\/2019\/09\/geral500.jpg?ssl=1\"><img data-recalc-dims=\"1\" loading=\"lazy\" decoding=\"async\" src=\"https:\/\/i0.wp.com\/tvnovelas.com.br\/news\/mundo\/wp-content\/uploads\/2019\/09\/geral500.jpg?resize=500%2C333&#038;ssl=1\" alt=\"Foto de pratos da culin\u00e1ria mineira\" width=\"500\" height=\"333\" class=\"alignnone wp-image-5076 size-full\" title=\"(foto: Iepha\/MG)\" srcset=\"https:\/\/i0.wp.com\/tvnovelas.com.br\/news\/wp-content\/uploads\/2019\/09\/geral500.jpg?w=500&amp;ssl=1 500w, https:\/\/i0.wp.com\/tvnovelas.com.br\/news\/wp-content\/uploads\/2019\/09\/geral500.jpg?resize=300%2C200&amp;ssl=1 300w, https:\/\/i0.wp.com\/tvnovelas.com.br\/news\/wp-content\/uploads\/2019\/09\/geral500.jpg?resize=450%2C300&amp;ssl=1 450w, https:\/\/i0.wp.com\/tvnovelas.com.br\/news\/wp-content\/uploads\/2019\/09\/geral500.jpg?resize=360%2C240&amp;ssl=1 360w\" sizes=\"auto, (max-width: 500px) 100vw, 500px\" \/><\/a><\/p>\n<p>A gastronomia foi um dos servi\u00e7os mais bem avaliados por estrangeiros que visitaram o Sudeste no ano passado. \u00c9 o que aponta o estudo da Demanda Tur\u00edstica Internacional no Brasil, que captou \u00edndices de aprova\u00e7\u00e3o de 94,4% a 97,3%. Segundo o levantamento, encomendado pelo Minist\u00e9rio do Turismo \u00e0 Funda\u00e7\u00e3o Instituto de Pesquisas Econ\u00f4micas (Fipe), Argentina, Estados Unidos e Portugal lideraram a emiss\u00e3o de viajantes \u00e0 regi\u00e3o.<\/p>\n<p>O Sudeste abriga o principal destino nacional de viajantes a lazer, a cidade do Rio de Janeiro, sendo que o munic\u00edpio de Arma\u00e7\u00e3o de B\u00fazios, no litoral norte fluminense, ocupa a quarta posi\u00e7\u00e3o no mesmo ranking. J\u00e1 a capital paulista \u00e9 a l\u00edder do pa\u00eds na chegada de turistas a neg\u00f3cios, e Campinas, no interior do estado, figura no quarto lugar entre os mais buscados no Brasil para eventos, feiras e conven\u00e7\u00f5es.<\/p>\n<p>Hot\u00e9is, flats e pousadas s\u00e3o os meios de hospedagem mais utilizados por estrangeiros no Rio e S\u00e3o Paulo, enquanto em Minas e Esp\u00edrito Santo a principal op\u00e7\u00e3o \u00e9 por casas de parentes e amigos. A pesquisa tamb\u00e9m indica a aprova\u00e7\u00e3o da hospitalidade na regi\u00e3o, com percentuais de 94,9% a 97,9%. N\u00e3o por acaso, mais de 93% dos turistas manifestam inten\u00e7\u00e3o de retornar ao pa\u00eds, sendo que pelo menos 52,9% j\u00e1 haviam estado no Brasil.<\/p>\n<p>Segundo o estudo, al\u00e9m das capitais fluminense e paulista, alguns dos destinos mais procurados no Sudeste s\u00e3o Maca\u00e9 e Paraty, no Rio; Ubatuba e Campinas, em S\u00e3o Paulo; Vit\u00f3ria e Vila Velha, no Esp\u00edrito Santo, e Belo Horizonte, Uberl\u00e2ndia e Ouro Preto, em Minas.<\/p>\n<p><strong>Dados Nacionais<\/strong><\/p>\n<p>A pesquisa, realizada ao longo de 2018 com 39 mil turistas de outras nacionalidades, revelou que a experi\u00eancia tur\u00edstica no Brasil superou ou atendeu plenamente a expectativa de 87,7% dos entrevistados, e 95,4% pretendem voltar ao pa\u00eds. No ano passado, o Brasil registrou 6.621.376 chegadas internacionais, um crescimento de 0,5% em rela\u00e7\u00e3o a 2017 (6.588.770).<\/p>\n<p>O n\u00famero de visitantes provenientes das quatro na\u00e7\u00f5es ent\u00e3o beneficiadas com a ado\u00e7\u00e3o do visto eletr\u00f4nico &#8211; Austr\u00e1lia, Canad\u00e1, Estados Unidos e Jap\u00e3o &#8211; cresceu 15,73%. Os canadenses foram os que mais aproveitaram a vantagem, com um salto de 45,3%, seguidos dos australianos (24,7%), norte-americanos (13,3%) e japoneses (5,5%). Desde 17 de junho de 2019, cidad\u00e3os desses pa\u00edses est\u00e3o isentos da exig\u00eancia do documento.<\/p>\n","protected":false},"excerpt":{"rendered":"<p>Gastronomia da regi\u00e3o \u00e9 bem avaliada por mais de 94% dos visitantes internacionais em pesquisa do Minist\u00e9rio do Turismo A gastronomia foi um dos servi\u00e7os mais bem avaliados por estrangeiros que visitaram o Sudeste no ano passado. \u00c9 o que aponta o estudo da Demanda Tur\u00edstica Internacional no Brasil, que captou \u00edndices de aprova\u00e7\u00e3o de&#8230;<\/p>\n","protected":false},"author":1,"featured_media":5076,"comment_status":"closed","ping_status":"closed","sticky":false,"template":"","format":"standard","meta":{"_monsterinsights_skip_tracking":false,"_monsterinsights_sitenote_active":false,"_monsterinsights_sitenote_note":"","_monsterinsights_sitenote_category":0,"magazine_newspaper_sidebar_layout":"","footnotes":"","jetpack_publicize_message":"","jetpack_publicize_feature_enabled":true,"jetpack_social_post_already_shared":false,"jetpack_social_options":{"image_generator_settings":{"template":"highway","default_image_id":0,"font":"","enabled":false},"version":2}},"categories":[65],"tags":[1008,1009,1006,1007],"class_list":["post-5075","post","type-post","status-publish","format-standard","has-post-thumbnail","hentry","category-turismo-e-lazer","tag-culinaria-mineira","tag-demanda-turistica-internacional-no-brasil","tag-gastronomia-do-sudeste","tag-omia-mineira"],"aioseo_notices":[],"jetpack_publicize_connections":[],"jetpack_featured_media_url":"https:\/\/i0.wp.com\/tvnovelas.com.br\/news\/wp-content\/uploads\/2019\/09\/geral500.jpg?fit=500%2C333&ssl=1","jetpack_sharing_enabled":true,"jetpack_likes_enabled":true,"jetpack-related-posts":[],"jetpack_shortlink":"https:\/\/wp.me\/pfB4mB-1jR","_links":{"self":[{"href":"https:\/\/tvnovelas.com.br\/news\/wp-json\/wp\/v2\/posts\/5075","targetHints":{"allow":["GET"]}}],"collection":[{"href":"https:\/\/tvnovelas.com.br\/news\/wp-json\/wp\/v2\/posts"}],"about":[{"href":"https:\/\/tvnovelas.com.br\/news\/wp-json\/wp\/v2\/types\/post"}],"author":[{"embeddable":true,"href":"https:\/\/tvnovelas.com.br\/news\/wp-json\/wp\/v2\/users\/1"}],"replies":[{"embeddable":true,"href":"https:\/\/tvnovelas.com.br\/news\/wp-json\/wp\/v2\/comments?post=5075"}],"version-history":[{"count":1,"href":"https:\/\/tvnovelas.com.br\/news\/wp-json\/wp\/v2\/posts\/5075\/revisions"}],"predecessor-version":[{"id":5077,"href":"https:\/\/tvnovelas.com.br\/news\/wp-json\/wp\/v2\/posts\/5075\/revisions\/5077"}],"wp:featuredmedia":[{"embeddable":true,"href":"https:\/\/tvnovelas.com.br\/news\/wp-json\/wp\/v2\/media\/5076"}],"wp:attachment":[{"href":"https:\/\/tvnovelas.com.br\/news\/wp-json\/wp\/v2\/media?parent=5075"}],"wp:term":[{"taxonomy":"category","embeddable":true,"href":"https:\/\/tvnovelas.com.br\/news\/wp-json\/wp\/v2\/categories?post=5075"},{"taxonomy":"post_tag","embeddable":true,"href":"https:\/\/tvnovelas.com.br\/news\/wp-json\/wp\/v2\/tags?post=5075"}],"curies":[{"name":"wp","href":"https:\/\/api.w.org\/{rel}","templated":true}]}}