{"id":503,"date":"2017-08-23T17:05:16","date_gmt":"2017-08-23T20:05:16","guid":{"rendered":"https:\/\/tvnovelas.com.br\/news\/mundo\/?p=503"},"modified":"2017-08-23T17:05:36","modified_gmt":"2017-08-23T20:05:36","slug":"governo-reduz-idade-para-saque-das-cotas-do-pispasep","status":"publish","type":"post","link":"https:\/\/tvnovelas.com.br\/news\/governo-reduz-idade-para-saque-das-cotas-do-pispasep\/","title":{"rendered":"Governo reduz idade para saque das cotas do Pis\/Pasep"},"content":{"rendered":"<p>O presidente Michel Temer assinou nesta quarta-feira, dia 23, durante cerim\u00f4nia no Pal\u00e1cio do Planalto, Medida Provis\u00f3ria que beneficiar\u00e1 7,8 milh\u00f5es de cotistas do Fundo PIS-Pasep e deve injetar R$ 15,9 bilh\u00f5es na economia.<br \/>\n A nova norma reduz a idade m\u00ednima para saque das cotas do fundo para 62 anos, no caso de mulheres, e 65 anos no caso de homens, permitindo que o cr\u00e9dito seja disponibilizado em folha de pagamento ou de forma autom\u00e1tica em conta de dep\u00f3sito, conta poupan\u00e7a ou outra forma de pagamento de titularidade para cotistas enquadrados nas hip\u00f3teses para saque. A medida entra em vigor em outubro.<br \/>\nAo facilitar o saque de cotistas,\u00b4no entendimento do governo a medida contribui com a consolida\u00e7\u00e3o da retomada do crescimento no Pa\u00eds.<br \/>\nO governo federal informou que vai trabalhar em conjunto com os bancos p\u00fablicos federais, Caixa Econ\u00f4mica Federal e Banco do Brasil, para informar \u00e0 popula\u00e7\u00e3o que tem direito ao saque dos recursos aplicados at\u00e9 1988, ano em que o fundo deixou de contar com a arrecada\u00e7\u00e3o para contas individuais.<br \/>\nA Caixa Econ\u00f4mica e o Banco do Brasil divulgar\u00e3o nas pr\u00f3ximas semanas o calend\u00e1rio de saques que atendem aos crit\u00e9rios estabelecidos na medida provis\u00f3ria.<\/p>\n<h3>Coment\u00e1rio<\/h3>\n<div class=\"fb-comments\" data-href=\"https:\/\/tvnovelas.com.br\/news\/mundo\/noticias\/503\" data-width=\"100%\" data-numposts=\"10\"><\/div>\n","protected":false},"excerpt":{"rendered":"<p>O presidente Michel Temer assinou nesta quarta-feira, dia 23, durante cerim\u00f4nia no Pal\u00e1cio do Planalto, Medida Provis\u00f3ria que beneficiar\u00e1 7,8 milh\u00f5es de cotistas do Fundo PIS-Pasep e deve injetar R$ 15,9 bilh\u00f5es na economia. A nova norma reduz a idade m\u00ednima para saque das cotas do fundo para 62 anos, no caso de mulheres, e&#8230;<\/p>\n","protected":false},"author":1,"featured_media":0,"comment_status":"closed","ping_status":"closed","sticky":false,"template":"","format":"standard","meta":{"_monsterinsights_skip_tracking":false,"_monsterinsights_sitenote_active":false,"_monsterinsights_sitenote_note":"","_monsterinsights_sitenote_category":0,"magazine_newspaper_sidebar_layout":"","footnotes":"","jetpack_publicize_message":"","jetpack_publicize_feature_enabled":true,"jetpack_social_post_already_shared":false,"jetpack_social_options":{"image_generator_settings":{"template":"highway","default_image_id":0,"font":"","enabled":false},"version":2}},"categories":[1],"tags":[15,16],"class_list":["post-503","post","type-post","status-publish","format-standard","hentry","category-blog","tag-economia","tag-geral"],"aioseo_notices":[],"jetpack_publicize_connections":[],"jetpack_featured_media_url":"","jetpack_sharing_enabled":true,"jetpack_likes_enabled":true,"jetpack-related-posts":[],"jetpack_shortlink":"https:\/\/wp.me\/pfB4mB-87","_links":{"self":[{"href":"https:\/\/tvnovelas.com.br\/news\/wp-json\/wp\/v2\/posts\/503","targetHints":{"allow":["GET"]}}],"collection":[{"href":"https:\/\/tvnovelas.com.br\/news\/wp-json\/wp\/v2\/posts"}],"about":[{"href":"https:\/\/tvnovelas.com.br\/news\/wp-json\/wp\/v2\/types\/post"}],"author":[{"embeddable":true,"href":"https:\/\/tvnovelas.com.br\/news\/wp-json\/wp\/v2\/users\/1"}],"replies":[{"embeddable":true,"href":"https:\/\/tvnovelas.com.br\/news\/wp-json\/wp\/v2\/comments?post=503"}],"version-history":[{"count":2,"href":"https:\/\/tvnovelas.com.br\/news\/wp-json\/wp\/v2\/posts\/503\/revisions"}],"predecessor-version":[{"id":505,"href":"https:\/\/tvnovelas.com.br\/news\/wp-json\/wp\/v2\/posts\/503\/revisions\/505"}],"wp:attachment":[{"href":"https:\/\/tvnovelas.com.br\/news\/wp-json\/wp\/v2\/media?parent=503"}],"wp:term":[{"taxonomy":"category","embeddable":true,"href":"https:\/\/tvnovelas.com.br\/news\/wp-json\/wp\/v2\/categories?post=503"},{"taxonomy":"post_tag","embeddable":true,"href":"https:\/\/tvnovelas.com.br\/news\/wp-json\/wp\/v2\/tags?post=503"}],"curies":[{"name":"wp","href":"https:\/\/api.w.org\/{rel}","templated":true}]}}