{"id":5011,"date":"2019-09-07T13:17:00","date_gmt":"2019-09-07T16:17:00","guid":{"rendered":"https:\/\/tvnovelas.com.br\/news\/mundo\/?p=5011"},"modified":"2019-09-07T13:17:21","modified_gmt":"2019-09-07T16:17:21","slug":"feira-nacional-de-artesanato-comemora-os-30-anos-em-bh","status":"publish","type":"post","link":"https:\/\/tvnovelas.com.br\/news\/feira-nacional-de-artesanato-comemora-os-30-anos-em-bh\/","title":{"rendered":"Feira Nacional de Artesanato comemora os 30 anos em BH"},"content":{"rendered":"<p><a href=\"https:\/\/i0.wp.com\/tvnovelas.com.br\/news\/mundo\/wp-content\/uploads\/2019\/09\/geral485.jpg?ssl=1\"><img data-recalc-dims=\"1\" loading=\"lazy\" decoding=\"async\" src=\"https:\/\/i0.wp.com\/tvnovelas.com.br\/news\/mundo\/wp-content\/uploads\/2019\/09\/geral485.jpg?resize=500%2C332&#038;ssl=1\" alt=\"Foto de stande de feira anterior\" width=\"500\" height=\"332\" class=\"alignnone size-full wp-image-5012\" srcset=\"https:\/\/i0.wp.com\/tvnovelas.com.br\/news\/wp-content\/uploads\/2019\/09\/geral485.jpg?w=500&amp;ssl=1 500w, https:\/\/i0.wp.com\/tvnovelas.com.br\/news\/wp-content\/uploads\/2019\/09\/geral485.jpg?resize=300%2C199&amp;ssl=1 300w, https:\/\/i0.wp.com\/tvnovelas.com.br\/news\/wp-content\/uploads\/2019\/09\/geral485.jpg?resize=450%2C300&amp;ssl=1 450w, https:\/\/i0.wp.com\/tvnovelas.com.br\/news\/wp-content\/uploads\/2019\/09\/geral485.jpg?resize=360%2C240&amp;ssl=1 360w\" sizes=\"auto, (max-width: 500px) 100vw, 500px\" \/><\/a><\/p>\n<p>A 30\u00aa. Feira Nacional de Artesanato, que acontecer\u00e1 em Belo Horizonte de 3 a 8 de dezembro de 2019,  j\u00e1 est\u00e1 com a quase totalidade da \u00e1rea ocupada. Dos 1.200 stands, restam pouco menos do que 100 para serem ocupado, segundo os organizadores.<\/p>\n<p>Est\u00e3o confirmados todos os estados brasileiros, mais o Distrito Federal, al\u00e9m das atra\u00e7\u00f5es de sempre, as etnias que vem de todos os cantos do Brasil, formada por mais de 100 indios. Entre os pa\u00edses j\u00e1 confirmaram presen\u00e7a o Paquist\u00e3o, Senegal, Turquia, Chile e Africa do Sul.<\/p>\n<p>Esta ano, na passagem dos 30 anos da feira, os deficientes visuais ter\u00e3o um projeto especial, quando ser\u00e1 montado dentro do pavilh\u00e3o uma galeria com produtos das mais diversas tipologias, tipo, barro, madeira, fibra, tecido, metal, etc,al\u00e9m de textos em braile.  Para os deficientes auditivos, em todos os workshops, rodas de conversa e palestras, ter\u00e3o a tradu\u00e7\u00e3o em libras.<\/p>\n<p>Todas as oficinas na feira ser\u00e3o com os res\u00edduos gerados no evento: banners, carpete, garrafas pet, latinhas, papel e papel\u00e3o.<br \/>\nSERVI\u00c7O<br \/>\n30\u00aa Feira Nacional de Artesanato<br \/>\nBelo Horizonte<br \/>\nExpominas &#8211; de 03 a 08 de dezembro<\/p>\n","protected":false},"excerpt":{"rendered":"<p>A 30\u00aa. Feira Nacional de Artesanato, que acontecer\u00e1 em Belo Horizonte de 3 a 8 de dezembro de 2019, j\u00e1 est\u00e1 com a quase totalidade da \u00e1rea ocupada. Dos 1.200 stands, restam pouco menos do que 100 para serem ocupado, segundo os organizadores. Est\u00e3o confirmados todos os estados brasileiros, mais o Distrito Federal, al\u00e9m das&#8230;<\/p>\n","protected":false},"author":1,"featured_media":5012,"comment_status":"closed","ping_status":"closed","sticky":false,"template":"","format":"standard","meta":{"_monsterinsights_skip_tracking":false,"_monsterinsights_sitenote_active":false,"_monsterinsights_sitenote_note":"","_monsterinsights_sitenote_category":0,"magazine_newspaper_sidebar_layout":"","footnotes":"","jetpack_publicize_message":"","jetpack_publicize_feature_enabled":true,"jetpack_social_post_already_shared":false,"jetpack_social_options":{"image_generator_settings":{"template":"highway","default_image_id":0,"font":"","enabled":false},"version":2}},"categories":[962],"tags":[32,963],"class_list":["post-5011","post","type-post","status-publish","format-standard","has-post-thumbnail","hentry","category-eventos","tag-artesanato","tag-feira-nacional-de-artesanato"],"aioseo_notices":[],"jetpack_publicize_connections":[],"jetpack_featured_media_url":"https:\/\/i0.wp.com\/tvnovelas.com.br\/news\/wp-content\/uploads\/2019\/09\/geral485.jpg?fit=500%2C332&ssl=1","jetpack_sharing_enabled":true,"jetpack_likes_enabled":true,"jetpack-related-posts":[],"jetpack_shortlink":"https:\/\/wp.me\/pfB4mB-1iP","_links":{"self":[{"href":"https:\/\/tvnovelas.com.br\/news\/wp-json\/wp\/v2\/posts\/5011","targetHints":{"allow":["GET"]}}],"collection":[{"href":"https:\/\/tvnovelas.com.br\/news\/wp-json\/wp\/v2\/posts"}],"about":[{"href":"https:\/\/tvnovelas.com.br\/news\/wp-json\/wp\/v2\/types\/post"}],"author":[{"embeddable":true,"href":"https:\/\/tvnovelas.com.br\/news\/wp-json\/wp\/v2\/users\/1"}],"replies":[{"embeddable":true,"href":"https:\/\/tvnovelas.com.br\/news\/wp-json\/wp\/v2\/comments?post=5011"}],"version-history":[{"count":1,"href":"https:\/\/tvnovelas.com.br\/news\/wp-json\/wp\/v2\/posts\/5011\/revisions"}],"predecessor-version":[{"id":5013,"href":"https:\/\/tvnovelas.com.br\/news\/wp-json\/wp\/v2\/posts\/5011\/revisions\/5013"}],"wp:featuredmedia":[{"embeddable":true,"href":"https:\/\/tvnovelas.com.br\/news\/wp-json\/wp\/v2\/media\/5012"}],"wp:attachment":[{"href":"https:\/\/tvnovelas.com.br\/news\/wp-json\/wp\/v2\/media?parent=5011"}],"wp:term":[{"taxonomy":"category","embeddable":true,"href":"https:\/\/tvnovelas.com.br\/news\/wp-json\/wp\/v2\/categories?post=5011"},{"taxonomy":"post_tag","embeddable":true,"href":"https:\/\/tvnovelas.com.br\/news\/wp-json\/wp\/v2\/tags?post=5011"}],"curies":[{"name":"wp","href":"https:\/\/api.w.org\/{rel}","templated":true}]}}