{"id":4976,"date":"2019-09-04T14:59:14","date_gmt":"2019-09-04T17:59:14","guid":{"rendered":"https:\/\/tvnovelas.com.br\/news\/mundo\/?p=4976"},"modified":"2019-09-04T14:59:14","modified_gmt":"2019-09-04T17:59:14","slug":"cresce-18-numero-de-casos-de-sarampo-no-brasil","status":"publish","type":"post","link":"https:\/\/tvnovelas.com.br\/news\/cresce-18-numero-de-casos-de-sarampo-no-brasil\/","title":{"rendered":"Cresce 18% n\u00famero de casos de sarampo no Brasil"},"content":{"rendered":"<p><a href=\"https:\/\/i0.wp.com\/tvnovelas.com.br\/news\/mundo\/wp-content\/uploads\/2019\/08\/geral379.jpg?ssl=1\"><img data-recalc-dims=\"1\" loading=\"lazy\" decoding=\"async\" src=\"https:\/\/i0.wp.com\/tvnovelas.com.br\/news\/mundo\/wp-content\/uploads\/2019\/08\/geral379.jpg?resize=500%2C333&#038;ssl=1\" alt=\"Foto de crian\u00e7a sendo vacinada\" width=\"500\" height=\"333\" class=\"alignnone wp-image-4548 size-full\" title=\"Crian\u00e7a sendo vacinada\" srcset=\"https:\/\/i0.wp.com\/tvnovelas.com.br\/news\/wp-content\/uploads\/2019\/08\/geral379.jpg?w=500&amp;ssl=1 500w, https:\/\/i0.wp.com\/tvnovelas.com.br\/news\/wp-content\/uploads\/2019\/08\/geral379.jpg?resize=300%2C200&amp;ssl=1 300w, https:\/\/i0.wp.com\/tvnovelas.com.br\/news\/wp-content\/uploads\/2019\/08\/geral379.jpg?resize=450%2C300&amp;ssl=1 450w, https:\/\/i0.wp.com\/tvnovelas.com.br\/news\/wp-content\/uploads\/2019\/08\/geral379.jpg?resize=360%2C240&amp;ssl=1 360w\" sizes=\"auto, (max-width: 500px) 100vw, 500px\" \/><\/a><\/p>\n<p><strong>O aumento dos casos de sarampo se deve a confirma\u00e7\u00e3o clinica dos casos que estavam em investiga\u00e7\u00e3o<\/strong><\/p>\n<p>O Brasil registrou nos \u00faltimos 90 dias, 2.753 casos confirmados de sarampo em 13 estados brasileiros. O aumento de 18% em rela\u00e7\u00e3o ao \u00faltimo boletim divulgado pelo Minist\u00e9rio da Sa\u00fade (28\/08) se deve a confirma\u00e7\u00e3o cl\u00ednica de casos que estavam em investiga\u00e7\u00e3o anteriormente. De acordo com o novo boletim epidemiol\u00f3gico da doen\u00e7a, entre 09 de junho a 31 de agosto de 2019, o Brasil notificou 20.292 casos, sendo 15.430 em investiga\u00e7\u00e3o e 2.109 descartados. O levantamento divulgado, nesta quarta-feira (4), pelo Minist\u00e9rio da Sa\u00fade, apontou tamb\u00e9m quatro \u00f3bitos em decorr\u00eancia da doen\u00e7a: tr\u00eas mortes no estado de S\u00e3o Paulo (duas crian\u00e7as e 1 adulto); e uma no estado de Pernambuco (uma crian\u00e7a). Em nenhum dos quatro casos foi comprovada a imuniza\u00e7\u00e3o contra o sarampo.<\/p>\n<p>&#8220;Toda comunidade internacional est\u00e1 atenta e preocupada como o sarampo, que tem se espalhado pelo mundo inteiro. No Brasil, o Minist\u00e9rio da Sa\u00fade est\u00e1 monitorando diariamente, tanto os pedidos de exames para a doen\u00e7a quanto a confirma\u00e7\u00e3o de novos casos\u201d, explicou o secret\u00e1rio de vigil\u00e2ncia em sa\u00fade do Minist\u00e9rio da Sa\u00fade, Wanderson Oliveira.<\/p>\n<p>Sobre os \u00f3bitos j\u00e1 registrados no pa\u00eds, o secret\u00e1rio informou que, dos quatro casos, tr\u00eas foram em crian\u00e7as menores de 1 ano de idade, o que refor\u00e7a a necessidade de vacinar principalmente esse p\u00fablico, conforme estrat\u00e9gia que o Minist\u00e9rio da Sa\u00fade vem adotando junto com os estados. \u201c\u00c9 fundamental proteger, neste momento, crian\u00e7as menores de um ano. Elas precisam que os adultos as levem aos postos de sa\u00fade\u201d, alertou Wanderson Oliveira.<\/p>\n<p>Os casos confirmados est\u00e3o concentrados em 13 estados, sendo a maioria, 98,37% no estado de S\u00e3o Paulo (2.708), seguido do Rio Janeiro (15), Pernambuco (12), Distrito Federal (3), Goi\u00e1s (1), Paran\u00e1 (1), Maranh\u00e3o (1), Rio Grande do Norte (1), Esp\u00edrito Santo (1), Bahia (1), Sergipe (1), Santa Catarina (7) e Piau\u00ed (1). Os casos est\u00e3o distribu\u00eddos em 120 munic\u00edpios. Nos estados de Goi\u00e1s e Piau\u00ed, os casos foram registrados em outros estados.<\/p>\n<p>O Minist\u00e9rio da Sa\u00fade informou que j\u00e1 destinou, 1,6 milh\u00e3o de doses extras da vacina tr\u00edplice viral a todos os estados, para garantir a dose extra contra o sarampo em todas as crian\u00e7as de seis meses a 11 meses e 29 dias. S\u00f3 para os 13 estados que est\u00e3o em situa\u00e7\u00e3o de surto ativo de sarampo, v\u00e3o ser destinadas, 960.907 mil doses.<\/p>\n<p>Desse total, 56% j\u00e1 foi enviado para o estado de S\u00e3o Paulo, que concentra 99% dos casos. O envio de doses extras da vacina aos estados \u00e9 uma resposta imediata do Governo Federal em decorr\u00eancia do aumento de casos da doen\u00e7a em alguns estados.<\/p>\n<p><strong>Vitamina A<strong><br \/>\nO Minist\u00e9rio da Sa\u00fade informou ainda que vai disponibilizar aos estados e ao Distrito Federal, c\u00e1psulas de Vitamina A na concentra\u00e7\u00e3o de 50.000 UI, para casos suspeitos de sarampo em crian\u00e7as menores de seis meses de idade. Cada crian\u00e7a deve tomar duas doses da vitamina. A a\u00e7\u00e3o \u00e9 mais uma estrat\u00e9gia para fortalecer e proteger a crian\u00e7as nessa faixa et\u00e1ria em decorr\u00eancia do atual cen\u00e1rio epidemiol\u00f3gico.<\/strong><\/strong><\/p>\n<p>A orienta\u00e7\u00e3o \u00e9 que a primeira dose do medicamento seja administrada imediatamente no momento da suspeita na Unidade de Sa\u00fade. Para diminuir os riscos de transmiss\u00e3o da doen\u00e7a, a segunda dose dever\u00e1 ser administrada no dia seguinte, em domic\u00edlio. Onde houver possibilidade, recomenda-se que a administra\u00e7\u00e3o domiciliar seja supervisionada por profissional da equipe de Aten\u00e7\u00e3o Prim\u00e1ria \u00e0 Sa\u00fade e\/ou Vigil\u00e2ncia em Sa\u00fade.<\/p>\n<p>Caber\u00e1 aos estados o recebimento, armazenamento e distribui\u00e7\u00e3o aos respectivos munic\u00edpios. A distribui\u00e7\u00e3o das capsulas de 50.000 UI ser\u00e1 iniciada para as Unidades da Federa\u00e7\u00e3o (UF) em situa\u00e7\u00e3o de surto, com o envio de 250 c\u00e1psulas (5 caixas) para S\u00e3o Paulo e 100 c\u00e1psulas (2 caixas) para cada estado em situa\u00e7\u00e3o de surto de sarampo. Envios extras poder\u00e3o ser feitos pelo Minist\u00e9rio da Sa\u00fade mediante solicita\u00e7\u00e3o e dependendo da disponibilidade de estoque.<\/p>\n<p>O Minist\u00e9rio da Sa\u00fade j\u00e1 disponibiliza c\u00e1psulas de 100.000 UI e 200.000 UI da Vitamina A na rotina dos servi\u00e7os dentro do programa de suplementa\u00e7\u00e3o para crian\u00e7as maiores de seis meses de idade.<\/p>\n<p><strong>Bloqueio vacinal<\/strong><br \/>\nAl\u00e9m de vacinar as crian\u00e7as na faixa et\u00e1ria priorit\u00e1ria, o Minist\u00e9rio da Sa\u00fade, por meio da Secretaria de Vigil\u00e2ncia em Sa\u00fade, tamb\u00e9m orienta aos estados e munic\u00edpios a realizarem o bloqueio vacinal. Ou seja, em situa\u00e7\u00e3o de surto ativo do sarampo, quando identificado um caso da doen\u00e7a em alguma localidade, \u00e9 preciso vacinar todas as pessoas que tiveram ou tem contato com aquele caso suspeito em at\u00e9 72 horas. Neste caso, recomenda-se que sejam realizadas de forma seletiva, ou seja, n\u00e3o h\u00e1 necessidade de revacina\u00e7\u00e3o das pessoas que j\u00e1 foram vacinadas anteriormente e que tem comprova\u00e7\u00e3o vacinal.<br \/>\n*Fonte: Minist\u00e9rio da Sa\u00fade<\/p>\n","protected":false},"excerpt":{"rendered":"<p>O aumento dos casos de sarampo se deve a confirma\u00e7\u00e3o clinica dos casos que estavam em investiga\u00e7\u00e3o O Brasil registrou nos \u00faltimos 90 dias, 2.753 casos confirmados de sarampo em 13 estados brasileiros. O aumento de 18% em rela\u00e7\u00e3o ao \u00faltimo boletim divulgado pelo Minist\u00e9rio da Sa\u00fade (28\/08) se deve a confirma\u00e7\u00e3o cl\u00ednica de casos&#8230;<\/p>\n","protected":false},"author":1,"featured_media":4548,"comment_status":"closed","ping_status":"closed","sticky":false,"template":"","format":"standard","meta":{"_monsterinsights_skip_tracking":false,"_monsterinsights_sitenote_active":false,"_monsterinsights_sitenote_note":"","_monsterinsights_sitenote_category":0,"magazine_newspaper_sidebar_layout":"","footnotes":"","jetpack_publicize_message":"","jetpack_publicize_feature_enabled":true,"jetpack_social_post_already_shared":false,"jetpack_social_options":{"image_generator_settings":{"template":"highway","default_image_id":0,"font":"","enabled":false},"version":2}},"categories":[1],"tags":[933,662,934],"class_list":["post-4976","post","type-post","status-publish","format-standard","has-post-thumbnail","hentry","category-blog","tag-bloqueio-vacinal","tag-sarampo","tag-vitamina-a"],"aioseo_notices":[],"jetpack_publicize_connections":[],"jetpack_featured_media_url":"https:\/\/i0.wp.com\/tvnovelas.com.br\/news\/wp-content\/uploads\/2019\/08\/geral379.jpg?fit=500%2C333&ssl=1","jetpack_sharing_enabled":true,"jetpack_likes_enabled":true,"jetpack-related-posts":[],"jetpack_shortlink":"https:\/\/wp.me\/pfB4mB-1ig","_links":{"self":[{"href":"https:\/\/tvnovelas.com.br\/news\/wp-json\/wp\/v2\/posts\/4976","targetHints":{"allow":["GET"]}}],"collection":[{"href":"https:\/\/tvnovelas.com.br\/news\/wp-json\/wp\/v2\/posts"}],"about":[{"href":"https:\/\/tvnovelas.com.br\/news\/wp-json\/wp\/v2\/types\/post"}],"author":[{"embeddable":true,"href":"https:\/\/tvnovelas.com.br\/news\/wp-json\/wp\/v2\/users\/1"}],"replies":[{"embeddable":true,"href":"https:\/\/tvnovelas.com.br\/news\/wp-json\/wp\/v2\/comments?post=4976"}],"version-history":[{"count":1,"href":"https:\/\/tvnovelas.com.br\/news\/wp-json\/wp\/v2\/posts\/4976\/revisions"}],"predecessor-version":[{"id":4977,"href":"https:\/\/tvnovelas.com.br\/news\/wp-json\/wp\/v2\/posts\/4976\/revisions\/4977"}],"wp:featuredmedia":[{"embeddable":true,"href":"https:\/\/tvnovelas.com.br\/news\/wp-json\/wp\/v2\/media\/4548"}],"wp:attachment":[{"href":"https:\/\/tvnovelas.com.br\/news\/wp-json\/wp\/v2\/media?parent=4976"}],"wp:term":[{"taxonomy":"category","embeddable":true,"href":"https:\/\/tvnovelas.com.br\/news\/wp-json\/wp\/v2\/categories?post=4976"},{"taxonomy":"post_tag","embeddable":true,"href":"https:\/\/tvnovelas.com.br\/news\/wp-json\/wp\/v2\/tags?post=4976"}],"curies":[{"name":"wp","href":"https:\/\/api.w.org\/{rel}","templated":true}]}}