{"id":4970,"date":"2019-09-04T14:46:33","date_gmt":"2019-09-04T17:46:33","guid":{"rendered":"https:\/\/tvnovelas.com.br\/news\/mundo\/?p=4970"},"modified":"2019-09-04T14:46:44","modified_gmt":"2019-09-04T17:46:44","slug":"trem-da-valevolta-a-circular-entre-bh-e-barao-de-cocais","status":"publish","type":"post","link":"https:\/\/tvnovelas.com.br\/news\/trem-da-valevolta-a-circular-entre-bh-e-barao-de-cocais\/","title":{"rendered":"Trem da Vale volta a circular entre BH e Bar\u00e3o de Cocais"},"content":{"rendered":"<p>&nbsp;<\/p>\n<p><a href=\"https:\/\/i0.wp.com\/tvnovelas.com.br\/news\/mundo\/wp-content\/uploads\/2019\/09\/geral478-1.jpg?ssl=1\"><img data-recalc-dims=\"1\" loading=\"lazy\" decoding=\"async\" src=\"https:\/\/i0.wp.com\/tvnovelas.com.br\/news\/mundo\/wp-content\/uploads\/2019\/09\/geral478-1.jpg?resize=500%2C330&#038;ssl=1\" alt=\"Foto do Trem da Vale\" width=\"500\" height=\"330\" class=\"alignnone wp-image-4973 size-full\" title=\"(foto: Reprodu\u00e7\u00e3o\/Vale)\" srcset=\"https:\/\/i0.wp.com\/tvnovelas.com.br\/news\/wp-content\/uploads\/2019\/09\/geral478-1.jpg?w=500&amp;ssl=1 500w, https:\/\/i0.wp.com\/tvnovelas.com.br\/news\/wp-content\/uploads\/2019\/09\/geral478-1.jpg?resize=300%2C198&amp;ssl=1 300w\" sizes=\"auto, (max-width: 500px) 100vw, 500px\" \/><\/a><br \/>\nA circula\u00e7\u00e3o do trem de passageiros entre as esta\u00e7\u00f5es de Belo Horizonte e Dois Irm\u00e3os, em Bar\u00e3o de Cocais (MG), foi retomada em sua totalidade desde domingo 1\u00ba de setembro. Neste s\u00e1bado (31\/08).<\/p>\n<p>Assim, a circula\u00e7\u00e3o no trajeto Vit\u00f3ria &#8211; Belo Horizonte est\u00e1 normalizada em ambos os sentidos.<\/p>\n<p>A retomada integral da circula\u00e7\u00e3o foi poss\u00edvel, segundo a Vale, ap\u00f3s uma empresa internacional de consultoria com atua\u00e7\u00e3o independente atestar a seguran\u00e7a das opera\u00e7\u00f5es ferrovi\u00e1rias nas proximidades da mina Gongo Soco, em Minas Gerais.<\/p>\n<p><strong>Servi\u00e7o<\/strong><br \/>\nMais informa\u00e7\u00f5es podem ser solicitadas por meio do Al\u00f4 Ferrovias 0800 285 7000.<\/p>\n","protected":false},"excerpt":{"rendered":"<p>&nbsp; A circula\u00e7\u00e3o do trem de passageiros entre as esta\u00e7\u00f5es de Belo Horizonte e Dois Irm\u00e3os, em Bar\u00e3o de Cocais (MG), foi retomada em sua totalidade desde domingo 1\u00ba de setembro. Neste s\u00e1bado (31\/08). Assim, a circula\u00e7\u00e3o no trajeto Vit\u00f3ria &#8211; Belo Horizonte est\u00e1 normalizada em ambos os sentidos. A retomada integral da circula\u00e7\u00e3o foi&#8230;<\/p>\n","protected":false},"author":1,"featured_media":4973,"comment_status":"closed","ping_status":"closed","sticky":false,"template":"","format":"standard","meta":{"_monsterinsights_skip_tracking":false,"_monsterinsights_sitenote_active":false,"_monsterinsights_sitenote_note":"","_monsterinsights_sitenote_category":0,"magazine_newspaper_sidebar_layout":"","footnotes":"","jetpack_publicize_message":"","jetpack_publicize_feature_enabled":true,"jetpack_social_post_already_shared":false,"jetpack_social_options":{"image_generator_settings":{"template":"highway","default_image_id":0,"font":"","enabled":false},"version":2}},"categories":[1,65],"tags":[931,932,930],"class_list":["post-4970","post","type-post","status-publish","format-standard","has-post-thumbnail","hentry","category-blog","category-turismo-e-lazer","tag-belo-horizonte-vitoria","tag-trem-da-vale","tag-trem-de-passageiros"],"aioseo_notices":[],"jetpack_publicize_connections":[],"jetpack_featured_media_url":"https:\/\/i0.wp.com\/tvnovelas.com.br\/news\/wp-content\/uploads\/2019\/09\/geral478-1.jpg?fit=500%2C330&ssl=1","jetpack_sharing_enabled":true,"jetpack_likes_enabled":true,"jetpack-related-posts":[],"jetpack_shortlink":"https:\/\/wp.me\/pfB4mB-1ia","_links":{"self":[{"href":"https:\/\/tvnovelas.com.br\/news\/wp-json\/wp\/v2\/posts\/4970","targetHints":{"allow":["GET"]}}],"collection":[{"href":"https:\/\/tvnovelas.com.br\/news\/wp-json\/wp\/v2\/posts"}],"about":[{"href":"https:\/\/tvnovelas.com.br\/news\/wp-json\/wp\/v2\/types\/post"}],"author":[{"embeddable":true,"href":"https:\/\/tvnovelas.com.br\/news\/wp-json\/wp\/v2\/users\/1"}],"replies":[{"embeddable":true,"href":"https:\/\/tvnovelas.com.br\/news\/wp-json\/wp\/v2\/comments?post=4970"}],"version-history":[{"count":3,"href":"https:\/\/tvnovelas.com.br\/news\/wp-json\/wp\/v2\/posts\/4970\/revisions"}],"predecessor-version":[{"id":4975,"href":"https:\/\/tvnovelas.com.br\/news\/wp-json\/wp\/v2\/posts\/4970\/revisions\/4975"}],"wp:featuredmedia":[{"embeddable":true,"href":"https:\/\/tvnovelas.com.br\/news\/wp-json\/wp\/v2\/media\/4973"}],"wp:attachment":[{"href":"https:\/\/tvnovelas.com.br\/news\/wp-json\/wp\/v2\/media?parent=4970"}],"wp:term":[{"taxonomy":"category","embeddable":true,"href":"https:\/\/tvnovelas.com.br\/news\/wp-json\/wp\/v2\/categories?post=4970"},{"taxonomy":"post_tag","embeddable":true,"href":"https:\/\/tvnovelas.com.br\/news\/wp-json\/wp\/v2\/tags?post=4970"}],"curies":[{"name":"wp","href":"https:\/\/api.w.org\/{rel}","templated":true}]}}