{"id":4946,"date":"2019-09-03T16:38:12","date_gmt":"2019-09-03T19:38:12","guid":{"rendered":"https:\/\/tvnovelas.com.br\/news\/mundo\/?p=4946"},"modified":"2019-09-03T16:38:12","modified_gmt":"2019-09-03T19:38:12","slug":"resgatadas-59-vitimas-de-trabalho-analogo-ao-escravo-em-minas-gerais","status":"publish","type":"post","link":"https:\/\/tvnovelas.com.br\/news\/resgatadas-59-vitimas-de-trabalho-analogo-ao-escravo-em-minas-gerais\/","title":{"rendered":"Resgatadas  59 v\u00edtimas de trabalho an\u00e1logo ao escravo em Minas Gerais"},"content":{"rendered":"<h2>Resgatados trabalhavam em duas fazendas de caf\u00e9 em Campos Altos e Santa Rosa da Serra<\/p>\n<h2>\n<p>Opera\u00e7\u00e3o de fiscaliza\u00e7\u00e3o no interior de Minas Gerais resgatou 59 trabalhadores de condi\u00e7\u00e3o de trabalho an\u00e1logo ao escravo no final de agosto. Eles trabalhavam em cafezais nos munic\u00edpios de Campos Altos e Santa Rosa da Serra e retiravam, de forma manual, o resto do caf\u00e9 que havia ficado nas plantas, ap\u00f3s colheita feita por m\u00e1quinas. N\u00e3o recebiam pelo trabalho nem o pagamento proporcional ao sal\u00e1rio m\u00ednimo. <\/p>\n<p>Auditores-fiscais do Trabalho, vinculados \u00e0 Secretaria Especial de Previd\u00eancia e Trabalho do Minist\u00e9rio da Economia em Minas Gerais, procurador do Minist\u00e9rio P\u00fablico do Trabalho e agentes da Pol\u00edcia Rodovi\u00e1ria Federal trabalharam na opera\u00e7\u00e3o, que foi realizada de 19 a 28 de agosto. <\/p>\n<p>Condi\u00e7\u00f5es de trabalho<br \/>\nNenhum dos trabalhadores tinha Carteira de Trabalho e Previd\u00eancia Social assinada, grande parte deles sequer possu\u00eda o documento, sendo necess\u00e1rio sua emiss\u00e3o durante a a\u00e7\u00e3o fiscal. Os resgatados tamb\u00e9m n\u00e3o recebiam equipamentos de prote\u00e7\u00e3o individual para realizar as atividades, nas frentes de trabalho n\u00e3o havia acesso a instala\u00e7\u00f5es sanit\u00e1rias, \u00e1gua pot\u00e1vel e local adequado para as refei\u00e7\u00f5es. Para as necessidades fisiol\u00f3gicas eram usados os cafezais. <\/p>\n<p>Em uma fazenda vistoriada, foram identificadas crian\u00e7as e adolescentes (de 13, 14 e 17 anos) laborando em atividade proibida para essa faixa et\u00e1ria, submetidos \u00e0s mesmas condi\u00e7\u00f5es verificadas entre os trabalhadores adultos. Em outra fazenda, foi identificado um adolescente com 16 anos de idade. <\/p>\n<p>Os trabalhadores resgatados tiveram suas atividades laborais cessadas e foram emitidos os requerimentos de Seguro-Desemprego especial. As verbas rescis\u00f3rias e o pagamento do sal\u00e1rio de junho superaram R$ 90 mil. <\/p>\n<p>Al\u00e9m disso, foi firmado Termo de Ajustamento de Conduta com os donos das duas fazendas, prevendo o pagamento de dano moral individual e coletivo em raz\u00e3o da submiss\u00e3o das v\u00edtimas ao trabalho an\u00e1logo ao escravo. O dono de uma das fazendas pagou R$ 363 mil a t\u00edtulo de dano moral individual e R$ 500 mil a t\u00edtulo de dano moral coletivo. No caso da segunda fazenda, foi ajustado o pagamento de R$ 5 mil em dano moral individual. Os valores do dano moral individual foram pagos \u00e0s v\u00edtimas juntamente com as verbas rescis\u00f3rias. <\/p>\n<p>Pelas irregularidades trabalhistas constatadas, foram lavrados, ao total, 42 autos de infra\u00e7\u00e3o. C\u00f3pia do relat\u00f3rio circunstanciado da inspe\u00e7\u00e3o realizada ser\u00e1 encaminhada ao Minist\u00e9rio P\u00fablico Federal para apura\u00e7\u00e3o das responsabilidades penais dos envolvidos.<\/p>\n","protected":false},"excerpt":{"rendered":"<p>Resgatados trabalhavam em duas fazendas de caf\u00e9 em Campos Altos e Santa Rosa da Serra Opera\u00e7\u00e3o de fiscaliza\u00e7\u00e3o no interior de Minas Gerais resgatou 59 trabalhadores de condi\u00e7\u00e3o de trabalho an\u00e1logo ao escravo no final de agosto. Eles trabalhavam em cafezais nos munic\u00edpios de Campos Altos e Santa Rosa da Serra e retiravam, de forma&#8230;<\/p>\n","protected":false},"author":1,"featured_media":0,"comment_status":"closed","ping_status":"closed","sticky":false,"template":"","format":"standard","meta":{"_monsterinsights_skip_tracking":false,"_monsterinsights_sitenote_active":false,"_monsterinsights_sitenote_note":"","_monsterinsights_sitenote_category":0,"magazine_newspaper_sidebar_layout":"","footnotes":"","jetpack_publicize_message":"","jetpack_publicize_feature_enabled":true,"jetpack_social_post_already_shared":false,"jetpack_social_options":{"image_generator_settings":{"template":"highway","default_image_id":0,"font":"","enabled":false},"version":2}},"categories":[68],"tags":[907,906],"class_list":["post-4946","post","type-post","status-publish","format-standard","hentry","category-justica","tag-fazenda-de-cafe","tag-trabalho-escravo"],"aioseo_notices":[],"jetpack_publicize_connections":[],"jetpack_featured_media_url":"","jetpack_sharing_enabled":true,"jetpack_likes_enabled":true,"jetpack-related-posts":[],"jetpack_shortlink":"https:\/\/wp.me\/pfB4mB-1hM","_links":{"self":[{"href":"https:\/\/tvnovelas.com.br\/news\/wp-json\/wp\/v2\/posts\/4946","targetHints":{"allow":["GET"]}}],"collection":[{"href":"https:\/\/tvnovelas.com.br\/news\/wp-json\/wp\/v2\/posts"}],"about":[{"href":"https:\/\/tvnovelas.com.br\/news\/wp-json\/wp\/v2\/types\/post"}],"author":[{"embeddable":true,"href":"https:\/\/tvnovelas.com.br\/news\/wp-json\/wp\/v2\/users\/1"}],"replies":[{"embeddable":true,"href":"https:\/\/tvnovelas.com.br\/news\/wp-json\/wp\/v2\/comments?post=4946"}],"version-history":[{"count":1,"href":"https:\/\/tvnovelas.com.br\/news\/wp-json\/wp\/v2\/posts\/4946\/revisions"}],"predecessor-version":[{"id":4947,"href":"https:\/\/tvnovelas.com.br\/news\/wp-json\/wp\/v2\/posts\/4946\/revisions\/4947"}],"wp:attachment":[{"href":"https:\/\/tvnovelas.com.br\/news\/wp-json\/wp\/v2\/media?parent=4946"}],"wp:term":[{"taxonomy":"category","embeddable":true,"href":"https:\/\/tvnovelas.com.br\/news\/wp-json\/wp\/v2\/categories?post=4946"},{"taxonomy":"post_tag","embeddable":true,"href":"https:\/\/tvnovelas.com.br\/news\/wp-json\/wp\/v2\/tags?post=4946"}],"curies":[{"name":"wp","href":"https:\/\/api.w.org\/{rel}","templated":true}]}}