{"id":4900,"date":"2019-08-31T09:13:24","date_gmt":"2019-08-31T12:13:24","guid":{"rendered":"https:\/\/tvnovelas.com.br\/news\/mundo\/?p=4900"},"modified":"2019-08-31T09:13:24","modified_gmt":"2019-08-31T12:13:24","slug":"taxa-de-emprego-no-turismo-cresce-58-de-maio-a-julho","status":"publish","type":"post","link":"https:\/\/tvnovelas.com.br\/news\/taxa-de-emprego-no-turismo-cresce-58-de-maio-a-julho\/","title":{"rendered":"Taxa de emprego no turismo cresce 5,8% de maio a julho"},"content":{"rendered":"<p>N\u00famero acompanha crescimento que acontece desde abril no segmento \u2018alojamento e alimenta\u00e7\u00e3o\u2019<br \/>\n<a href=\"https:\/\/i0.wp.com\/tvnovelas.com.br\/news\/mundo\/wp-content\/uploads\/2019\/08\/geral462.jpg?ssl=1\"><img data-recalc-dims=\"1\" loading=\"lazy\" decoding=\"async\" src=\"https:\/\/i0.wp.com\/tvnovelas.com.br\/news\/mundo\/wp-content\/uploads\/2019\/08\/geral462.jpg?resize=500%2C334&#038;ssl=1\" alt=\"Foto ilustrativa de ocupa\u00e7\u00f5es no turismo\" width=\"500\" height=\"334\" class=\"alignnone wp-image-4901 size-full\" title=\"(Arte: Vanessa Castro\/MinTur)\" srcset=\"https:\/\/i0.wp.com\/tvnovelas.com.br\/news\/wp-content\/uploads\/2019\/08\/geral462.jpg?w=500&amp;ssl=1 500w, https:\/\/i0.wp.com\/tvnovelas.com.br\/news\/wp-content\/uploads\/2019\/08\/geral462.jpg?resize=300%2C200&amp;ssl=1 300w, https:\/\/i0.wp.com\/tvnovelas.com.br\/news\/wp-content\/uploads\/2019\/08\/geral462.jpg?resize=450%2C300&amp;ssl=1 450w, https:\/\/i0.wp.com\/tvnovelas.com.br\/news\/wp-content\/uploads\/2019\/08\/geral462.jpg?resize=360%2C240&amp;ssl=1 360w\" sizes=\"auto, (max-width: 500px) 100vw, 500px\" \/><\/a><\/p>\n<p>Dados da Pesquisa Nacional por Amostra de Domic\u00edlios Cont\u00ednua \u2013 PNAD-C, realizada pelo IBGE (Instituto Brasileiro de Geografia e Estat\u00edstica), apontam que o turismo brasileiro segue em crescimento. Os n\u00fameros divulgados nesta sexta-feira (30) mostram que o setor teve alta de 5,8% no n\u00famero de trabalhadores na categoria \u2018alojamento e alimenta\u00e7\u00e3o\u2019, entre maio e julho de 2019. A compara\u00e7\u00e3o \u00e9 com o mesmo per\u00edodo do ano passado.<\/p>\n<p>Os resultados acompanham o crescimento do turismo que acontece desde abril deste ano, quando a pesquisa registrou tamb\u00e9m uma alta na taxa de emprego de 4,4% no segundo trimestre. Al\u00e9m disso, desde o segundo trimestre de 2012 at\u00e9 o mesmo per\u00edodo neste ano, o segmento que mais teve participa\u00e7\u00e3o de trabalhadores no pa\u00eds foi o de alojamento e alimenta\u00e7\u00e3o, item ligado ao turismo.<\/p>\n<p>Outras categorias do setor, segundo classifica\u00e7\u00e3o do IBGE, est\u00e3o na categoria \u2018Outros servi\u00e7os\u2019 que tamb\u00e9m apresentou alta no n\u00famero de trabalhadores de 5,3%. Em agenda na cidade de Tiradentes (MG) para o 22\u00ba Festival Cultura e Gastronomia, o ministro do Turismo, Marcelo \u00c1lvaro Ant\u00f4nio, destacou que as conquistas s\u00e3o fruto de a\u00e7\u00f5es que vem sendo implementadas pelo MTur e pelo governo federal ao longo destes sete meses de gest\u00e3o.<\/p>\n<p>Em junho deste ano, o Minist\u00e9rio do Turismo fechou uma parceria com o IBGE para incluir nos question\u00e1rios aplicados pelos agentes da PNAD Cont\u00ednua, a partir das pr\u00f3ximas visitas domiciliares, perguntas sobre o turismo no pa\u00eds. O acordo vai permitir a inclus\u00e3o de at\u00e9 48 perguntas sobre o setor de Viagens nos question\u00e1rios.<br \/>\n<em>*Fonte: Minist\u00e9rio do turismo<\/em><\/p>\n","protected":false},"excerpt":{"rendered":"<p>N\u00famero acompanha crescimento que acontece desde abril no segmento \u2018alojamento e alimenta\u00e7\u00e3o\u2019 Dados da Pesquisa Nacional por Amostra de Domic\u00edlios Cont\u00ednua \u2013 PNAD-C, realizada pelo IBGE (Instituto Brasileiro de Geografia e Estat\u00edstica), apontam que o turismo brasileiro segue em crescimento. Os n\u00fameros divulgados nesta sexta-feira (30) mostram que o setor teve alta de 5,8% no&#8230;<\/p>\n","protected":false},"author":1,"featured_media":0,"comment_status":"closed","ping_status":"closed","sticky":false,"template":"","format":"standard","meta":{"_monsterinsights_skip_tracking":false,"_monsterinsights_sitenote_active":false,"_monsterinsights_sitenote_note":"","_monsterinsights_sitenote_category":0,"magazine_newspaper_sidebar_layout":"","footnotes":"","jetpack_publicize_message":"","jetpack_publicize_feature_enabled":true,"jetpack_social_post_already_shared":false,"jetpack_social_options":{"image_generator_settings":{"template":"highway","default_image_id":0,"font":"","enabled":false},"version":2}},"categories":[1],"tags":[],"class_list":["post-4900","post","type-post","status-publish","format-standard","hentry","category-blog"],"aioseo_notices":[],"jetpack_publicize_connections":[],"jetpack_featured_media_url":"","jetpack_sharing_enabled":true,"jetpack_likes_enabled":true,"jetpack-related-posts":[],"jetpack_shortlink":"https:\/\/wp.me\/pfB4mB-1h2","_links":{"self":[{"href":"https:\/\/tvnovelas.com.br\/news\/wp-json\/wp\/v2\/posts\/4900","targetHints":{"allow":["GET"]}}],"collection":[{"href":"https:\/\/tvnovelas.com.br\/news\/wp-json\/wp\/v2\/posts"}],"about":[{"href":"https:\/\/tvnovelas.com.br\/news\/wp-json\/wp\/v2\/types\/post"}],"author":[{"embeddable":true,"href":"https:\/\/tvnovelas.com.br\/news\/wp-json\/wp\/v2\/users\/1"}],"replies":[{"embeddable":true,"href":"https:\/\/tvnovelas.com.br\/news\/wp-json\/wp\/v2\/comments?post=4900"}],"version-history":[{"count":2,"href":"https:\/\/tvnovelas.com.br\/news\/wp-json\/wp\/v2\/posts\/4900\/revisions"}],"predecessor-version":[{"id":4903,"href":"https:\/\/tvnovelas.com.br\/news\/wp-json\/wp\/v2\/posts\/4900\/revisions\/4903"}],"wp:attachment":[{"href":"https:\/\/tvnovelas.com.br\/news\/wp-json\/wp\/v2\/media?parent=4900"}],"wp:term":[{"taxonomy":"category","embeddable":true,"href":"https:\/\/tvnovelas.com.br\/news\/wp-json\/wp\/v2\/categories?post=4900"},{"taxonomy":"post_tag","embeddable":true,"href":"https:\/\/tvnovelas.com.br\/news\/wp-json\/wp\/v2\/tags?post=4900"}],"curies":[{"name":"wp","href":"https:\/\/api.w.org\/{rel}","templated":true}]}}